



{"id":10741,"date":"2019-10-23T09:47:42","date_gmt":"2019-10-23T07:47:42","guid":{"rendered":"https:\/\/totenart.com\/noticias\/?p=10741"},"modified":"2019-10-24T09:25:54","modified_gmt":"2019-10-24T07:25:54","slug":"miguel-galbis-inaugura-exposicion","status":"publish","type":"post","link":"https:\/\/totenart.com\/noticias\/miguel-galbis-inaugura-exposicion\/","title":{"rendered":"Miguel Galbis inaugura exposici\u00f3n!"},"content":{"rendered":"<p>Seguramente su nombre te suene \u00a1Y no es para menos! Hablamos del artista que ha dise\u00f1ado los Tapices de Flor de la Virgen durante m\u00e1s de 30 a\u00f1os. Hoy queremos hablaros de pr\u00f3xima exposici\u00f3n de Miguel Galbis Silvestre, sigue leyendo y no te pierdas nada de lo nuevo de este artista valenciano:<\/p>\n<h2><span class=\"ez-toc-section\" id=\"Exposicion_de_pinturas_Miguel_Galbis\"><\/span>Exposici\u00f3n de pinturas: Miguel Galbis<span class=\"ez-toc-section-end\"><\/span><\/h2>\n<p>El<strong> 30 de octubre<\/strong> se inaugurar\u00e1 en Valencia la nueva exposici\u00f3n del artista <strong>Miguel Galbis Silvestre<\/strong>. Desde ese d\u00eda y hasta el <strong>30 de noviembre<\/strong> podr\u00e1s visitar su muestra en la sala de exposiciones de la <strong>Asociaci\u00f3n de Jubilados y Pre jubilados del Banco Santander de Valencia.<\/strong><\/p>\n<p style=\"text-align: center;\"><a href=\"https:\/\/totenart.com\/noticias\/wp-content\/uploads\/2019\/10\/DORADOS-130X163-CM.jpg\" target=\"_blank\" rel=\"noopener noreferrer\"><img loading=\"lazy\" decoding=\"async\" class=\"alignnone wp-image-10764\" src=\"https:\/\/totenart.com\/noticias\/wp-content\/uploads\/2019\/10\/DORADOS-130X163-CM-300x245.jpg\" alt=\"totenart-miguel-galbis\" width=\"533\" height=\"435\" srcset=\"https:\/\/totenart.com\/noticias\/wp-content\/uploads\/2019\/10\/DORADOS-130X163-CM-300x245.jpg 300w, https:\/\/totenart.com\/noticias\/wp-content\/uploads\/2019\/10\/DORADOS-130X163-CM-768x627.jpg 768w, https:\/\/totenart.com\/noticias\/wp-content\/uploads\/2019\/10\/DORADOS-130X163-CM-1024x836.jpg 1024w\" sizes=\"auto, (max-width: 533px) 100vw, 533px\" \/><\/a><\/p>\n<p style=\"text-align: center;\"><em>Composici\u00f3n en Dorados. <\/em>\u00d3leo sobre lienzo 130&#215;163 cm<\/p>\n<p>La Asociaci\u00f3n se complace en presentar las obras del artista, pintor, profesor y art\u00edfice de los maravillosos tapices de Flor de la Virgen en Valencia durante m\u00e1s de 30 a\u00f1os. Galbis es Doctor en Bellas Artes por la UPV y profesor <em>(jubilado)<\/em> en la Universidad Jaime I. Adem\u00e1s, ha impartido docencia en ITDI. El artista destaca por su esp\u00edritu creativo, su pasi\u00f3n por el arte y el dise\u00f1o y la literatura. Le encanta viajar y conocer otras culturas y, adem\u00e1s, es un gran preocupado por la defensa del medio ambiente.<\/p>\n<h3><span class=\"ez-toc-section\" id=\"Trayectoria_del_artista\"><\/span>Trayectoria del artista<span class=\"ez-toc-section-end\"><\/span><\/h3>\n<p>Para hablar de la exposici\u00f3n, cabe destacar la importancia de este artista que se abri\u00f3 paso en este mundo desde una edad muy temprana. Miguel Galbis comenz\u00f3 muy pronto a pintar, obtuvo diversos premios juveniles a\u00fan fabric\u00e1ndose sus propios materiales. En el 62 inici\u00f3 sus estudios de Bellas Artes y conoci\u00f3 a su Maestro, Enrique Ginesta quien le introdujo en el mundo de los Tapices de Flor de la Virgen. Con los a\u00f1os, adem\u00e1s, colabor\u00f3 con artesanos falleros donde aprende t\u00e9cnicas de pintura y modelado.<\/p>\n<p>En 1964 el artista realiza la primera de sus exposiciones individuales con las que contin\u00faa hasta 2017. Con el tiempo adem\u00e1s, el artista valenciano trabaja de la mano de su Maestro Ginesta apoy\u00e1ndolo con sus \u00faltimos Tapices. Con el tiempo ser\u00eda el mismo Galbis quien realizara estos durante m\u00e1s de 30 a\u00f1os. Cabe destacar que Miguel Galbis termin\u00f3 sus estudios de Bellas Artes con un Premio Extraordinario del Estado de Fin de Carrera.<\/p>\n<p style=\"text-align: center;\"><a href=\"https:\/\/totenart.com\/noticias\/wp-content\/uploads\/2019\/10\/totenart-cabecera-miguel-galbis-2.jpg\" target=\"_blank\" rel=\"noopener noreferrer\"><img loading=\"lazy\" decoding=\"async\" class=\"alignnone wp-image-10759\" src=\"https:\/\/totenart.com\/noticias\/wp-content\/uploads\/2019\/10\/totenart-cabecera-miguel-galbis-2-300x101.jpg\" alt=\"totenart-caballos-miguel-galbis\" width=\"746\" height=\"251\" srcset=\"https:\/\/totenart.com\/noticias\/wp-content\/uploads\/2019\/10\/totenart-cabecera-miguel-galbis-2-300x101.jpg 300w, https:\/\/totenart.com\/noticias\/wp-content\/uploads\/2019\/10\/totenart-cabecera-miguel-galbis-2-768x259.jpg 768w, https:\/\/totenart.com\/noticias\/wp-content\/uploads\/2019\/10\/totenart-cabecera-miguel-galbis-2-1024x345.jpg 1024w, https:\/\/totenart.com\/noticias\/wp-content\/uploads\/2019\/10\/totenart-cabecera-miguel-galbis-2.jpg 1365w\" sizes=\"auto, (max-width: 746px) 100vw, 746px\" \/><\/a><\/p>\n<p>La obra del artista, como \u00e9l mismo dice, siempre ha representado un comenzar de nuevo, una b\u00fasqueda de aprendizaje. Las figuras que pueblan sus obras son sus fieles compa\u00f1eras desde hace mucho tiempo. Criaturas que no armonizan pero cohabitan y naturalezas muertas o paisajes. Por otra parte, el artista se siente atra\u00eddo por las figuras del toro y caballo. Esta atracci\u00f3n se puede observar en una de sus obras m\u00e1s llamativas. <em>Caballos en Libertad<\/em> es una obra compuesta por 7 lienzos de 100 x 81 y muestra la belleza de estos animales en plena libertad:<\/p>\n<p style=\"text-align: center;\"><a href=\"https:\/\/totenart.com\/noticias\/wp-content\/uploads\/2019\/10\/CABALLOS-EN-LIBERTAD.jpg\" target=\"_blank\" rel=\"noopener noreferrer\"><img loading=\"lazy\" decoding=\"async\" class=\"alignnone wp-image-10766\" src=\"https:\/\/totenart.com\/noticias\/wp-content\/uploads\/2019\/10\/CABALLOS-EN-LIBERTAD-300x35.jpg\" alt=\"totenart-caballo-miguel\" width=\"737\" height=\"86\" srcset=\"https:\/\/totenart.com\/noticias\/wp-content\/uploads\/2019\/10\/CABALLOS-EN-LIBERTAD-300x35.jpg 300w, https:\/\/totenart.com\/noticias\/wp-content\/uploads\/2019\/10\/CABALLOS-EN-LIBERTAD-768x90.jpg 768w, https:\/\/totenart.com\/noticias\/wp-content\/uploads\/2019\/10\/CABALLOS-EN-LIBERTAD-1024x120.jpg 1024w\" sizes=\"auto, (max-width: 737px) 100vw, 737px\" \/><\/a><\/p>\n<p style=\"text-align: center;\"><a href=\"https:\/\/totenart.com\/noticias\/wp-content\/uploads\/2019\/10\/obra-galbis-1.png\" target=\"_blank\" rel=\"noopener noreferrer\"><img loading=\"lazy\" decoding=\"async\" class=\"alignnone wp-image-10755 size-medium\" src=\"https:\/\/totenart.com\/noticias\/wp-content\/uploads\/2019\/10\/obra-galbis-1-300x252.png\" alt=\"totenart-obra-artista-\" width=\"300\" height=\"252\" srcset=\"https:\/\/totenart.com\/noticias\/wp-content\/uploads\/2019\/10\/obra-galbis-1-300x252.png 300w, https:\/\/totenart.com\/noticias\/wp-content\/uploads\/2019\/10\/obra-galbis-1.png 706w\" sizes=\"auto, (max-width: 300px) 100vw, 300px\" \/><\/a> <a href=\"https:\/\/totenart.com\/noticias\/wp-content\/uploads\/2019\/10\/AJOS-Y-CEBOLLAS.jpg\" target=\"_blank\" rel=\"noopener noreferrer\"><img loading=\"lazy\" decoding=\"async\" class=\"alignnone wp-image-10779\" src=\"https:\/\/totenart.com\/noticias\/wp-content\/uploads\/2019\/10\/AJOS-Y-CEBOLLAS-300x300.jpg\" alt=\"TOTENART-ajos-y-cebollas\" width=\"253\" height=\"253\" srcset=\"https:\/\/totenart.com\/noticias\/wp-content\/uploads\/2019\/10\/AJOS-Y-CEBOLLAS-300x300.jpg 300w, https:\/\/totenart.com\/noticias\/wp-content\/uploads\/2019\/10\/AJOS-Y-CEBOLLAS-150x150.jpg 150w, https:\/\/totenart.com\/noticias\/wp-content\/uploads\/2019\/10\/AJOS-Y-CEBOLLAS-768x768.jpg 768w, https:\/\/totenart.com\/noticias\/wp-content\/uploads\/2019\/10\/AJOS-Y-CEBOLLAS-1024x1024.jpg 1024w\" sizes=\"auto, (max-width: 253px) 100vw, 253px\" \/><\/a><\/p>\n<p>\u00bfConoc\u00edas la trayectoria de este gran artista? \u00bfTe animas a pasarte por la expo?<\/p>\n<p>Esperamos tus comentarios!<\/p>\n<p>Por si no sabes d\u00f3nde es la exposici\u00f3n te dejo por aqu\u00ed la direcci\u00f3n completa:<br \/>\nAvenida del Oeste, 38, 2\u00ba, 3\u00aa<br \/>\nValencia, 46001 Tel\u00e9fono: 963945002<br \/>\nAsociaci\u00f3n de Jubilados y Prejubilados<br \/>\nSala de exposiciones<\/p>\n<div id=\"ez-toc-container\" class=\"ez-toc-v2_0_82_1 counter-hierarchy ez-toc-counter ez-toc-grey ez-toc-container-direction\">\n<div class=\"ez-toc-title-container\">\n<p class=\"ez-toc-title\" style=\"cursor:inherit\">Tabla de contenidos<\/p>\n<span class=\"ez-toc-title-toggle\"><a href=\"#\" class=\"ez-toc-pull-right ez-toc-btn ez-toc-btn-xs ez-toc-btn-default ez-toc-toggle\" aria-label=\"Alternar tabla de contenidos\"><span class=\"ez-toc-js-icon-con\"><span class=\"\"><span class=\"eztoc-hide\" style=\"display:none;\">Toggle<\/span><span class=\"ez-toc-icon-toggle-span\"><svg style=\"fill: #999;color:#999\" xmlns=\"http:\/\/www.w3.org\/2000\/svg\" class=\"list-377408\" width=\"20px\" height=\"20px\" viewBox=\"0 0 24 24\" fill=\"none\"><path d=\"M6 6H4v2h2V6zm14 0H8v2h12V6zM4 11h2v2H4v-2zm16 0H8v2h12v-2zM4 16h2v2H4v-2zm16 0H8v2h12v-2z\" fill=\"currentColor\"><\/path><\/svg><svg style=\"fill: #999;color:#999\" class=\"arrow-unsorted-368013\" xmlns=\"http:\/\/www.w3.org\/2000\/svg\" width=\"10px\" height=\"10px\" viewBox=\"0 0 24 24\" version=\"1.2\" baseProfile=\"tiny\"><path d=\"M18.2 9.3l-6.2-6.3-6.2 6.3c-.2.2-.3.4-.3.7s.1.5.3.7c.2.2.4.3.7.3h11c.3 0 .5-.1.7-.3.2-.2.3-.5.3-.7s-.1-.5-.3-.7zM5.8 14.7l6.2 6.3 6.2-6.3c.2-.2.3-.5.3-.7s-.1-.5-.3-.7c-.2-.2-.4-.3-.7-.3h-11c-.3 0-.5.1-.7.3-.2.2-.3.5-.3.7s.1.5.3.7z\"\/><\/svg><\/span><\/span><\/span><\/a><\/span><\/div>\n<nav><ul class='ez-toc-list ez-toc-list-level-1 ' ><li class='ez-toc-page-1 ez-toc-heading-level-2'><a class=\"ez-toc-link ez-toc-heading-1\" href=\"https:\/\/totenart.com\/noticias\/miguel-galbis-inaugura-exposicion\/#Exposicion_de_pinturas_Miguel_Galbis\" >Exposici\u00f3n de pinturas: Miguel Galbis<\/a><ul class='ez-toc-list-level-3' ><li class='ez-toc-heading-level-3'><a class=\"ez-toc-link ez-toc-heading-2\" href=\"https:\/\/totenart.com\/noticias\/miguel-galbis-inaugura-exposicion\/#Trayectoria_del_artista\" >Trayectoria del artista<\/a><\/li><\/ul><\/li><\/ul><\/nav><\/div>\n","protected":false},"excerpt":{"rendered":"<p>Seguramente su nombre te suene \u00a1Y no es para menos! Hablamos del artista que ha dise\u00f1ado los Tapices de Flor de la Virgen durante m\u00e1s de 30 a\u00f1os. Hoy queremos hablaros de pr\u00f3xima exposici\u00f3n de Miguel Galbis Silvestre, sigue leyendo y no te pierdas nada de lo nuevo de este artista valenciano: Exposici\u00f3n de pinturas: [&hellip;]<\/p>\n","protected":false},"author":13,"featured_media":10750,"comment_status":"open","ping_status":"open","sticky":false,"template":"","format":"standard","meta":{"footnotes":""},"categories":[8,697],"tags":[11,1239,132,1438,561,6],"class_list":["post-10741","post","type-post","status-publish","format-standard","has-post-thumbnail","hentry","category-artista-destacado","category-exposicion","tag-artista","tag-bellas-artes","tag-exposicion","tag-miguel-galbis","tag-upv","tag-valencia"],"yoast_head":"<!-- This site is optimized with the Yoast SEO plugin v27.2 - https:\/\/yoast.com\/product\/yoast-seo-wordpress\/ -->\n<title>Miguel Galbis inaugura exposici\u00f3n! - Noticias de Arte Totenart<\/title>\n<meta name=\"description\" content=\"El artista Miguel Galbis inaugura una exposici\u00f3n en la ciudad de Valencia que no te puedes perder! Te contamos todo lo que debes saber.\" \/>\n<meta name=\"robots\" content=\"index, follow, max-snippet:-1, max-image-preview:large, max-video-preview:-1\" \/>\n<link rel=\"canonical\" href=\"https:\/\/totenart.com\/noticias\/miguel-galbis-inaugura-exposicion\/\" \/>\n<meta property=\"og:locale\" content=\"es_ES\" \/>\n<meta property=\"og:type\" content=\"article\" \/>\n<meta property=\"og:title\" content=\"Miguel Galbis inaugura exposici\u00f3n! - Noticias de Arte Totenart\" \/>\n<meta property=\"og:description\" content=\"El artista Miguel Galbis inaugura una exposici\u00f3n en la ciudad de Valencia que no te puedes perder! Te contamos todo lo que debes saber.\" \/>\n<meta property=\"og:url\" content=\"https:\/\/totenart.com\/noticias\/miguel-galbis-inaugura-exposicion\/\" \/>\n<meta property=\"og:site_name\" content=\"Noticias de Arte Totenart\" \/>\n<meta property=\"article:published_time\" content=\"2019-10-23T07:47:42+00:00\" \/>\n<meta property=\"article:modified_time\" content=\"2019-10-24T07:25:54+00:00\" \/>\n<meta property=\"og:image\" content=\"https:\/\/totenart.com\/noticias\/wp-content\/uploads\/2019\/10\/oleo-miguel-galbis.totenart.jpg\" \/>\n\t<meta property=\"og:image:width\" content=\"629\" \/>\n\t<meta property=\"og:image:height\" content=\"545\" \/>\n\t<meta property=\"og:image:type\" content=\"image\/jpeg\" \/>\n<meta name=\"author\" content=\"Sara\" \/>\n<meta name=\"twitter:label1\" content=\"Escrito por\" \/>\n\t<meta name=\"twitter:data1\" content=\"Sara\" \/>\n\t<meta name=\"twitter:label2\" content=\"Tiempo de lectura\" \/>\n\t<meta name=\"twitter:data2\" content=\"3 minutos\" \/>\n<script type=\"application\/ld+json\" class=\"yoast-schema-graph\">{\"@context\":\"https:\/\/schema.org\",\"@graph\":[{\"@type\":\"Article\",\"@id\":\"https:\/\/totenart.com\/noticias\/miguel-galbis-inaugura-exposicion\/#article\",\"isPartOf\":{\"@id\":\"https:\/\/totenart.com\/noticias\/miguel-galbis-inaugura-exposicion\/\"},\"author\":{\"name\":\"Sara\",\"@id\":\"https:\/\/totenart.com\/noticias\/#\/schema\/person\/622627e79260ed84a9882a6e3cc51a65\"},\"headline\":\"Miguel Galbis inaugura exposici\u00f3n!\",\"datePublished\":\"2019-10-23T07:47:42+00:00\",\"dateModified\":\"2019-10-24T07:25:54+00:00\",\"mainEntityOfPage\":{\"@id\":\"https:\/\/totenart.com\/noticias\/miguel-galbis-inaugura-exposicion\/\"},\"wordCount\":540,\"commentCount\":0,\"image\":{\"@id\":\"https:\/\/totenart.com\/noticias\/miguel-galbis-inaugura-exposicion\/#primaryimage\"},\"thumbnailUrl\":\"https:\/\/totenart.com\/noticias\/wp-content\/uploads\/2019\/10\/oleo-miguel-galbis.totenart.jpg\",\"keywords\":[\"Artista\",\"Bellas Artes\",\"exposici\u00f3n\",\"Miguel Galbis\",\"UPV\",\"valencia\"],\"articleSection\":[\"Artista destacado\",\"Exposici\u00f3n\"],\"inLanguage\":\"es\",\"potentialAction\":[{\"@type\":\"CommentAction\",\"name\":\"Comment\",\"target\":[\"https:\/\/totenart.com\/noticias\/miguel-galbis-inaugura-exposicion\/#respond\"]}]},{\"@type\":\"WebPage\",\"@id\":\"https:\/\/totenart.com\/noticias\/miguel-galbis-inaugura-exposicion\/\",\"url\":\"https:\/\/totenart.com\/noticias\/miguel-galbis-inaugura-exposicion\/\",\"name\":\"Miguel Galbis inaugura exposici\u00f3n! - Noticias de Arte Totenart\",\"isPartOf\":{\"@id\":\"https:\/\/totenart.com\/noticias\/#website\"},\"primaryImageOfPage\":{\"@id\":\"https:\/\/totenart.com\/noticias\/miguel-galbis-inaugura-exposicion\/#primaryimage\"},\"image\":{\"@id\":\"https:\/\/totenart.com\/noticias\/miguel-galbis-inaugura-exposicion\/#primaryimage\"},\"thumbnailUrl\":\"https:\/\/totenart.com\/noticias\/wp-content\/uploads\/2019\/10\/oleo-miguel-galbis.totenart.jpg\",\"datePublished\":\"2019-10-23T07:47:42+00:00\",\"dateModified\":\"2019-10-24T07:25:54+00:00\",\"author\":{\"@id\":\"https:\/\/totenart.com\/noticias\/#\/schema\/person\/622627e79260ed84a9882a6e3cc51a65\"},\"description\":\"El artista Miguel Galbis inaugura una exposici\u00f3n en la ciudad de Valencia que no te puedes perder! Te contamos todo lo que debes saber.\",\"breadcrumb\":{\"@id\":\"https:\/\/totenart.com\/noticias\/miguel-galbis-inaugura-exposicion\/#breadcrumb\"},\"inLanguage\":\"es\",\"potentialAction\":[{\"@type\":\"ReadAction\",\"target\":[\"https:\/\/totenart.com\/noticias\/miguel-galbis-inaugura-exposicion\/\"]}]},{\"@type\":\"ImageObject\",\"inLanguage\":\"es\",\"@id\":\"https:\/\/totenart.com\/noticias\/miguel-galbis-inaugura-exposicion\/#primaryimage\",\"url\":\"https:\/\/totenart.com\/noticias\/wp-content\/uploads\/2019\/10\/oleo-miguel-galbis.totenart.jpg\",\"contentUrl\":\"https:\/\/totenart.com\/noticias\/wp-content\/uploads\/2019\/10\/oleo-miguel-galbis.totenart.jpg\",\"width\":629,\"height\":545},{\"@type\":\"BreadcrumbList\",\"@id\":\"https:\/\/totenart.com\/noticias\/miguel-galbis-inaugura-exposicion\/#breadcrumb\",\"itemListElement\":[{\"@type\":\"ListItem\",\"position\":1,\"name\":\"Portada\",\"item\":\"https:\/\/totenart.com\/noticias\/\"},{\"@type\":\"ListItem\",\"position\":2,\"name\":\"Miguel Galbis inaugura exposici\u00f3n!\"}]},{\"@type\":\"WebSite\",\"@id\":\"https:\/\/totenart.com\/noticias\/#website\",\"url\":\"https:\/\/totenart.com\/noticias\/\",\"name\":\"Noticias de Arte Totenart\",\"description\":\"Blog de noticias del mundo del arte: exposiciones, eventos, nuevos productos y materiales para artistas...\",\"potentialAction\":[{\"@type\":\"SearchAction\",\"target\":{\"@type\":\"EntryPoint\",\"urlTemplate\":\"https:\/\/totenart.com\/noticias\/?s={search_term_string}\"},\"query-input\":{\"@type\":\"PropertyValueSpecification\",\"valueRequired\":true,\"valueName\":\"search_term_string\"}}],\"inLanguage\":\"es\"},{\"@type\":\"Person\",\"@id\":\"https:\/\/totenart.com\/noticias\/#\/schema\/person\/622627e79260ed84a9882a6e3cc51a65\",\"name\":\"Sara\",\"image\":{\"@type\":\"ImageObject\",\"inLanguage\":\"es\",\"@id\":\"https:\/\/secure.gravatar.com\/avatar\/d501f370233ead0a61cfbd4b3b725cd713b3051133beb9360a17501a2bb17172?s=96&d=blank&r=r\",\"url\":\"https:\/\/secure.gravatar.com\/avatar\/d501f370233ead0a61cfbd4b3b725cd713b3051133beb9360a17501a2bb17172?s=96&d=blank&r=r\",\"contentUrl\":\"https:\/\/secure.gravatar.com\/avatar\/d501f370233ead0a61cfbd4b3b725cd713b3051133beb9360a17501a2bb17172?s=96&d=blank&r=r\",\"caption\":\"Sara\"},\"url\":\"https:\/\/totenart.com\/noticias\/author\/sara\/\"}]}<\/script>\n<!-- \/ Yoast SEO plugin. -->","yoast_head_json":{"title":"Miguel Galbis inaugura exposici\u00f3n! - Noticias de Arte Totenart","description":"El artista Miguel Galbis inaugura una exposici\u00f3n en la ciudad de Valencia que no te puedes perder! Te contamos todo lo que debes saber.","robots":{"index":"index","follow":"follow","max-snippet":"max-snippet:-1","max-image-preview":"max-image-preview:large","max-video-preview":"max-video-preview:-1"},"canonical":"https:\/\/totenart.com\/noticias\/miguel-galbis-inaugura-exposicion\/","og_locale":"es_ES","og_type":"article","og_title":"Miguel Galbis inaugura exposici\u00f3n! - Noticias de Arte Totenart","og_description":"El artista Miguel Galbis inaugura una exposici\u00f3n en la ciudad de Valencia que no te puedes perder! Te contamos todo lo que debes saber.","og_url":"https:\/\/totenart.com\/noticias\/miguel-galbis-inaugura-exposicion\/","og_site_name":"Noticias de Arte Totenart","article_published_time":"2019-10-23T07:47:42+00:00","article_modified_time":"2019-10-24T07:25:54+00:00","og_image":[{"width":629,"height":545,"url":"https:\/\/totenart.com\/noticias\/wp-content\/uploads\/2019\/10\/oleo-miguel-galbis.totenart.jpg","type":"image\/jpeg"}],"author":"Sara","twitter_misc":{"Escrito por":"Sara","Tiempo de lectura":"3 minutos"},"schema":{"@context":"https:\/\/schema.org","@graph":[{"@type":"Article","@id":"https:\/\/totenart.com\/noticias\/miguel-galbis-inaugura-exposicion\/#article","isPartOf":{"@id":"https:\/\/totenart.com\/noticias\/miguel-galbis-inaugura-exposicion\/"},"author":{"name":"Sara","@id":"https:\/\/totenart.com\/noticias\/#\/schema\/person\/622627e79260ed84a9882a6e3cc51a65"},"headline":"Miguel Galbis inaugura exposici\u00f3n!","datePublished":"2019-10-23T07:47:42+00:00","dateModified":"2019-10-24T07:25:54+00:00","mainEntityOfPage":{"@id":"https:\/\/totenart.com\/noticias\/miguel-galbis-inaugura-exposicion\/"},"wordCount":540,"commentCount":0,"image":{"@id":"https:\/\/totenart.com\/noticias\/miguel-galbis-inaugura-exposicion\/#primaryimage"},"thumbnailUrl":"https:\/\/totenart.com\/noticias\/wp-content\/uploads\/2019\/10\/oleo-miguel-galbis.totenart.jpg","keywords":["Artista","Bellas Artes","exposici\u00f3n","Miguel Galbis","UPV","valencia"],"articleSection":["Artista destacado","Exposici\u00f3n"],"inLanguage":"es","potentialAction":[{"@type":"CommentAction","name":"Comment","target":["https:\/\/totenart.com\/noticias\/miguel-galbis-inaugura-exposicion\/#respond"]}]},{"@type":"WebPage","@id":"https:\/\/totenart.com\/noticias\/miguel-galbis-inaugura-exposicion\/","url":"https:\/\/totenart.com\/noticias\/miguel-galbis-inaugura-exposicion\/","name":"Miguel Galbis inaugura exposici\u00f3n! - Noticias de Arte Totenart","isPartOf":{"@id":"https:\/\/totenart.com\/noticias\/#website"},"primaryImageOfPage":{"@id":"https:\/\/totenart.com\/noticias\/miguel-galbis-inaugura-exposicion\/#primaryimage"},"image":{"@id":"https:\/\/totenart.com\/noticias\/miguel-galbis-inaugura-exposicion\/#primaryimage"},"thumbnailUrl":"https:\/\/totenart.com\/noticias\/wp-content\/uploads\/2019\/10\/oleo-miguel-galbis.totenart.jpg","datePublished":"2019-10-23T07:47:42+00:00","dateModified":"2019-10-24T07:25:54+00:00","author":{"@id":"https:\/\/totenart.com\/noticias\/#\/schema\/person\/622627e79260ed84a9882a6e3cc51a65"},"description":"El artista Miguel Galbis inaugura una exposici\u00f3n en la ciudad de Valencia que no te puedes perder! Te contamos todo lo que debes saber.","breadcrumb":{"@id":"https:\/\/totenart.com\/noticias\/miguel-galbis-inaugura-exposicion\/#breadcrumb"},"inLanguage":"es","potentialAction":[{"@type":"ReadAction","target":["https:\/\/totenart.com\/noticias\/miguel-galbis-inaugura-exposicion\/"]}]},{"@type":"ImageObject","inLanguage":"es","@id":"https:\/\/totenart.com\/noticias\/miguel-galbis-inaugura-exposicion\/#primaryimage","url":"https:\/\/totenart.com\/noticias\/wp-content\/uploads\/2019\/10\/oleo-miguel-galbis.totenart.jpg","contentUrl":"https:\/\/totenart.com\/noticias\/wp-content\/uploads\/2019\/10\/oleo-miguel-galbis.totenart.jpg","width":629,"height":545},{"@type":"BreadcrumbList","@id":"https:\/\/totenart.com\/noticias\/miguel-galbis-inaugura-exposicion\/#breadcrumb","itemListElement":[{"@type":"ListItem","position":1,"name":"Portada","item":"https:\/\/totenart.com\/noticias\/"},{"@type":"ListItem","position":2,"name":"Miguel Galbis inaugura exposici\u00f3n!"}]},{"@type":"WebSite","@id":"https:\/\/totenart.com\/noticias\/#website","url":"https:\/\/totenart.com\/noticias\/","name":"Noticias de Arte Totenart","description":"Blog de noticias del mundo del arte: exposiciones, eventos, nuevos productos y materiales para artistas...","potentialAction":[{"@type":"SearchAction","target":{"@type":"EntryPoint","urlTemplate":"https:\/\/totenart.com\/noticias\/?s={search_term_string}"},"query-input":{"@type":"PropertyValueSpecification","valueRequired":true,"valueName":"search_term_string"}}],"inLanguage":"es"},{"@type":"Person","@id":"https:\/\/totenart.com\/noticias\/#\/schema\/person\/622627e79260ed84a9882a6e3cc51a65","name":"Sara","image":{"@type":"ImageObject","inLanguage":"es","@id":"https:\/\/secure.gravatar.com\/avatar\/d501f370233ead0a61cfbd4b3b725cd713b3051133beb9360a17501a2bb17172?s=96&d=blank&r=r","url":"https:\/\/secure.gravatar.com\/avatar\/d501f370233ead0a61cfbd4b3b725cd713b3051133beb9360a17501a2bb17172?s=96&d=blank&r=r","contentUrl":"https:\/\/secure.gravatar.com\/avatar\/d501f370233ead0a61cfbd4b3b725cd713b3051133beb9360a17501a2bb17172?s=96&d=blank&r=r","caption":"Sara"},"url":"https:\/\/totenart.com\/noticias\/author\/sara\/"}]}},"_links":{"self":[{"href":"https:\/\/totenart.com\/noticias\/wp-json\/wp\/v2\/posts\/10741","targetHints":{"allow":["GET"]}}],"collection":[{"href":"https:\/\/totenart.com\/noticias\/wp-json\/wp\/v2\/posts"}],"about":[{"href":"https:\/\/totenart.com\/noticias\/wp-json\/wp\/v2\/types\/post"}],"author":[{"embeddable":true,"href":"https:\/\/totenart.com\/noticias\/wp-json\/wp\/v2\/users\/13"}],"replies":[{"embeddable":true,"href":"https:\/\/totenart.com\/noticias\/wp-json\/wp\/v2\/comments?post=10741"}],"version-history":[{"count":0,"href":"https:\/\/totenart.com\/noticias\/wp-json\/wp\/v2\/posts\/10741\/revisions"}],"wp:featuredmedia":[{"embeddable":true,"href":"https:\/\/totenart.com\/noticias\/wp-json\/wp\/v2\/media\/10750"}],"wp:attachment":[{"href":"https:\/\/totenart.com\/noticias\/wp-json\/wp\/v2\/media?parent=10741"}],"wp:term":[{"taxonomy":"category","embeddable":true,"href":"https:\/\/totenart.com\/noticias\/wp-json\/wp\/v2\/categories?post=10741"},{"taxonomy":"post_tag","embeddable":true,"href":"https:\/\/totenart.com\/noticias\/wp-json\/wp\/v2\/tags?post=10741"}],"curies":[{"name":"wp","href":"https:\/\/api.w.org\/{rel}","templated":true}]}}