



{"id":10971,"date":"2025-06-30T06:50:03","date_gmt":"2025-06-30T04:50:03","guid":{"rendered":"https:\/\/totenart.com\/noticias\/?p=10971"},"modified":"2025-06-30T06:53:11","modified_gmt":"2025-06-30T04:53:11","slug":"camille-claudel-la-artista-a-la-sombra-de-rodin","status":"publish","type":"post","link":"https:\/\/totenart.com\/noticias\/camille-claudel-la-artista-a-la-sombra-de-rodin\/","title":{"rendered":"Camille Claudel: La artista a la sombra de Rodin"},"content":{"rendered":"<p>Muchas historias se repiten una y otra vez, es el caso de historias tan tristes como la de Camille Claudel&#8230; Esta gran artista forma parte de la historia del arte no tanto por su talento si no por su vida amorosa. Intentando luchar contra esto <strong>te queremos hablar de esta gran escultura que pas\u00f3 a la historia como <em>la amante de Rodin:<\/em><\/strong><\/p>\n<h2><span class=\"ez-toc-section\" id=\"La_escultora_a_la_sombra_de_Rodin\"><\/span>La escultora a la sombra de Rodin<span class=\"ez-toc-section-end\"><\/span><\/h2>\n<p>Camille Claudel naci\u00f3 el d\u00eda 8 de diciembre de 1864 en Francia. Desde peque\u00f1a disfrutaba <a href=\"https:\/\/totenart.com\/otras-secciones\/material-modelado?utm_source=noticias&amp;utm_campaign=camille-claudel\" target=\"_blank\" rel=\"noopener noreferrer\">modelando el barro<\/a> y reflejaba en este material el rostro de sus seres queridos.<\/p>\n<p style=\"text-align: center;\"><img loading=\"lazy\" decoding=\"async\" class=\"alignnone wp-image-10973\" src=\"https:\/\/totenart.com\/noticias\/wp-content\/uploads\/2019\/11\/Camille_Claudel-totenart-241x300.jpg\" alt=\"TOTENART-camille-claudel\" width=\"311\" height=\"387\" srcset=\"https:\/\/totenart.com\/noticias\/wp-content\/uploads\/2019\/11\/Camille_Claudel-totenart-241x300.jpg 241w, https:\/\/totenart.com\/noticias\/wp-content\/uploads\/2019\/11\/Camille_Claudel-totenart-768x955.jpg 768w, https:\/\/totenart.com\/noticias\/wp-content\/uploads\/2019\/11\/Camille_Claudel-totenart.jpg 789w\" sizes=\"auto, (max-width: 311px) 100vw, 311px\" \/><\/p>\n<p>Claudel fue admitida en una Academia de Arte de Par\u00eds con menos de 20 a\u00f1os. All\u00ed conoci\u00f3 a Auguste Rodin quien r\u00e1pidamente se dio cuenta del talento de la joven que pronto pas\u00f3 a alumna, musa y, finalmente, a amante. Por triste que parezca, los tiempos en los que Camille vivi\u00f3 hicieron que la sociedad pusiera en duda su capacidad art\u00edstica. Por supuesto, solo por el hecho de ser mujer. Con el tiempo la escultora pas\u00f3 a ser la simple alumna y amante del<em> \u00abgran Rodin\u00bb<\/em> hasta que consigui\u00f3 reunir la fuerza para abandonarle.<\/p>\n<p style=\"text-align: center;\"><img loading=\"lazy\" decoding=\"async\" class=\"alignnone wp-image-10986\" src=\"https:\/\/totenart.com\/noticias\/wp-content\/uploads\/2019\/11\/camille-claudell-300x228.jpg\" alt=\"La-edad-madura-obra-camille-claudel\" width=\"620\" height=\"471\" srcset=\"https:\/\/totenart.com\/noticias\/wp-content\/uploads\/2019\/11\/camille-claudell-300x228.jpg 300w, https:\/\/totenart.com\/noticias\/wp-content\/uploads\/2019\/11\/camille-claudell-768x583.jpg 768w, https:\/\/totenart.com\/noticias\/wp-content\/uploads\/2019\/11\/camille-claudell.jpg 829w\" sizes=\"auto, (max-width: 620px) 100vw, 620px\" \/><\/p>\n<p>La historia dice que tras abandonar al artista, Claudel enloqueci\u00f3. Actualmente diferentes biograf\u00edas afirman que Camille sufri\u00f3 m\u00faltiples manipulaciones y maltratos e incluso fue obligada a ingresar en un psiqui\u00e1trico sin necesidad. A la escultora se le diagnostic\u00f3 \u00abman\u00eda persecutoria y delirios de grandeza\u00bb. Una valoraci\u00f3n que la llev\u00f3 a la muerte tras 30 a\u00f1os de injusto encierro, sin visitas y sin poder continuar con su obra.<\/p>\n<h2><span class=\"ez-toc-section\" id=\"La_obra_de_Camille_Claudel\"><\/span>La obra de Camille Claudel<span class=\"ez-toc-section-end\"><\/span><\/h2>\n<p>Respecto a la obra de la artista, cabe destacar la capacidad de Camille para representar las emociones. Es el caso de la obra anterior <em>L&#8217;Age m\u00fbr\u00a0<\/em>o\u00a0<em>La edad madura.<\/em> En esta obra, la artista representa su sentimiento ante el abandono de Rodin a trav\u00e9s de un autorretrato. En esta escultura se puede observar adem\u00e1s a Rodin y a su mujer.<\/p>\n<p>Otras obras de la artista como <em>La gran<\/em> <em>ola<\/em> est\u00e1n llenas de movimiento y expresi\u00f3n. Esta obra representa a tres ba\u00f1istas en el momento previo a ser cogidos por una ola. Es una obra llena de vitalidad que, tal vez, representa la tormentosa \u00e9poca que vivi\u00f3 la artista.<\/p>\n<p style=\"text-align: center;\"><img loading=\"lazy\" decoding=\"async\" class=\"alignnone wp-image-10988 size-medium\" src=\"https:\/\/totenart.com\/noticias\/wp-content\/uploads\/2019\/11\/totenart-la-ola-de-claudel-256x300.jpg\" alt=\"totenart-la-gran-ola\" width=\"256\" height=\"300\" srcset=\"https:\/\/totenart.com\/noticias\/wp-content\/uploads\/2019\/11\/totenart-la-ola-de-claudel-256x300.jpg 256w, https:\/\/totenart.com\/noticias\/wp-content\/uploads\/2019\/11\/totenart-la-ola-de-claudel.jpg 545w\" sizes=\"auto, (max-width: 256px) 100vw, 256px\" \/> <img loading=\"lazy\" decoding=\"async\" class=\"alignnone wp-image-10989 size-medium\" src=\"https:\/\/totenart.com\/noticias\/wp-content\/uploads\/2019\/11\/totenart-la-ola-de-claudel2-225x300.jpg\" alt=\"la-gran-ola-camille-claudel\" width=\"225\" height=\"300\" srcset=\"https:\/\/totenart.com\/noticias\/wp-content\/uploads\/2019\/11\/totenart-la-ola-de-claudel2-225x300.jpg 225w, https:\/\/totenart.com\/noticias\/wp-content\/uploads\/2019\/11\/totenart-la-ola-de-claudel2.jpg 322w\" sizes=\"auto, (max-width: 225px) 100vw, 225px\" \/><\/p>\n<p>Estas obras dejan claro el incre\u00edble talento de Claudel que, por la \u00e9poca en la que vivi\u00f3, no goz\u00f3 del reconocimiento que deber\u00eda. Por este motivo hemos querido dedicarle este post y hacer llegar sus obras un poquito m\u00e1s lejos!<\/p>\n<h3><span class=\"ez-toc-section\" id=\"3_Mujeres_artistas_que_quiza_no_conoces\"><\/span>3 Mujeres artistas que quiz\u00e1 no conoces<span class=\"ez-toc-section-end\"><\/span><\/h3>\n<div class=\"contenedor\">\n<div class=\"reproductor\" data-id=\"UbAmyaoWSuI\"><\/div>\n<\/div>\n<p><strong>Adolf Priante Vidal<\/strong> nos env\u00eda este homenaje a la artista realizado con vino! Espero que lo disfrut\u00e9is tanto como yo:<\/p>\n<p style=\"text-align: center;\"><img loading=\"lazy\" decoding=\"async\" class=\"alignnone wp-image-18319\" src=\"https:\/\/totenart.com\/noticias\/wp-content\/uploads\/2020\/09\/Camille_Claudel-totenart-retrato-vino-768x987-1.jpg\" alt=\"\" width=\"285\" height=\"366\" srcset=\"https:\/\/totenart.com\/noticias\/wp-content\/uploads\/2020\/09\/Camille_Claudel-totenart-retrato-vino-768x987-1.jpg 350w, https:\/\/totenart.com\/noticias\/wp-content\/uploads\/2020\/09\/Camille_Claudel-totenart-retrato-vino-768x987-1-233x300.jpg 233w\" sizes=\"auto, (max-width: 285px) 100vw, 285px\" \/><img loading=\"lazy\" decoding=\"async\" class=\"alignnone wp-image-18318\" src=\"https:\/\/totenart.com\/noticias\/wp-content\/uploads\/2020\/09\/Camille_Claudel-totenart-retrato-vino1-768x768-1.jpg\" alt=\"\" width=\"365\" height=\"365\" srcset=\"https:\/\/totenart.com\/noticias\/wp-content\/uploads\/2020\/09\/Camille_Claudel-totenart-retrato-vino1-768x768-1.jpg 350w, https:\/\/totenart.com\/noticias\/wp-content\/uploads\/2020\/09\/Camille_Claudel-totenart-retrato-vino1-768x768-1-300x300.jpg 300w, https:\/\/totenart.com\/noticias\/wp-content\/uploads\/2020\/09\/Camille_Claudel-totenart-retrato-vino1-768x768-1-150x150.jpg 150w\" sizes=\"auto, (max-width: 365px) 100vw, 365px\" \/><\/p>\n<p>\u00bfConoc\u00edas a esta gran artista? \u00bfQu\u00e9 te parece la obra de Camille Claudel? <strong>Esperamos tus comentarios artista y, si te ha gustado, no dudes en compartirlo:<\/strong><\/p>\n<div id=\"ez-toc-container\" class=\"ez-toc-v2_0_82_1 counter-hierarchy ez-toc-counter ez-toc-grey ez-toc-container-direction\">\n<div class=\"ez-toc-title-container\">\n<p class=\"ez-toc-title\" style=\"cursor:inherit\">Tabla de contenidos<\/p>\n<span class=\"ez-toc-title-toggle\"><a href=\"#\" class=\"ez-toc-pull-right ez-toc-btn ez-toc-btn-xs ez-toc-btn-default ez-toc-toggle\" aria-label=\"Alternar tabla de contenidos\"><span class=\"ez-toc-js-icon-con\"><span class=\"\"><span class=\"eztoc-hide\" style=\"display:none;\">Toggle<\/span><span class=\"ez-toc-icon-toggle-span\"><svg style=\"fill: #999;color:#999\" xmlns=\"http:\/\/www.w3.org\/2000\/svg\" class=\"list-377408\" width=\"20px\" height=\"20px\" viewBox=\"0 0 24 24\" fill=\"none\"><path d=\"M6 6H4v2h2V6zm14 0H8v2h12V6zM4 11h2v2H4v-2zm16 0H8v2h12v-2zM4 16h2v2H4v-2zm16 0H8v2h12v-2z\" fill=\"currentColor\"><\/path><\/svg><svg style=\"fill: #999;color:#999\" class=\"arrow-unsorted-368013\" xmlns=\"http:\/\/www.w3.org\/2000\/svg\" width=\"10px\" height=\"10px\" viewBox=\"0 0 24 24\" version=\"1.2\" baseProfile=\"tiny\"><path d=\"M18.2 9.3l-6.2-6.3-6.2 6.3c-.2.2-.3.4-.3.7s.1.5.3.7c.2.2.4.3.7.3h11c.3 0 .5-.1.7-.3.2-.2.3-.5.3-.7s-.1-.5-.3-.7zM5.8 14.7l6.2 6.3 6.2-6.3c.2-.2.3-.5.3-.7s-.1-.5-.3-.7c-.2-.2-.4-.3-.7-.3h-11c-.3 0-.5.1-.7.3-.2.2-.3.5-.3.7s.1.5.3.7z\"\/><\/svg><\/span><\/span><\/span><\/a><\/span><\/div>\n<nav><ul class='ez-toc-list ez-toc-list-level-1 ' ><li class='ez-toc-page-1 ez-toc-heading-level-2'><a class=\"ez-toc-link ez-toc-heading-1\" href=\"https:\/\/totenart.com\/noticias\/camille-claudel-la-artista-a-la-sombra-de-rodin\/#La_escultora_a_la_sombra_de_Rodin\" >La escultora a la sombra de Rodin<\/a><\/li><li class='ez-toc-page-1 ez-toc-heading-level-2'><a class=\"ez-toc-link ez-toc-heading-2\" href=\"https:\/\/totenart.com\/noticias\/camille-claudel-la-artista-a-la-sombra-de-rodin\/#La_obra_de_Camille_Claudel\" >La obra de Camille Claudel<\/a><ul class='ez-toc-list-level-3' ><li class='ez-toc-heading-level-3'><a class=\"ez-toc-link ez-toc-heading-3\" href=\"https:\/\/totenart.com\/noticias\/camille-claudel-la-artista-a-la-sombra-de-rodin\/#3_Mujeres_artistas_que_quiza_no_conoces\" >3 Mujeres artistas que quiz\u00e1 no conoces<\/a><\/li><\/ul><\/li><\/ul><\/nav><\/div>\n","protected":false},"excerpt":{"rendered":"<p>Muchas historias se repiten una y otra vez, es el caso de historias tan tristes como la de Camille Claudel&#8230; Esta gran artista forma parte de la historia del arte no tanto por su talento si no por su vida amorosa. Intentando luchar contra esto te queremos hablar de esta gran escultura que pas\u00f3 a [&hellip;]<\/p>\n","protected":false},"author":13,"featured_media":19635,"comment_status":"open","ping_status":"open","sticky":false,"template":"","format":"standard","meta":{"footnotes":""},"categories":[8,9],"tags":[1448,437,289,891],"class_list":["post-10971","post","type-post","status-publish","format-standard","has-post-thumbnail","hentry","category-artista-destacado","category-formacion","tag-camille-claudel","tag-escultora","tag-mujer","tag-rodin","product_cat-masilla-horneable-sculpey"],"yoast_head":"<!-- This site is optimized with the Yoast SEO plugin v27.2 - https:\/\/yoast.com\/product\/yoast-seo-wordpress\/ -->\n<title>Camille Claudel: La artista a la sombra de Rodin - Noticias de Arte Totenart<\/title>\n<meta name=\"description\" content=\"Hoy te hablamos de Camille Claudel, de su historia y de como su gran talento qued\u00f3 eclipsado y encerrado por su vida amorosa\" \/>\n<meta name=\"robots\" content=\"index, follow, max-snippet:-1, max-image-preview:large, max-video-preview:-1\" \/>\n<link rel=\"canonical\" href=\"https:\/\/totenart.com\/noticias\/camille-claudel-la-artista-a-la-sombra-de-rodin\/\" \/>\n<meta property=\"og:locale\" content=\"es_ES\" \/>\n<meta property=\"og:type\" content=\"article\" \/>\n<meta property=\"og:title\" content=\"Camille Claudel: La artista a la sombra de Rodin - Noticias de Arte Totenart\" \/>\n<meta property=\"og:description\" content=\"Hoy te hablamos de Camille Claudel, de su historia y de como su gran talento qued\u00f3 eclipsado y encerrado por su vida amorosa\" \/>\n<meta property=\"og:url\" content=\"https:\/\/totenart.com\/noticias\/camille-claudel-la-artista-a-la-sombra-de-rodin\/\" \/>\n<meta property=\"og:site_name\" content=\"Noticias de Arte Totenart\" \/>\n<meta property=\"article:published_time\" content=\"2025-06-30T04:50:03+00:00\" \/>\n<meta property=\"article:modified_time\" content=\"2025-06-30T04:53:11+00:00\" \/>\n<meta property=\"og:image\" content=\"https:\/\/totenart.com\/noticias\/wp-content\/uploads\/2022\/03\/cabecera-camille-claudel.jpg\" \/>\n\t<meta property=\"og:image:width\" content=\"720\" \/>\n\t<meta property=\"og:image:height\" content=\"300\" \/>\n\t<meta property=\"og:image:type\" content=\"image\/jpeg\" \/>\n<meta name=\"author\" content=\"Sara\" \/>\n<meta name=\"twitter:label1\" content=\"Escrito por\" \/>\n\t<meta name=\"twitter:data1\" content=\"Sara\" \/>\n\t<meta name=\"twitter:label2\" content=\"Tiempo de lectura\" \/>\n\t<meta name=\"twitter:data2\" content=\"4 minutos\" \/>\n<script type=\"application\/ld+json\" class=\"yoast-schema-graph\">{\"@context\":\"https:\/\/schema.org\",\"@graph\":[{\"@type\":\"Article\",\"@id\":\"https:\/\/totenart.com\/noticias\/camille-claudel-la-artista-a-la-sombra-de-rodin\/#article\",\"isPartOf\":{\"@id\":\"https:\/\/totenart.com\/noticias\/camille-claudel-la-artista-a-la-sombra-de-rodin\/\"},\"author\":{\"name\":\"Sara\",\"@id\":\"https:\/\/totenart.com\/noticias\/#\/schema\/person\/622627e79260ed84a9882a6e3cc51a65\"},\"headline\":\"Camille Claudel: La artista a la sombra de Rodin\",\"datePublished\":\"2025-06-30T04:50:03+00:00\",\"dateModified\":\"2025-06-30T04:53:11+00:00\",\"mainEntityOfPage\":{\"@id\":\"https:\/\/totenart.com\/noticias\/camille-claudel-la-artista-a-la-sombra-de-rodin\/\"},\"wordCount\":494,\"commentCount\":6,\"image\":{\"@id\":\"https:\/\/totenart.com\/noticias\/camille-claudel-la-artista-a-la-sombra-de-rodin\/#primaryimage\"},\"thumbnailUrl\":\"https:\/\/totenart.com\/noticias\/wp-content\/uploads\/2022\/03\/cabecera-camille-claudel.jpg\",\"keywords\":[\"Camille Claudel\",\"escultora\",\"mujer\",\"rodin\"],\"articleSection\":[\"Artista destacado\",\"Formaci\u00f3n\"],\"inLanguage\":\"es\",\"potentialAction\":[{\"@type\":\"CommentAction\",\"name\":\"Comment\",\"target\":[\"https:\/\/totenart.com\/noticias\/camille-claudel-la-artista-a-la-sombra-de-rodin\/#respond\"]}]},{\"@type\":\"WebPage\",\"@id\":\"https:\/\/totenart.com\/noticias\/camille-claudel-la-artista-a-la-sombra-de-rodin\/\",\"url\":\"https:\/\/totenart.com\/noticias\/camille-claudel-la-artista-a-la-sombra-de-rodin\/\",\"name\":\"Camille Claudel: La artista a la sombra de Rodin - Noticias de Arte Totenart\",\"isPartOf\":{\"@id\":\"https:\/\/totenart.com\/noticias\/#website\"},\"primaryImageOfPage\":{\"@id\":\"https:\/\/totenart.com\/noticias\/camille-claudel-la-artista-a-la-sombra-de-rodin\/#primaryimage\"},\"image\":{\"@id\":\"https:\/\/totenart.com\/noticias\/camille-claudel-la-artista-a-la-sombra-de-rodin\/#primaryimage\"},\"thumbnailUrl\":\"https:\/\/totenart.com\/noticias\/wp-content\/uploads\/2022\/03\/cabecera-camille-claudel.jpg\",\"datePublished\":\"2025-06-30T04:50:03+00:00\",\"dateModified\":\"2025-06-30T04:53:11+00:00\",\"author\":{\"@id\":\"https:\/\/totenart.com\/noticias\/#\/schema\/person\/622627e79260ed84a9882a6e3cc51a65\"},\"description\":\"Hoy te hablamos de Camille Claudel, de su historia y de como su gran talento qued\u00f3 eclipsado y encerrado por su vida amorosa\",\"breadcrumb\":{\"@id\":\"https:\/\/totenart.com\/noticias\/camille-claudel-la-artista-a-la-sombra-de-rodin\/#breadcrumb\"},\"inLanguage\":\"es\",\"potentialAction\":[{\"@type\":\"ReadAction\",\"target\":[\"https:\/\/totenart.com\/noticias\/camille-claudel-la-artista-a-la-sombra-de-rodin\/\"]}]},{\"@type\":\"ImageObject\",\"inLanguage\":\"es\",\"@id\":\"https:\/\/totenart.com\/noticias\/camille-claudel-la-artista-a-la-sombra-de-rodin\/#primaryimage\",\"url\":\"https:\/\/totenart.com\/noticias\/wp-content\/uploads\/2022\/03\/cabecera-camille-claudel.jpg\",\"contentUrl\":\"https:\/\/totenart.com\/noticias\/wp-content\/uploads\/2022\/03\/cabecera-camille-claudel.jpg\",\"width\":720,\"height\":300},{\"@type\":\"BreadcrumbList\",\"@id\":\"https:\/\/totenart.com\/noticias\/camille-claudel-la-artista-a-la-sombra-de-rodin\/#breadcrumb\",\"itemListElement\":[{\"@type\":\"ListItem\",\"position\":1,\"name\":\"Portada\",\"item\":\"https:\/\/totenart.com\/noticias\/\"},{\"@type\":\"ListItem\",\"position\":2,\"name\":\"Camille Claudel: La artista a la sombra de Rodin\"}]},{\"@type\":\"WebSite\",\"@id\":\"https:\/\/totenart.com\/noticias\/#website\",\"url\":\"https:\/\/totenart.com\/noticias\/\",\"name\":\"Noticias de Arte Totenart\",\"description\":\"Blog de noticias del mundo del arte: exposiciones, eventos, nuevos productos y materiales para artistas...\",\"potentialAction\":[{\"@type\":\"SearchAction\",\"target\":{\"@type\":\"EntryPoint\",\"urlTemplate\":\"https:\/\/totenart.com\/noticias\/?s={search_term_string}\"},\"query-input\":{\"@type\":\"PropertyValueSpecification\",\"valueRequired\":true,\"valueName\":\"search_term_string\"}}],\"inLanguage\":\"es\"},{\"@type\":\"Person\",\"@id\":\"https:\/\/totenart.com\/noticias\/#\/schema\/person\/622627e79260ed84a9882a6e3cc51a65\",\"name\":\"Sara\",\"image\":{\"@type\":\"ImageObject\",\"inLanguage\":\"es\",\"@id\":\"https:\/\/secure.gravatar.com\/avatar\/d501f370233ead0a61cfbd4b3b725cd713b3051133beb9360a17501a2bb17172?s=96&d=blank&r=r\",\"url\":\"https:\/\/secure.gravatar.com\/avatar\/d501f370233ead0a61cfbd4b3b725cd713b3051133beb9360a17501a2bb17172?s=96&d=blank&r=r\",\"contentUrl\":\"https:\/\/secure.gravatar.com\/avatar\/d501f370233ead0a61cfbd4b3b725cd713b3051133beb9360a17501a2bb17172?s=96&d=blank&r=r\",\"caption\":\"Sara\"},\"url\":\"https:\/\/totenart.com\/noticias\/author\/sara\/\"}]}<\/script>\n<!-- \/ Yoast SEO plugin. -->","yoast_head_json":{"title":"Camille Claudel: La artista a la sombra de Rodin - Noticias de Arte Totenart","description":"Hoy te hablamos de Camille Claudel, de su historia y de como su gran talento qued\u00f3 eclipsado y encerrado por su vida amorosa","robots":{"index":"index","follow":"follow","max-snippet":"max-snippet:-1","max-image-preview":"max-image-preview:large","max-video-preview":"max-video-preview:-1"},"canonical":"https:\/\/totenart.com\/noticias\/camille-claudel-la-artista-a-la-sombra-de-rodin\/","og_locale":"es_ES","og_type":"article","og_title":"Camille Claudel: La artista a la sombra de Rodin - Noticias de Arte Totenart","og_description":"Hoy te hablamos de Camille Claudel, de su historia y de como su gran talento qued\u00f3 eclipsado y encerrado por su vida amorosa","og_url":"https:\/\/totenart.com\/noticias\/camille-claudel-la-artista-a-la-sombra-de-rodin\/","og_site_name":"Noticias de Arte Totenart","article_published_time":"2025-06-30T04:50:03+00:00","article_modified_time":"2025-06-30T04:53:11+00:00","og_image":[{"width":720,"height":300,"url":"https:\/\/totenart.com\/noticias\/wp-content\/uploads\/2022\/03\/cabecera-camille-claudel.jpg","type":"image\/jpeg"}],"author":"Sara","twitter_misc":{"Escrito por":"Sara","Tiempo de lectura":"4 minutos"},"schema":{"@context":"https:\/\/schema.org","@graph":[{"@type":"Article","@id":"https:\/\/totenart.com\/noticias\/camille-claudel-la-artista-a-la-sombra-de-rodin\/#article","isPartOf":{"@id":"https:\/\/totenart.com\/noticias\/camille-claudel-la-artista-a-la-sombra-de-rodin\/"},"author":{"name":"Sara","@id":"https:\/\/totenart.com\/noticias\/#\/schema\/person\/622627e79260ed84a9882a6e3cc51a65"},"headline":"Camille Claudel: La artista a la sombra de Rodin","datePublished":"2025-06-30T04:50:03+00:00","dateModified":"2025-06-30T04:53:11+00:00","mainEntityOfPage":{"@id":"https:\/\/totenart.com\/noticias\/camille-claudel-la-artista-a-la-sombra-de-rodin\/"},"wordCount":494,"commentCount":6,"image":{"@id":"https:\/\/totenart.com\/noticias\/camille-claudel-la-artista-a-la-sombra-de-rodin\/#primaryimage"},"thumbnailUrl":"https:\/\/totenart.com\/noticias\/wp-content\/uploads\/2022\/03\/cabecera-camille-claudel.jpg","keywords":["Camille Claudel","escultora","mujer","rodin"],"articleSection":["Artista destacado","Formaci\u00f3n"],"inLanguage":"es","potentialAction":[{"@type":"CommentAction","name":"Comment","target":["https:\/\/totenart.com\/noticias\/camille-claudel-la-artista-a-la-sombra-de-rodin\/#respond"]}]},{"@type":"WebPage","@id":"https:\/\/totenart.com\/noticias\/camille-claudel-la-artista-a-la-sombra-de-rodin\/","url":"https:\/\/totenart.com\/noticias\/camille-claudel-la-artista-a-la-sombra-de-rodin\/","name":"Camille Claudel: La artista a la sombra de Rodin - Noticias de Arte Totenart","isPartOf":{"@id":"https:\/\/totenart.com\/noticias\/#website"},"primaryImageOfPage":{"@id":"https:\/\/totenart.com\/noticias\/camille-claudel-la-artista-a-la-sombra-de-rodin\/#primaryimage"},"image":{"@id":"https:\/\/totenart.com\/noticias\/camille-claudel-la-artista-a-la-sombra-de-rodin\/#primaryimage"},"thumbnailUrl":"https:\/\/totenart.com\/noticias\/wp-content\/uploads\/2022\/03\/cabecera-camille-claudel.jpg","datePublished":"2025-06-30T04:50:03+00:00","dateModified":"2025-06-30T04:53:11+00:00","author":{"@id":"https:\/\/totenart.com\/noticias\/#\/schema\/person\/622627e79260ed84a9882a6e3cc51a65"},"description":"Hoy te hablamos de Camille Claudel, de su historia y de como su gran talento qued\u00f3 eclipsado y encerrado por su vida amorosa","breadcrumb":{"@id":"https:\/\/totenart.com\/noticias\/camille-claudel-la-artista-a-la-sombra-de-rodin\/#breadcrumb"},"inLanguage":"es","potentialAction":[{"@type":"ReadAction","target":["https:\/\/totenart.com\/noticias\/camille-claudel-la-artista-a-la-sombra-de-rodin\/"]}]},{"@type":"ImageObject","inLanguage":"es","@id":"https:\/\/totenart.com\/noticias\/camille-claudel-la-artista-a-la-sombra-de-rodin\/#primaryimage","url":"https:\/\/totenart.com\/noticias\/wp-content\/uploads\/2022\/03\/cabecera-camille-claudel.jpg","contentUrl":"https:\/\/totenart.com\/noticias\/wp-content\/uploads\/2022\/03\/cabecera-camille-claudel.jpg","width":720,"height":300},{"@type":"BreadcrumbList","@id":"https:\/\/totenart.com\/noticias\/camille-claudel-la-artista-a-la-sombra-de-rodin\/#breadcrumb","itemListElement":[{"@type":"ListItem","position":1,"name":"Portada","item":"https:\/\/totenart.com\/noticias\/"},{"@type":"ListItem","position":2,"name":"Camille Claudel: La artista a la sombra de Rodin"}]},{"@type":"WebSite","@id":"https:\/\/totenart.com\/noticias\/#website","url":"https:\/\/totenart.com\/noticias\/","name":"Noticias de Arte Totenart","description":"Blog de noticias del mundo del arte: exposiciones, eventos, nuevos productos y materiales para artistas...","potentialAction":[{"@type":"SearchAction","target":{"@type":"EntryPoint","urlTemplate":"https:\/\/totenart.com\/noticias\/?s={search_term_string}"},"query-input":{"@type":"PropertyValueSpecification","valueRequired":true,"valueName":"search_term_string"}}],"inLanguage":"es"},{"@type":"Person","@id":"https:\/\/totenart.com\/noticias\/#\/schema\/person\/622627e79260ed84a9882a6e3cc51a65","name":"Sara","image":{"@type":"ImageObject","inLanguage":"es","@id":"https:\/\/secure.gravatar.com\/avatar\/d501f370233ead0a61cfbd4b3b725cd713b3051133beb9360a17501a2bb17172?s=96&d=blank&r=r","url":"https:\/\/secure.gravatar.com\/avatar\/d501f370233ead0a61cfbd4b3b725cd713b3051133beb9360a17501a2bb17172?s=96&d=blank&r=r","contentUrl":"https:\/\/secure.gravatar.com\/avatar\/d501f370233ead0a61cfbd4b3b725cd713b3051133beb9360a17501a2bb17172?s=96&d=blank&r=r","caption":"Sara"},"url":"https:\/\/totenart.com\/noticias\/author\/sara\/"}]}},"_links":{"self":[{"href":"https:\/\/totenart.com\/noticias\/wp-json\/wp\/v2\/posts\/10971","targetHints":{"allow":["GET"]}}],"collection":[{"href":"https:\/\/totenart.com\/noticias\/wp-json\/wp\/v2\/posts"}],"about":[{"href":"https:\/\/totenart.com\/noticias\/wp-json\/wp\/v2\/types\/post"}],"author":[{"embeddable":true,"href":"https:\/\/totenart.com\/noticias\/wp-json\/wp\/v2\/users\/13"}],"replies":[{"embeddable":true,"href":"https:\/\/totenart.com\/noticias\/wp-json\/wp\/v2\/comments?post=10971"}],"version-history":[{"count":2,"href":"https:\/\/totenart.com\/noticias\/wp-json\/wp\/v2\/posts\/10971\/revisions"}],"predecessor-version":[{"id":19636,"href":"https:\/\/totenart.com\/noticias\/wp-json\/wp\/v2\/posts\/10971\/revisions\/19636"}],"wp:featuredmedia":[{"embeddable":true,"href":"https:\/\/totenart.com\/noticias\/wp-json\/wp\/v2\/media\/19635"}],"wp:attachment":[{"href":"https:\/\/totenart.com\/noticias\/wp-json\/wp\/v2\/media?parent=10971"}],"wp:term":[{"taxonomy":"category","embeddable":true,"href":"https:\/\/totenart.com\/noticias\/wp-json\/wp\/v2\/categories?post=10971"},{"taxonomy":"post_tag","embeddable":true,"href":"https:\/\/totenart.com\/noticias\/wp-json\/wp\/v2\/tags?post=10971"}],"curies":[{"name":"wp","href":"https:\/\/api.w.org\/{rel}","templated":true}]}}