



{"id":11424,"date":"2023-05-05T08:12:12","date_gmt":"2023-05-05T06:12:12","guid":{"rendered":"https:\/\/totenart.com\/noticias\/?p=11424"},"modified":"2023-05-05T09:33:33","modified_gmt":"2023-05-05T07:33:33","slug":"el-arte-de-un-platano-pegado-a-la-pared","status":"publish","type":"post","link":"https:\/\/totenart.com\/noticias\/el-arte-de-un-platano-pegado-a-la-pared\/","title":{"rendered":"El arte de un pl\u00e1tano pegado a la pared"},"content":{"rendered":"<p>En el \u00faltimo mes habr\u00e1s visto m\u00faltiples memes que hacen alusi\u00f3n a un pl\u00e1tano pegado con cinta a la pared. A nosotros nos pill\u00f3 de vacaciones por lo que, aunque ya haya pasado un mes, no queremos quedarnos sin contaros lo <strong>que pas\u00f3 el pasado diciembre en Art Basel 2019:<\/strong><\/p>\n<h2><em>Comedian:<\/em> El pl\u00e1tano pegado a la pared<\/h2>\n<p>\u00bfTe imaginas pagar 120.000 d\u00f3lares por un pl\u00e1tano? Esto es lo que ha ocurrido el pasado diciembre en la prestigiosa feria de arte Art Basel. Lo m\u00e1s incre\u00edble es que esto no es los m\u00e1s sorprendente, los visitantes de Art Basel presenciaron, adem\u00e1s, <strong>el d\u00eda que un artista se comi\u00f3 esta obra de arte de 120.000 d\u00f3lares.\u00a0<\/strong><\/p>\n<p style=\"text-align: center;\"><a href=\"https:\/\/totenart.com\/noticias\/wp-content\/uploads\/2020\/01\/totenart-comedian.jpg\" target=\"_blank\" rel=\"noopener noreferrer\"><img loading=\"lazy\" decoding=\"async\" class=\"alignnone wp-image-11425\" src=\"https:\/\/totenart.com\/noticias\/wp-content\/uploads\/2020\/01\/totenart-comedian-300x224.jpg\" alt=\"totenart-pl\u00e1tano-pegado-comedian\" width=\"520\" height=\"388\" srcset=\"https:\/\/totenart.com\/noticias\/wp-content\/uploads\/2020\/01\/totenart-comedian-300x224.jpg 300w, https:\/\/totenart.com\/noticias\/wp-content\/uploads\/2020\/01\/totenart-comedian.jpg 634w\" sizes=\"auto, (max-width: 520px) 100vw, 520px\" \/><\/a><\/p>\n<p>El artista italiano Maurizio Cattelan present\u00f3 su obra en la feria <a href=\"https:\/\/www.artbasel.com\/?utm_source=totenart-com-noticias&amp;utm_campaign=comedian-platano\" target=\"_blank\" rel=\"noopener noreferrer\">Art Basel<\/a>. Esta obra, titulada <em>Comedian<\/em> constaba de un pl\u00e1tano pegado con un pedazo de cinta adhesiva a la pared: Una clara cr\u00edtica que busca ridiculizar el mercado art\u00edstico. Tras su venta por 120.000 d\u00f3lares, la cr\u00edtica aument\u00f3 dando lugar a preguntas como \u00bfQu\u00e9 es el arte? Pero la historia no termina aqu\u00ed.<\/p>\n<p>El final de la exposici\u00f3n de <em>Comedian\u00a0<\/em>en Art Basel no podr\u00eda haber sido de otra forma: El s\u00e1bado 7 de diciembre el artista de<em> performance<\/em> David Datuna se comi\u00f3 el pl\u00e1tano mientras afirmaba estar llevando a cabo una performance art\u00edstica titulada \u00abArtista hambriento\u00bb<\/p>\n<p>&nbsp;<\/p>\n<div class=\"contenedor\">\n<div class=\"reproductor\" data-id=\"jp5B7llEGGQ\"><\/div>\n<\/div>\n<p>Con decenas de espectadores, David Datuna retir\u00f3 la cinta aislante y se comi\u00f3 el pl\u00e1tano. Ante esto, los visitantes reaccionaron como si Datuna se comiera cientos de billetes. De esta forma, la cr\u00edtica del artista Cattelan aument\u00f3 provocando un efecto mucho mayor!<\/p>\n<p>Por suerte para Sarah Adelman, compradora de la obra, la galer\u00eda ha afirmado que la p\u00e9rdida del pl\u00e1tano no deval\u00faa la obra. De hecho Cattelan pidi\u00f3 a la galer\u00eda que cambiaran el pl\u00e1tano cada 7 o 10 d\u00edas para que no se pudriera. Estas instrucciones se encuentran tambi\u00e9n disponibles para la compradora de la obra junto a un certificado de autenticidad.<\/p>\n<p>Est\u00e1 claro que esta edici\u00f3n de Art Basel pasar\u00e1 a la historia pero y a ti,\u00a0\u00bfQu\u00e9 te parece este debate artista? \u00bfQu\u00e9 opinas de Cattelan y de su obra <em>Comedian<\/em>?\u00a0\u00a1Esperamos tus comentarios!<\/p>\n<p><b>Imagen<\/b><strong>\u00a0de cabecera:\u00a0<\/strong>Reuters<\/p>\n","protected":false},"excerpt":{"rendered":"<p>En el \u00faltimo mes habr\u00e1s visto m\u00faltiples memes que hacen alusi\u00f3n a un pl\u00e1tano pegado con cinta a la pared. A nosotros nos pill\u00f3 de vacaciones por lo que, aunque ya haya pasado un mes, no queremos quedarnos sin contaros lo que pas\u00f3 el pasado diciembre en Art Basel 2019: Comedian: El pl\u00e1tano pegado a [&hellip;]<\/p>\n","protected":false},"author":13,"featured_media":11433,"comment_status":"open","ping_status":"open","sticky":false,"template":"","format":"standard","meta":{"footnotes":""},"categories":[8,697],"tags":[17,1475,1473,1474],"class_list":["post-11424","post","type-post","status-publish","format-standard","has-post-thumbnail","hentry","category-artista-destacado","category-exposicion","tag-arte","tag-comedian","tag-critica-artistica","tag-platano"],"yoast_head":"<!-- This site is optimized with the Yoast SEO plugin v27.2 - https:\/\/yoast.com\/product\/yoast-seo-wordpress\/ -->\n<title>El arte de un pl\u00e1tano pegado a la pared - Noticias de Arte Totenart<\/title>\n<meta name=\"description\" content=\"Ya ha pasado un mes desde que Datuna se comi\u00f3 una obra de arte de 120.000 d\u00f3lares pero el pl\u00e1tano pegado a la pared todav\u00eda da que hablar!\" \/>\n<meta name=\"robots\" content=\"index, follow, max-snippet:-1, max-image-preview:large, max-video-preview:-1\" \/>\n<link rel=\"canonical\" href=\"https:\/\/totenart.com\/noticias\/el-arte-de-un-platano-pegado-a-la-pared\/\" \/>\n<meta property=\"og:locale\" content=\"es_ES\" \/>\n<meta property=\"og:type\" content=\"article\" \/>\n<meta property=\"og:title\" content=\"El arte de un pl\u00e1tano pegado a la pared - Noticias de Arte Totenart\" \/>\n<meta property=\"og:description\" content=\"Ya ha pasado un mes desde que Datuna se comi\u00f3 una obra de arte de 120.000 d\u00f3lares pero el pl\u00e1tano pegado a la pared todav\u00eda da que hablar!\" \/>\n<meta property=\"og:url\" content=\"https:\/\/totenart.com\/noticias\/el-arte-de-un-platano-pegado-a-la-pared\/\" \/>\n<meta property=\"og:site_name\" content=\"Noticias de Arte Totenart\" \/>\n<meta property=\"article:published_time\" content=\"2023-05-05T06:12:12+00:00\" \/>\n<meta property=\"article:modified_time\" content=\"2023-05-05T07:33:33+00:00\" \/>\n<meta property=\"og:image\" content=\"https:\/\/totenart.com\/noticias\/wp-content\/uploads\/2020\/01\/totenart-cabecera-platano-reuters-3.jpg\" \/>\n\t<meta property=\"og:image:width\" content=\"620\" \/>\n\t<meta property=\"og:image:height\" content=\"349\" \/>\n\t<meta property=\"og:image:type\" content=\"image\/jpeg\" \/>\n<meta name=\"author\" content=\"Sara\" \/>\n<meta name=\"twitter:label1\" content=\"Escrito por\" \/>\n\t<meta name=\"twitter:data1\" content=\"Sara\" \/>\n\t<meta name=\"twitter:label2\" content=\"Tiempo de lectura\" \/>\n\t<meta name=\"twitter:data2\" content=\"2 minutos\" \/>\n<script type=\"application\/ld+json\" class=\"yoast-schema-graph\">{\"@context\":\"https:\/\/schema.org\",\"@graph\":[{\"@type\":\"Article\",\"@id\":\"https:\/\/totenart.com\/noticias\/el-arte-de-un-platano-pegado-a-la-pared\/#article\",\"isPartOf\":{\"@id\":\"https:\/\/totenart.com\/noticias\/el-arte-de-un-platano-pegado-a-la-pared\/\"},\"author\":{\"name\":\"Sara\",\"@id\":\"https:\/\/totenart.com\/noticias\/#\/schema\/person\/622627e79260ed84a9882a6e3cc51a65\"},\"headline\":\"El arte de un pl\u00e1tano pegado a la pared\",\"datePublished\":\"2023-05-05T06:12:12+00:00\",\"dateModified\":\"2023-05-05T07:33:33+00:00\",\"mainEntityOfPage\":{\"@id\":\"https:\/\/totenart.com\/noticias\/el-arte-de-un-platano-pegado-a-la-pared\/\"},\"wordCount\":401,\"commentCount\":23,\"image\":{\"@id\":\"https:\/\/totenart.com\/noticias\/el-arte-de-un-platano-pegado-a-la-pared\/#primaryimage\"},\"thumbnailUrl\":\"https:\/\/totenart.com\/noticias\/wp-content\/uploads\/2020\/01\/totenart-cabecera-platano-reuters-3.jpg\",\"keywords\":[\"arte\",\"comedian\",\"cr\u00edtica art\u00edstica\",\"pl\u00e1tano\"],\"articleSection\":[\"Artista destacado\",\"Exposici\u00f3n\"],\"inLanguage\":\"es\",\"potentialAction\":[{\"@type\":\"CommentAction\",\"name\":\"Comment\",\"target\":[\"https:\/\/totenart.com\/noticias\/el-arte-de-un-platano-pegado-a-la-pared\/#respond\"]}]},{\"@type\":\"WebPage\",\"@id\":\"https:\/\/totenart.com\/noticias\/el-arte-de-un-platano-pegado-a-la-pared\/\",\"url\":\"https:\/\/totenart.com\/noticias\/el-arte-de-un-platano-pegado-a-la-pared\/\",\"name\":\"El arte de un pl\u00e1tano pegado a la pared - Noticias de Arte Totenart\",\"isPartOf\":{\"@id\":\"https:\/\/totenart.com\/noticias\/#website\"},\"primaryImageOfPage\":{\"@id\":\"https:\/\/totenart.com\/noticias\/el-arte-de-un-platano-pegado-a-la-pared\/#primaryimage\"},\"image\":{\"@id\":\"https:\/\/totenart.com\/noticias\/el-arte-de-un-platano-pegado-a-la-pared\/#primaryimage\"},\"thumbnailUrl\":\"https:\/\/totenart.com\/noticias\/wp-content\/uploads\/2020\/01\/totenart-cabecera-platano-reuters-3.jpg\",\"datePublished\":\"2023-05-05T06:12:12+00:00\",\"dateModified\":\"2023-05-05T07:33:33+00:00\",\"author\":{\"@id\":\"https:\/\/totenart.com\/noticias\/#\/schema\/person\/622627e79260ed84a9882a6e3cc51a65\"},\"description\":\"Ya ha pasado un mes desde que Datuna se comi\u00f3 una obra de arte de 120.000 d\u00f3lares pero el pl\u00e1tano pegado a la pared todav\u00eda da que hablar!\",\"breadcrumb\":{\"@id\":\"https:\/\/totenart.com\/noticias\/el-arte-de-un-platano-pegado-a-la-pared\/#breadcrumb\"},\"inLanguage\":\"es\",\"potentialAction\":[{\"@type\":\"ReadAction\",\"target\":[\"https:\/\/totenart.com\/noticias\/el-arte-de-un-platano-pegado-a-la-pared\/\"]}]},{\"@type\":\"ImageObject\",\"inLanguage\":\"es\",\"@id\":\"https:\/\/totenart.com\/noticias\/el-arte-de-un-platano-pegado-a-la-pared\/#primaryimage\",\"url\":\"https:\/\/totenart.com\/noticias\/wp-content\/uploads\/2020\/01\/totenart-cabecera-platano-reuters-3.jpg\",\"contentUrl\":\"https:\/\/totenart.com\/noticias\/wp-content\/uploads\/2020\/01\/totenart-cabecera-platano-reuters-3.jpg\",\"width\":620,\"height\":349},{\"@type\":\"BreadcrumbList\",\"@id\":\"https:\/\/totenart.com\/noticias\/el-arte-de-un-platano-pegado-a-la-pared\/#breadcrumb\",\"itemListElement\":[{\"@type\":\"ListItem\",\"position\":1,\"name\":\"Portada\",\"item\":\"https:\/\/totenart.com\/noticias\/\"},{\"@type\":\"ListItem\",\"position\":2,\"name\":\"El arte de un pl\u00e1tano pegado a la pared\"}]},{\"@type\":\"WebSite\",\"@id\":\"https:\/\/totenart.com\/noticias\/#website\",\"url\":\"https:\/\/totenart.com\/noticias\/\",\"name\":\"Noticias de Arte Totenart\",\"description\":\"Blog de noticias del mundo del arte: exposiciones, eventos, nuevos productos y materiales para artistas...\",\"potentialAction\":[{\"@type\":\"SearchAction\",\"target\":{\"@type\":\"EntryPoint\",\"urlTemplate\":\"https:\/\/totenart.com\/noticias\/?s={search_term_string}\"},\"query-input\":{\"@type\":\"PropertyValueSpecification\",\"valueRequired\":true,\"valueName\":\"search_term_string\"}}],\"inLanguage\":\"es\"},{\"@type\":\"Person\",\"@id\":\"https:\/\/totenart.com\/noticias\/#\/schema\/person\/622627e79260ed84a9882a6e3cc51a65\",\"name\":\"Sara\",\"image\":{\"@type\":\"ImageObject\",\"inLanguage\":\"es\",\"@id\":\"https:\/\/secure.gravatar.com\/avatar\/d501f370233ead0a61cfbd4b3b725cd713b3051133beb9360a17501a2bb17172?s=96&d=blank&r=r\",\"url\":\"https:\/\/secure.gravatar.com\/avatar\/d501f370233ead0a61cfbd4b3b725cd713b3051133beb9360a17501a2bb17172?s=96&d=blank&r=r\",\"contentUrl\":\"https:\/\/secure.gravatar.com\/avatar\/d501f370233ead0a61cfbd4b3b725cd713b3051133beb9360a17501a2bb17172?s=96&d=blank&r=r\",\"caption\":\"Sara\"},\"url\":\"https:\/\/totenart.com\/noticias\/author\/sara\/\"}]}<\/script>\n<!-- \/ Yoast SEO plugin. -->","yoast_head_json":{"title":"El arte de un pl\u00e1tano pegado a la pared - Noticias de Arte Totenart","description":"Ya ha pasado un mes desde que Datuna se comi\u00f3 una obra de arte de 120.000 d\u00f3lares pero el pl\u00e1tano pegado a la pared todav\u00eda da que hablar!","robots":{"index":"index","follow":"follow","max-snippet":"max-snippet:-1","max-image-preview":"max-image-preview:large","max-video-preview":"max-video-preview:-1"},"canonical":"https:\/\/totenart.com\/noticias\/el-arte-de-un-platano-pegado-a-la-pared\/","og_locale":"es_ES","og_type":"article","og_title":"El arte de un pl\u00e1tano pegado a la pared - Noticias de Arte Totenart","og_description":"Ya ha pasado un mes desde que Datuna se comi\u00f3 una obra de arte de 120.000 d\u00f3lares pero el pl\u00e1tano pegado a la pared todav\u00eda da que hablar!","og_url":"https:\/\/totenart.com\/noticias\/el-arte-de-un-platano-pegado-a-la-pared\/","og_site_name":"Noticias de Arte Totenart","article_published_time":"2023-05-05T06:12:12+00:00","article_modified_time":"2023-05-05T07:33:33+00:00","og_image":[{"width":620,"height":349,"url":"https:\/\/totenart.com\/noticias\/wp-content\/uploads\/2020\/01\/totenart-cabecera-platano-reuters-3.jpg","type":"image\/jpeg"}],"author":"Sara","twitter_misc":{"Escrito por":"Sara","Tiempo de lectura":"2 minutos"},"schema":{"@context":"https:\/\/schema.org","@graph":[{"@type":"Article","@id":"https:\/\/totenart.com\/noticias\/el-arte-de-un-platano-pegado-a-la-pared\/#article","isPartOf":{"@id":"https:\/\/totenart.com\/noticias\/el-arte-de-un-platano-pegado-a-la-pared\/"},"author":{"name":"Sara","@id":"https:\/\/totenart.com\/noticias\/#\/schema\/person\/622627e79260ed84a9882a6e3cc51a65"},"headline":"El arte de un pl\u00e1tano pegado a la pared","datePublished":"2023-05-05T06:12:12+00:00","dateModified":"2023-05-05T07:33:33+00:00","mainEntityOfPage":{"@id":"https:\/\/totenart.com\/noticias\/el-arte-de-un-platano-pegado-a-la-pared\/"},"wordCount":401,"commentCount":23,"image":{"@id":"https:\/\/totenart.com\/noticias\/el-arte-de-un-platano-pegado-a-la-pared\/#primaryimage"},"thumbnailUrl":"https:\/\/totenart.com\/noticias\/wp-content\/uploads\/2020\/01\/totenart-cabecera-platano-reuters-3.jpg","keywords":["arte","comedian","cr\u00edtica art\u00edstica","pl\u00e1tano"],"articleSection":["Artista destacado","Exposici\u00f3n"],"inLanguage":"es","potentialAction":[{"@type":"CommentAction","name":"Comment","target":["https:\/\/totenart.com\/noticias\/el-arte-de-un-platano-pegado-a-la-pared\/#respond"]}]},{"@type":"WebPage","@id":"https:\/\/totenart.com\/noticias\/el-arte-de-un-platano-pegado-a-la-pared\/","url":"https:\/\/totenart.com\/noticias\/el-arte-de-un-platano-pegado-a-la-pared\/","name":"El arte de un pl\u00e1tano pegado a la pared - Noticias de Arte Totenart","isPartOf":{"@id":"https:\/\/totenart.com\/noticias\/#website"},"primaryImageOfPage":{"@id":"https:\/\/totenart.com\/noticias\/el-arte-de-un-platano-pegado-a-la-pared\/#primaryimage"},"image":{"@id":"https:\/\/totenart.com\/noticias\/el-arte-de-un-platano-pegado-a-la-pared\/#primaryimage"},"thumbnailUrl":"https:\/\/totenart.com\/noticias\/wp-content\/uploads\/2020\/01\/totenart-cabecera-platano-reuters-3.jpg","datePublished":"2023-05-05T06:12:12+00:00","dateModified":"2023-05-05T07:33:33+00:00","author":{"@id":"https:\/\/totenart.com\/noticias\/#\/schema\/person\/622627e79260ed84a9882a6e3cc51a65"},"description":"Ya ha pasado un mes desde que Datuna se comi\u00f3 una obra de arte de 120.000 d\u00f3lares pero el pl\u00e1tano pegado a la pared todav\u00eda da que hablar!","breadcrumb":{"@id":"https:\/\/totenart.com\/noticias\/el-arte-de-un-platano-pegado-a-la-pared\/#breadcrumb"},"inLanguage":"es","potentialAction":[{"@type":"ReadAction","target":["https:\/\/totenart.com\/noticias\/el-arte-de-un-platano-pegado-a-la-pared\/"]}]},{"@type":"ImageObject","inLanguage":"es","@id":"https:\/\/totenart.com\/noticias\/el-arte-de-un-platano-pegado-a-la-pared\/#primaryimage","url":"https:\/\/totenart.com\/noticias\/wp-content\/uploads\/2020\/01\/totenart-cabecera-platano-reuters-3.jpg","contentUrl":"https:\/\/totenart.com\/noticias\/wp-content\/uploads\/2020\/01\/totenart-cabecera-platano-reuters-3.jpg","width":620,"height":349},{"@type":"BreadcrumbList","@id":"https:\/\/totenart.com\/noticias\/el-arte-de-un-platano-pegado-a-la-pared\/#breadcrumb","itemListElement":[{"@type":"ListItem","position":1,"name":"Portada","item":"https:\/\/totenart.com\/noticias\/"},{"@type":"ListItem","position":2,"name":"El arte de un pl\u00e1tano pegado a la pared"}]},{"@type":"WebSite","@id":"https:\/\/totenart.com\/noticias\/#website","url":"https:\/\/totenart.com\/noticias\/","name":"Noticias de Arte Totenart","description":"Blog de noticias del mundo del arte: exposiciones, eventos, nuevos productos y materiales para artistas...","potentialAction":[{"@type":"SearchAction","target":{"@type":"EntryPoint","urlTemplate":"https:\/\/totenart.com\/noticias\/?s={search_term_string}"},"query-input":{"@type":"PropertyValueSpecification","valueRequired":true,"valueName":"search_term_string"}}],"inLanguage":"es"},{"@type":"Person","@id":"https:\/\/totenart.com\/noticias\/#\/schema\/person\/622627e79260ed84a9882a6e3cc51a65","name":"Sara","image":{"@type":"ImageObject","inLanguage":"es","@id":"https:\/\/secure.gravatar.com\/avatar\/d501f370233ead0a61cfbd4b3b725cd713b3051133beb9360a17501a2bb17172?s=96&d=blank&r=r","url":"https:\/\/secure.gravatar.com\/avatar\/d501f370233ead0a61cfbd4b3b725cd713b3051133beb9360a17501a2bb17172?s=96&d=blank&r=r","contentUrl":"https:\/\/secure.gravatar.com\/avatar\/d501f370233ead0a61cfbd4b3b725cd713b3051133beb9360a17501a2bb17172?s=96&d=blank&r=r","caption":"Sara"},"url":"https:\/\/totenart.com\/noticias\/author\/sara\/"}]}},"_links":{"self":[{"href":"https:\/\/totenart.com\/noticias\/wp-json\/wp\/v2\/posts\/11424","targetHints":{"allow":["GET"]}}],"collection":[{"href":"https:\/\/totenart.com\/noticias\/wp-json\/wp\/v2\/posts"}],"about":[{"href":"https:\/\/totenart.com\/noticias\/wp-json\/wp\/v2\/types\/post"}],"author":[{"embeddable":true,"href":"https:\/\/totenart.com\/noticias\/wp-json\/wp\/v2\/users\/13"}],"replies":[{"embeddable":true,"href":"https:\/\/totenart.com\/noticias\/wp-json\/wp\/v2\/comments?post=11424"}],"version-history":[{"count":1,"href":"https:\/\/totenart.com\/noticias\/wp-json\/wp\/v2\/posts\/11424\/revisions"}],"predecessor-version":[{"id":21238,"href":"https:\/\/totenart.com\/noticias\/wp-json\/wp\/v2\/posts\/11424\/revisions\/21238"}],"wp:featuredmedia":[{"embeddable":true,"href":"https:\/\/totenart.com\/noticias\/wp-json\/wp\/v2\/media\/11433"}],"wp:attachment":[{"href":"https:\/\/totenart.com\/noticias\/wp-json\/wp\/v2\/media?parent=11424"}],"wp:term":[{"taxonomy":"category","embeddable":true,"href":"https:\/\/totenart.com\/noticias\/wp-json\/wp\/v2\/categories?post=11424"},{"taxonomy":"post_tag","embeddable":true,"href":"https:\/\/totenart.com\/noticias\/wp-json\/wp\/v2\/tags?post=11424"}],"curies":[{"name":"wp","href":"https:\/\/api.w.org\/{rel}","templated":true}]}}