



{"id":12600,"date":"2021-09-27T07:20:01","date_gmt":"2021-09-27T05:20:01","guid":{"rendered":"https:\/\/totenart.com\/noticias\/?p=12600"},"modified":"2021-09-27T13:47:02","modified_gmt":"2021-09-27T11:47:02","slug":"quien-era-christo-el-artista-envolvedor","status":"publish","type":"post","link":"https:\/\/totenart.com\/noticias\/quien-era-christo-el-artista-envolvedor\/","title":{"rendered":"\u00bfQui\u00e9n era Christo, el artista envolvedor?"},"content":{"rendered":"<p>Este a\u00f1o nos dej\u00f3 un artista famoso en el mundo entero. El artista Christo Vladimirov Javacheff, que trabaj\u00f3 en diferentes lugares gracias a su <em>Land Art.<\/em>\u00a0Hoy te hablamos\u00a0<strong>de Christo y su arte:<\/strong><\/p>\n<h2><span class=\"ez-toc-section\" id=\"Christo_y_Jeanne-Claude_Biografia\"><\/span>Christo y Jeanne-Claude: Biograf\u00eda<span class=\"ez-toc-section-end\"><\/span><\/h2>\n<p>Christo Vladimirov Javacheff, conocido como Christo, naci\u00f3 el 13 de junio de 1935. El mismo d\u00eda que la que ser\u00eda su mujer y socia en el mundo del arte: <strong>Jeanne-Claude Denat de Guillebon.<\/strong><\/p>\n<p style=\"text-align: center;\"><img loading=\"lazy\" decoding=\"async\" class=\"alignnone wp-image-12611\" src=\"https:\/\/totenart.com\/noticias\/wp-content\/uploads\/2020\/06\/totenart-christo-y-jeanne-claude-300x195.jpg\" alt=\"totenart-christo-jeanne-claude\" width=\"720\" height=\"468\" srcset=\"https:\/\/totenart.com\/noticias\/wp-content\/uploads\/2020\/06\/totenart-christo-y-jeanne-claude-300x195.jpg 300w, https:\/\/totenart.com\/noticias\/wp-content\/uploads\/2020\/06\/totenart-christo-y-jeanne-claude.jpg 640w\" sizes=\"auto, (max-width: 720px) 100vw, 720px\" \/><\/p>\n<p>Christo era hijo de una familia de la \u00e9lite b\u00falgara. Al principio, quiso dedicarse al teatro hasta que finalmente se decidi\u00f3 por el arte. Decepcionado con sus estudios se escap\u00f3 y, escondido en un cami\u00f3n, lleg\u00f3 a Par\u00eds. En este lugar Christo comez\u00f3 a pintar retratos y venderlos a domicilio. Fue as\u00ed como conoci\u00f3 a la que ser\u00eda su pareja, en la peluquer\u00eda de su madre. Desde ese momento,<strong> Christo y Jeanne-Claude ya no se separar\u00edan hasta la muerte de ella en 2009.<\/strong><\/p>\n<p>La historia de amor entre <a href=\"http:\/\/www.christojeanneclaude.net\" target=\"_blank\" rel=\"noopener noreferrer\">Christo y Jeanne-Claude<\/a> es muy relevante ya que va de la mano con la historia del arte de ambos. Hicieron su primera obra juntos y no pararon.\u00a0<strong>La raz\u00f3n de su \u00e9xito no ha sido, ni m\u00e1s, ni menos que la de encontrarse.\u00a0<\/strong>Jeanne-Claude falleci\u00f3 el 18 de noviembre de 2009 y Christo continu\u00f3 trabajando en su l\u00ednea. Unas obras muy costosas de realizar, adem\u00e1s de muy complejas en t\u00e9rminos de log\u00edstica, producci\u00f3n y permisos oficiales.<\/p>\n<h3><span class=\"ez-toc-section\" id=\"El_artista_envolvedor\"><\/span>El artista <em>envolvedor<\/em><span class=\"ez-toc-section-end\"><\/span><\/h3>\n<p>Christo y Jeanne-Claude son conocidos como el <em>artista envolvedor.\u00a0<\/em>Esto se debe a que, en sus obras, se dedicaba a envolver objetos urbanos, rurales y naturales. Este artista comenz\u00f3 a utilizar esta t\u00e9cnica entre los a\u00f1os 50 y 60. <strong>Una \u00e9poca en la que el expresionismo abstracto estaba de moda.\u00a0<\/strong><\/p>\n<p>Pero, <strong>\u00bfPor qu\u00e9 Christo envolv\u00eda construcciones?. <\/strong> Esta pareja quer\u00eda romper con lo que hab\u00eda en ese momento y realizar un arte m\u00e1s presencial. Al envolver obras, los artistas permit\u00edan disfrutar de la pieza as\u00ed como de los alrededores. De esta forma, hac\u00edan que sientieras la importancia del espacio.<\/p>\n<p style=\"text-align: center;\"><img loading=\"lazy\" decoding=\"async\" class=\"alignnone wp-image-12618 size-medium\" src=\"https:\/\/totenart.com\/noticias\/wp-content\/uploads\/2020\/06\/christo-jeanne-claude-totenart-1-300x200.jpg\" alt=\"totenart-christo\" width=\"300\" height=\"200\" srcset=\"https:\/\/totenart.com\/noticias\/wp-content\/uploads\/2020\/06\/christo-jeanne-claude-totenart-1-300x200.jpg 300w, https:\/\/totenart.com\/noticias\/wp-content\/uploads\/2020\/06\/christo-jeanne-claude-totenart-1.jpg 500w\" sizes=\"auto, (max-width: 300px) 100vw, 300px\" \/> <img loading=\"lazy\" decoding=\"async\" class=\"alignnone wp-image-12619 size-medium\" src=\"https:\/\/totenart.com\/noticias\/wp-content\/uploads\/2020\/06\/christo-jeanne-claude-totenart-2-300x199.jpg\" alt=\"totenart-jenne-claude\" width=\"300\" height=\"199\" srcset=\"https:\/\/totenart.com\/noticias\/wp-content\/uploads\/2020\/06\/christo-jeanne-claude-totenart-2-300x199.jpg 300w, https:\/\/totenart.com\/noticias\/wp-content\/uploads\/2020\/06\/christo-jeanne-claude-totenart-2.jpg 500w\" sizes=\"auto, (max-width: 300px) 100vw, 300px\" \/><\/p>\n<p>Sus obras constaban de tres fases:<strong> imaginaci\u00f3n, realizaci\u00f3n y memoria<\/strong>. Cuando ten\u00edan la idea realizaban dibujos y maquetas, las cuales vend\u00edan para recaudar fondos. As\u00ed realizaban la obra real. Una vez realizada, recurr\u00edan a la fotograf\u00eda o al audiovisual para recordarla.<\/p>\n<p>Las obras de Christo y Jeanne-Claude consist\u00edan en la abstracci\u00f3n de las figuras que se ocultaban bajo las telas. De esta forma, creaba un gran misterio, alterando todo el espacio y no solo un edificio en concreto. Adem\u00e1s del misterio de las telas, creaba sombras y espacios en negativo. Para \u00e9l,<strong> la obra era ef\u00edmera por lo que lo importante era su interpretaci\u00f3n.<\/strong><\/p>\n<p>Cuando falleci\u00f3, el artista estaba preparando una obra:<strong> El Arco del Triunfo envuelto<\/strong>. Antes de morir, dej\u00f3 claro que quer\u00eda que esta se llevara a cabo. Y as\u00ed ser\u00e1! Podr\u00e1s visitar su \u00faltima obra en Par\u00eds en 2021. Del 18 de septiembre de 2021 hasta el 3 de octubre <strong>podr\u00e1s visitar la \u00faltima obra de Christo.<\/strong><\/p>\n<p style=\"text-align: center;\"><img loading=\"lazy\" decoding=\"async\" class=\"alignnone wp-image-16993\" src=\"https:\/\/totenart.com\/noticias\/wp-content\/uploads\/2020\/06\/christo.jpg\" alt=\"totenart-arco-del-triunfo-christo-jeanne-claude\" width=\"382\" height=\"254\" srcset=\"https:\/\/totenart.com\/noticias\/wp-content\/uploads\/2020\/06\/christo.jpg 350w, https:\/\/totenart.com\/noticias\/wp-content\/uploads\/2020\/06\/christo-300x200.jpg 300w\" sizes=\"auto, (max-width: 382px) 100vw, 382px\" \/> <img loading=\"lazy\" decoding=\"async\" class=\"alignnone wp-image-16994\" src=\"https:\/\/totenart.com\/noticias\/wp-content\/uploads\/2020\/06\/arc-triunfe-christo-1-211x300-1.jpg\" alt=\"totenart-biograf\u00eda-christo-y-jeanne-claude\" width=\"179\" height=\"255\" \/><\/p>\n<p>\u00bfConoc\u00edas a esta pareja art\u00edstica? Esperamos tus comentarios y, si te ha gustado, comparte:<\/p>\n<div id=\"ez-toc-container\" class=\"ez-toc-v2_0_82_1 counter-hierarchy ez-toc-counter ez-toc-grey ez-toc-container-direction\">\n<div class=\"ez-toc-title-container\">\n<p class=\"ez-toc-title\" style=\"cursor:inherit\">Tabla de contenidos<\/p>\n<span class=\"ez-toc-title-toggle\"><a href=\"#\" class=\"ez-toc-pull-right ez-toc-btn ez-toc-btn-xs ez-toc-btn-default ez-toc-toggle\" aria-label=\"Alternar tabla de contenidos\"><span class=\"ez-toc-js-icon-con\"><span class=\"\"><span class=\"eztoc-hide\" style=\"display:none;\">Toggle<\/span><span class=\"ez-toc-icon-toggle-span\"><svg style=\"fill: #999;color:#999\" xmlns=\"http:\/\/www.w3.org\/2000\/svg\" class=\"list-377408\" width=\"20px\" height=\"20px\" viewBox=\"0 0 24 24\" fill=\"none\"><path d=\"M6 6H4v2h2V6zm14 0H8v2h12V6zM4 11h2v2H4v-2zm16 0H8v2h12v-2zM4 16h2v2H4v-2zm16 0H8v2h12v-2z\" fill=\"currentColor\"><\/path><\/svg><svg style=\"fill: #999;color:#999\" class=\"arrow-unsorted-368013\" xmlns=\"http:\/\/www.w3.org\/2000\/svg\" width=\"10px\" height=\"10px\" viewBox=\"0 0 24 24\" version=\"1.2\" baseProfile=\"tiny\"><path d=\"M18.2 9.3l-6.2-6.3-6.2 6.3c-.2.2-.3.4-.3.7s.1.5.3.7c.2.2.4.3.7.3h11c.3 0 .5-.1.7-.3.2-.2.3-.5.3-.7s-.1-.5-.3-.7zM5.8 14.7l6.2 6.3 6.2-6.3c.2-.2.3-.5.3-.7s-.1-.5-.3-.7c-.2-.2-.4-.3-.7-.3h-11c-.3 0-.5.1-.7.3-.2.2-.3.5-.3.7s.1.5.3.7z\"\/><\/svg><\/span><\/span><\/span><\/a><\/span><\/div>\n<nav><ul class='ez-toc-list ez-toc-list-level-1 ' ><li class='ez-toc-page-1 ez-toc-heading-level-2'><a class=\"ez-toc-link ez-toc-heading-1\" href=\"https:\/\/totenart.com\/noticias\/quien-era-christo-el-artista-envolvedor\/#Christo_y_Jeanne-Claude_Biografia\" >Christo y Jeanne-Claude: Biograf\u00eda<\/a><ul class='ez-toc-list-level-3' ><li class='ez-toc-heading-level-3'><a class=\"ez-toc-link ez-toc-heading-2\" href=\"https:\/\/totenart.com\/noticias\/quien-era-christo-el-artista-envolvedor\/#El_artista_envolvedor\" >El artista envolvedor<\/a><\/li><\/ul><\/li><\/ul><\/nav><\/div>\n","protected":false},"excerpt":{"rendered":"<p>Este a\u00f1o nos dej\u00f3 un artista famoso en el mundo entero. El artista Christo Vladimirov Javacheff, que trabaj\u00f3 en diferentes lugares gracias a su Land Art.\u00a0Hoy te hablamos\u00a0de Christo y su arte: Christo y Jeanne-Claude: Biograf\u00eda Christo Vladimirov Javacheff, conocido como Christo, naci\u00f3 el 13 de junio de 1935. El mismo d\u00eda que la que [&hellip;]<\/p>\n","protected":false},"author":13,"featured_media":16997,"comment_status":"open","ping_status":"open","sticky":false,"template":"","format":"standard","meta":{"footnotes":""},"categories":[9,952],"tags":[1788,146],"class_list":["post-12600","post","type-post","status-publish","format-standard","has-post-thumbnail","hentry","category-formacion","category-movimientos-artisticos","tag-christo-y-jeanne-claude","tag-land-art"],"yoast_head":"<!-- This site is optimized with the Yoast SEO plugin v27.2 - https:\/\/yoast.com\/product\/yoast-seo-wordpress\/ -->\n<title>\u00bfQui\u00e9n era Christo, el artista envolvedor? - Noticias de Arte Totenart<\/title>\n<meta name=\"description\" content=\"Famoso por su Land Art, el artista b\u00falgaro Christo nos dej\u00f3 hace poco... Hoy os hablamos de \u00e9l, su equipo Jeanne-Claude y de su curioso estilo art\u00edstico.\" \/>\n<meta name=\"robots\" content=\"index, follow, max-snippet:-1, max-image-preview:large, max-video-preview:-1\" \/>\n<link rel=\"canonical\" href=\"https:\/\/totenart.com\/noticias\/quien-era-christo-el-artista-envolvedor\/\" \/>\n<meta property=\"og:locale\" content=\"es_ES\" \/>\n<meta property=\"og:type\" content=\"article\" \/>\n<meta property=\"og:title\" content=\"\u00bfQui\u00e9n era Christo, el artista envolvedor? - Noticias de Arte Totenart\" \/>\n<meta property=\"og:description\" content=\"Famoso por su Land Art, el artista b\u00falgaro Christo nos dej\u00f3 hace poco... Hoy os hablamos de \u00e9l, su equipo Jeanne-Claude y de su curioso estilo art\u00edstico.\" \/>\n<meta property=\"og:url\" content=\"https:\/\/totenart.com\/noticias\/quien-era-christo-el-artista-envolvedor\/\" \/>\n<meta property=\"og:site_name\" content=\"Noticias de Arte Totenart\" \/>\n<meta property=\"article:published_time\" content=\"2021-09-27T05:20:01+00:00\" \/>\n<meta property=\"article:modified_time\" content=\"2021-09-27T11:47:02+00:00\" \/>\n<meta property=\"og:image\" content=\"https:\/\/totenart.com\/noticias\/wp-content\/uploads\/2021\/09\/totenart-christo-arco-del-triunfo.jpg\" \/>\n\t<meta property=\"og:image:width\" content=\"500\" \/>\n\t<meta property=\"og:image:height\" content=\"261\" \/>\n\t<meta property=\"og:image:type\" content=\"image\/jpeg\" \/>\n<meta name=\"author\" content=\"Sara\" \/>\n<meta name=\"twitter:label1\" content=\"Escrito por\" \/>\n\t<meta name=\"twitter:data1\" content=\"Sara\" \/>\n\t<meta name=\"twitter:label2\" content=\"Tiempo de lectura\" \/>\n\t<meta name=\"twitter:data2\" content=\"4 minutos\" \/>\n<script type=\"application\/ld+json\" class=\"yoast-schema-graph\">{\"@context\":\"https:\/\/schema.org\",\"@graph\":[{\"@type\":\"Article\",\"@id\":\"https:\/\/totenart.com\/noticias\/quien-era-christo-el-artista-envolvedor\/#article\",\"isPartOf\":{\"@id\":\"https:\/\/totenart.com\/noticias\/quien-era-christo-el-artista-envolvedor\/\"},\"author\":{\"name\":\"Sara\",\"@id\":\"https:\/\/totenart.com\/noticias\/#\/schema\/person\/622627e79260ed84a9882a6e3cc51a65\"},\"headline\":\"\u00bfQui\u00e9n era Christo, el artista envolvedor?\",\"datePublished\":\"2021-09-27T05:20:01+00:00\",\"dateModified\":\"2021-09-27T11:47:02+00:00\",\"mainEntityOfPage\":{\"@id\":\"https:\/\/totenart.com\/noticias\/quien-era-christo-el-artista-envolvedor\/\"},\"wordCount\":548,\"commentCount\":7,\"image\":{\"@id\":\"https:\/\/totenart.com\/noticias\/quien-era-christo-el-artista-envolvedor\/#primaryimage\"},\"thumbnailUrl\":\"https:\/\/totenart.com\/noticias\/wp-content\/uploads\/2021\/09\/totenart-christo-arco-del-triunfo.jpg\",\"keywords\":[\"Christo y Jeanne-Claude\",\"Land Art\"],\"articleSection\":[\"Formaci\u00f3n\",\"Movimientos Art\u00edsticos\"],\"inLanguage\":\"es\",\"potentialAction\":[{\"@type\":\"CommentAction\",\"name\":\"Comment\",\"target\":[\"https:\/\/totenart.com\/noticias\/quien-era-christo-el-artista-envolvedor\/#respond\"]}]},{\"@type\":\"WebPage\",\"@id\":\"https:\/\/totenart.com\/noticias\/quien-era-christo-el-artista-envolvedor\/\",\"url\":\"https:\/\/totenart.com\/noticias\/quien-era-christo-el-artista-envolvedor\/\",\"name\":\"\u00bfQui\u00e9n era Christo, el artista envolvedor? - Noticias de Arte Totenart\",\"isPartOf\":{\"@id\":\"https:\/\/totenart.com\/noticias\/#website\"},\"primaryImageOfPage\":{\"@id\":\"https:\/\/totenart.com\/noticias\/quien-era-christo-el-artista-envolvedor\/#primaryimage\"},\"image\":{\"@id\":\"https:\/\/totenart.com\/noticias\/quien-era-christo-el-artista-envolvedor\/#primaryimage\"},\"thumbnailUrl\":\"https:\/\/totenart.com\/noticias\/wp-content\/uploads\/2021\/09\/totenart-christo-arco-del-triunfo.jpg\",\"datePublished\":\"2021-09-27T05:20:01+00:00\",\"dateModified\":\"2021-09-27T11:47:02+00:00\",\"author\":{\"@id\":\"https:\/\/totenart.com\/noticias\/#\/schema\/person\/622627e79260ed84a9882a6e3cc51a65\"},\"description\":\"Famoso por su Land Art, el artista b\u00falgaro Christo nos dej\u00f3 hace poco... Hoy os hablamos de \u00e9l, su equipo Jeanne-Claude y de su curioso estilo art\u00edstico.\",\"breadcrumb\":{\"@id\":\"https:\/\/totenart.com\/noticias\/quien-era-christo-el-artista-envolvedor\/#breadcrumb\"},\"inLanguage\":\"es\",\"potentialAction\":[{\"@type\":\"ReadAction\",\"target\":[\"https:\/\/totenart.com\/noticias\/quien-era-christo-el-artista-envolvedor\/\"]}]},{\"@type\":\"ImageObject\",\"inLanguage\":\"es\",\"@id\":\"https:\/\/totenart.com\/noticias\/quien-era-christo-el-artista-envolvedor\/#primaryimage\",\"url\":\"https:\/\/totenart.com\/noticias\/wp-content\/uploads\/2021\/09\/totenart-christo-arco-del-triunfo.jpg\",\"contentUrl\":\"https:\/\/totenart.com\/noticias\/wp-content\/uploads\/2021\/09\/totenart-christo-arco-del-triunfo.jpg\",\"width\":500,\"height\":261},{\"@type\":\"BreadcrumbList\",\"@id\":\"https:\/\/totenart.com\/noticias\/quien-era-christo-el-artista-envolvedor\/#breadcrumb\",\"itemListElement\":[{\"@type\":\"ListItem\",\"position\":1,\"name\":\"Portada\",\"item\":\"https:\/\/totenart.com\/noticias\/\"},{\"@type\":\"ListItem\",\"position\":2,\"name\":\"\u00bfQui\u00e9n era Christo, el artista envolvedor?\"}]},{\"@type\":\"WebSite\",\"@id\":\"https:\/\/totenart.com\/noticias\/#website\",\"url\":\"https:\/\/totenart.com\/noticias\/\",\"name\":\"Noticias de Arte Totenart\",\"description\":\"Blog de noticias del mundo del arte: exposiciones, eventos, nuevos productos y materiales para artistas...\",\"potentialAction\":[{\"@type\":\"SearchAction\",\"target\":{\"@type\":\"EntryPoint\",\"urlTemplate\":\"https:\/\/totenart.com\/noticias\/?s={search_term_string}\"},\"query-input\":{\"@type\":\"PropertyValueSpecification\",\"valueRequired\":true,\"valueName\":\"search_term_string\"}}],\"inLanguage\":\"es\"},{\"@type\":\"Person\",\"@id\":\"https:\/\/totenart.com\/noticias\/#\/schema\/person\/622627e79260ed84a9882a6e3cc51a65\",\"name\":\"Sara\",\"image\":{\"@type\":\"ImageObject\",\"inLanguage\":\"es\",\"@id\":\"https:\/\/secure.gravatar.com\/avatar\/d501f370233ead0a61cfbd4b3b725cd713b3051133beb9360a17501a2bb17172?s=96&d=blank&r=r\",\"url\":\"https:\/\/secure.gravatar.com\/avatar\/d501f370233ead0a61cfbd4b3b725cd713b3051133beb9360a17501a2bb17172?s=96&d=blank&r=r\",\"contentUrl\":\"https:\/\/secure.gravatar.com\/avatar\/d501f370233ead0a61cfbd4b3b725cd713b3051133beb9360a17501a2bb17172?s=96&d=blank&r=r\",\"caption\":\"Sara\"},\"url\":\"https:\/\/totenart.com\/noticias\/author\/sara\/\"}]}<\/script>\n<!-- \/ Yoast SEO plugin. -->","yoast_head_json":{"title":"\u00bfQui\u00e9n era Christo, el artista envolvedor? - Noticias de Arte Totenart","description":"Famoso por su Land Art, el artista b\u00falgaro Christo nos dej\u00f3 hace poco... Hoy os hablamos de \u00e9l, su equipo Jeanne-Claude y de su curioso estilo art\u00edstico.","robots":{"index":"index","follow":"follow","max-snippet":"max-snippet:-1","max-image-preview":"max-image-preview:large","max-video-preview":"max-video-preview:-1"},"canonical":"https:\/\/totenart.com\/noticias\/quien-era-christo-el-artista-envolvedor\/","og_locale":"es_ES","og_type":"article","og_title":"\u00bfQui\u00e9n era Christo, el artista envolvedor? - Noticias de Arte Totenart","og_description":"Famoso por su Land Art, el artista b\u00falgaro Christo nos dej\u00f3 hace poco... Hoy os hablamos de \u00e9l, su equipo Jeanne-Claude y de su curioso estilo art\u00edstico.","og_url":"https:\/\/totenart.com\/noticias\/quien-era-christo-el-artista-envolvedor\/","og_site_name":"Noticias de Arte Totenart","article_published_time":"2021-09-27T05:20:01+00:00","article_modified_time":"2021-09-27T11:47:02+00:00","og_image":[{"width":500,"height":261,"url":"https:\/\/totenart.com\/noticias\/wp-content\/uploads\/2021\/09\/totenart-christo-arco-del-triunfo.jpg","type":"image\/jpeg"}],"author":"Sara","twitter_misc":{"Escrito por":"Sara","Tiempo de lectura":"4 minutos"},"schema":{"@context":"https:\/\/schema.org","@graph":[{"@type":"Article","@id":"https:\/\/totenart.com\/noticias\/quien-era-christo-el-artista-envolvedor\/#article","isPartOf":{"@id":"https:\/\/totenart.com\/noticias\/quien-era-christo-el-artista-envolvedor\/"},"author":{"name":"Sara","@id":"https:\/\/totenart.com\/noticias\/#\/schema\/person\/622627e79260ed84a9882a6e3cc51a65"},"headline":"\u00bfQui\u00e9n era Christo, el artista envolvedor?","datePublished":"2021-09-27T05:20:01+00:00","dateModified":"2021-09-27T11:47:02+00:00","mainEntityOfPage":{"@id":"https:\/\/totenart.com\/noticias\/quien-era-christo-el-artista-envolvedor\/"},"wordCount":548,"commentCount":7,"image":{"@id":"https:\/\/totenart.com\/noticias\/quien-era-christo-el-artista-envolvedor\/#primaryimage"},"thumbnailUrl":"https:\/\/totenart.com\/noticias\/wp-content\/uploads\/2021\/09\/totenart-christo-arco-del-triunfo.jpg","keywords":["Christo y Jeanne-Claude","Land Art"],"articleSection":["Formaci\u00f3n","Movimientos Art\u00edsticos"],"inLanguage":"es","potentialAction":[{"@type":"CommentAction","name":"Comment","target":["https:\/\/totenart.com\/noticias\/quien-era-christo-el-artista-envolvedor\/#respond"]}]},{"@type":"WebPage","@id":"https:\/\/totenart.com\/noticias\/quien-era-christo-el-artista-envolvedor\/","url":"https:\/\/totenart.com\/noticias\/quien-era-christo-el-artista-envolvedor\/","name":"\u00bfQui\u00e9n era Christo, el artista envolvedor? - Noticias de Arte Totenart","isPartOf":{"@id":"https:\/\/totenart.com\/noticias\/#website"},"primaryImageOfPage":{"@id":"https:\/\/totenart.com\/noticias\/quien-era-christo-el-artista-envolvedor\/#primaryimage"},"image":{"@id":"https:\/\/totenart.com\/noticias\/quien-era-christo-el-artista-envolvedor\/#primaryimage"},"thumbnailUrl":"https:\/\/totenart.com\/noticias\/wp-content\/uploads\/2021\/09\/totenart-christo-arco-del-triunfo.jpg","datePublished":"2021-09-27T05:20:01+00:00","dateModified":"2021-09-27T11:47:02+00:00","author":{"@id":"https:\/\/totenart.com\/noticias\/#\/schema\/person\/622627e79260ed84a9882a6e3cc51a65"},"description":"Famoso por su Land Art, el artista b\u00falgaro Christo nos dej\u00f3 hace poco... Hoy os hablamos de \u00e9l, su equipo Jeanne-Claude y de su curioso estilo art\u00edstico.","breadcrumb":{"@id":"https:\/\/totenart.com\/noticias\/quien-era-christo-el-artista-envolvedor\/#breadcrumb"},"inLanguage":"es","potentialAction":[{"@type":"ReadAction","target":["https:\/\/totenart.com\/noticias\/quien-era-christo-el-artista-envolvedor\/"]}]},{"@type":"ImageObject","inLanguage":"es","@id":"https:\/\/totenart.com\/noticias\/quien-era-christo-el-artista-envolvedor\/#primaryimage","url":"https:\/\/totenart.com\/noticias\/wp-content\/uploads\/2021\/09\/totenart-christo-arco-del-triunfo.jpg","contentUrl":"https:\/\/totenart.com\/noticias\/wp-content\/uploads\/2021\/09\/totenart-christo-arco-del-triunfo.jpg","width":500,"height":261},{"@type":"BreadcrumbList","@id":"https:\/\/totenart.com\/noticias\/quien-era-christo-el-artista-envolvedor\/#breadcrumb","itemListElement":[{"@type":"ListItem","position":1,"name":"Portada","item":"https:\/\/totenart.com\/noticias\/"},{"@type":"ListItem","position":2,"name":"\u00bfQui\u00e9n era Christo, el artista envolvedor?"}]},{"@type":"WebSite","@id":"https:\/\/totenart.com\/noticias\/#website","url":"https:\/\/totenart.com\/noticias\/","name":"Noticias de Arte Totenart","description":"Blog de noticias del mundo del arte: exposiciones, eventos, nuevos productos y materiales para artistas...","potentialAction":[{"@type":"SearchAction","target":{"@type":"EntryPoint","urlTemplate":"https:\/\/totenart.com\/noticias\/?s={search_term_string}"},"query-input":{"@type":"PropertyValueSpecification","valueRequired":true,"valueName":"search_term_string"}}],"inLanguage":"es"},{"@type":"Person","@id":"https:\/\/totenart.com\/noticias\/#\/schema\/person\/622627e79260ed84a9882a6e3cc51a65","name":"Sara","image":{"@type":"ImageObject","inLanguage":"es","@id":"https:\/\/secure.gravatar.com\/avatar\/d501f370233ead0a61cfbd4b3b725cd713b3051133beb9360a17501a2bb17172?s=96&d=blank&r=r","url":"https:\/\/secure.gravatar.com\/avatar\/d501f370233ead0a61cfbd4b3b725cd713b3051133beb9360a17501a2bb17172?s=96&d=blank&r=r","contentUrl":"https:\/\/secure.gravatar.com\/avatar\/d501f370233ead0a61cfbd4b3b725cd713b3051133beb9360a17501a2bb17172?s=96&d=blank&r=r","caption":"Sara"},"url":"https:\/\/totenart.com\/noticias\/author\/sara\/"}]}},"_links":{"self":[{"href":"https:\/\/totenart.com\/noticias\/wp-json\/wp\/v2\/posts\/12600","targetHints":{"allow":["GET"]}}],"collection":[{"href":"https:\/\/totenart.com\/noticias\/wp-json\/wp\/v2\/posts"}],"about":[{"href":"https:\/\/totenart.com\/noticias\/wp-json\/wp\/v2\/types\/post"}],"author":[{"embeddable":true,"href":"https:\/\/totenart.com\/noticias\/wp-json\/wp\/v2\/users\/13"}],"replies":[{"embeddable":true,"href":"https:\/\/totenart.com\/noticias\/wp-json\/wp\/v2\/comments?post=12600"}],"version-history":[{"count":3,"href":"https:\/\/totenart.com\/noticias\/wp-json\/wp\/v2\/posts\/12600\/revisions"}],"predecessor-version":[{"id":17006,"href":"https:\/\/totenart.com\/noticias\/wp-json\/wp\/v2\/posts\/12600\/revisions\/17006"}],"wp:featuredmedia":[{"embeddable":true,"href":"https:\/\/totenart.com\/noticias\/wp-json\/wp\/v2\/media\/16997"}],"wp:attachment":[{"href":"https:\/\/totenart.com\/noticias\/wp-json\/wp\/v2\/media?parent=12600"}],"wp:term":[{"taxonomy":"category","embeddable":true,"href":"https:\/\/totenart.com\/noticias\/wp-json\/wp\/v2\/categories?post=12600"},{"taxonomy":"post_tag","embeddable":true,"href":"https:\/\/totenart.com\/noticias\/wp-json\/wp\/v2\/tags?post=12600"}],"curies":[{"name":"wp","href":"https:\/\/api.w.org\/{rel}","templated":true}]}}