



{"id":12633,"date":"2024-09-06T06:50:28","date_gmt":"2024-09-06T04:50:28","guid":{"rendered":"https:\/\/totenart.com\/noticias\/?p=12633"},"modified":"2024-09-06T06:57:49","modified_gmt":"2024-09-06T04:57:49","slug":"ecce-homo-valenciano-restauracion-polemica","status":"publish","type":"post","link":"https:\/\/totenart.com\/noticias\/ecce-homo-valenciano-restauracion-polemica\/","title":{"rendered":"El Ecce Homo y otras restauraciones pol\u00e9micas"},"content":{"rendered":"<p>Cada cierto tiempo, una obra de arte se viraliza. Para bien o para mal&#8230; Hoy te dejamos con la<strong> nueva restauraci\u00f3n que est\u00e1 causando pol\u00e9mica: El Ecce Homo valenciano.<\/strong><\/p>\n<h2><span class=\"ez-toc-section\" id=\"La_restauracion_del_Ecce_Homo\"><\/span>La restauraci\u00f3n del Ecce Homo<span class=\"ez-toc-section-end\"><\/span><\/h2>\n<p>En el a\u00f1o 2012, el municipio zaragozano de Borja se hac\u00eda famoso en el mundo entero. Cecilia Gim\u00e9nez, una aficionada a la pintura,\u00a0<em>restaur\u00f3\u00a0<\/em>el\u00a0<strong>Ecce Homo. <\/strong>Una obra que consist\u00eda en una pintura realizada en un muro interno del Santuario de Misericordia de Borja. Una obra de unos 50 cent\u00edmetros de alto por 40 de ancho. Fue realizada por El\u00edas Garc\u00eda Mart\u00ednez en esta localidad, donde sol\u00eda pasar sus vacaciones.<\/p>\n<p><a href=\"https:\/\/totenart.com\/noticias\/wp-content\/uploads\/2020\/06\/totenart-ecce-homo-valenciano1-1.jpg\" target=\"_blank\" rel=\"noopener noreferrer\"><img loading=\"lazy\" decoding=\"async\" class=\"aligncenter wp-image-12636\" src=\"https:\/\/totenart.com\/noticias\/wp-content\/uploads\/2020\/06\/totenart-ecce-homo-valenciano1-1-300x191.jpg\" alt=\"totenart-ecce-homo\" width=\"719\" height=\"458\" srcset=\"https:\/\/totenart.com\/noticias\/wp-content\/uploads\/2020\/06\/totenart-ecce-homo-valenciano1-1-300x191.jpg 300w, https:\/\/totenart.com\/noticias\/wp-content\/uploads\/2020\/06\/totenart-ecce-homo-valenciano1-1.jpg 600w\" sizes=\"auto, (max-width: 719px) 100vw, 719px\" \/><\/a><\/p>\n<p>Esta restauraci\u00f3n fallida dio la vuelta al mundo y puso a Borja en el mapa. Este fen\u00f3meno hizo que el peque\u00f1o municipio zaragozano superara las 200.000 visitas. Ahora, 8 a\u00f1os despu\u00e9s, aparece un nuevo caso de una restauraci\u00f3n fallida. Por supuesto, esta no se parece nada a la original. As\u00ed, nace<strong> un nuevo fen\u00f3meno viral: El Ecce Homo valenciano.<\/strong><\/p>\n<h3><span class=\"ez-toc-section\" id=\"Nueva_restauracion_polemica\"><\/span>Nueva restauraci\u00f3n pol\u00e9mica<span class=\"ez-toc-section-end\"><\/span><\/h3>\n<p>Como te dec\u00edamos, ocho a\u00f1os despu\u00e9s, aparece un nuevo caso de \u2018Ecce Homo\u2019. Aunque esta vez en Valencia. <strong>Ha sido en nuestra ciudad en donde se ha realizado otra pol\u00e9mica restauraci\u00f3n<\/strong>. Por suerte, la obra <em>restaurada <\/em>era una\u00a0<strong>copia de La Virgen Inmaculada de Murillo. <\/strong>Y no una obra original. A pesar de esto, la obra ten\u00eda un gran valor, monetario y sentimental.<\/p>\n<p><a href=\"https:\/\/totenart.com\/noticias\/wp-content\/uploads\/2020\/06\/restauracion-polemica-ecce-homo-1.jpg\" target=\"_blank\" rel=\"noopener noreferrer\"><img loading=\"lazy\" decoding=\"async\" class=\"aligncenter wp-image-12639\" src=\"https:\/\/totenart.com\/noticias\/wp-content\/uploads\/2020\/06\/restauracion-polemica-ecce-homo-1-300x279.jpg\" alt=\"totenart-ecce-homo-valenciano\" width=\"660\" height=\"614\" srcset=\"https:\/\/totenart.com\/noticias\/wp-content\/uploads\/2020\/06\/restauracion-polemica-ecce-homo-1-300x279.jpg 300w, https:\/\/totenart.com\/noticias\/wp-content\/uploads\/2020\/06\/restauracion-polemica-ecce-homo-1-768x713.jpg 768w, https:\/\/totenart.com\/noticias\/wp-content\/uploads\/2020\/06\/restauracion-polemica-ecce-homo-1.jpg 811w\" sizes=\"auto, (max-width: 660px) 100vw, 660px\" \/><\/a><\/p>\n<p>Como se observa en la fotograf\u00eda, la obra sufri\u00f3 dos restauraciones. Todo empez\u00f3 cuando un coleccionista valenciano decidi\u00f3 restaurar la obra. No fue la \u00fanica que restaur\u00f3, pagando un total de 1.200 euros. Cuando <strong>el restaurador de muebles<\/strong> le devolvi\u00f3 la pieza, el propietario observ\u00f3 que la obra estaba desfigurada. Por supuesto, <strong>su apariencia no ten\u00eda nada que ver con la original.\u00a0<\/strong>La nueva Virgen era muy similar al\u00a0<strong>Ecce Homo de Cecilia Gim\u00e9nez.<\/strong><\/p>\n<p>Cuando el propietario de la obra pidi\u00f3 explicaciones de aquella <em>restauraci\u00f3n<\/em>, el restaurador trat\u00f3 de solucionar el problema. El resultado de esta segunda restauraci\u00f3n ha sido algo mucho peor. Tras todo esto, el coleccionista se ha visto obligado a contratar otro restaurador. Esta vez, un especialista, para intentar reparar el Ecce Homo de Valencia.<\/p>\n<p>Como hemos comentado, el restaurador era realmente un restaurador de muebles. La familia del propietario de la obra confiaba plenamente en sus servicios ya que hab\u00edan trabajado con \u00e9l en otras ocasiones. Pero claro, no es lo mismo restaurar un mueble que una obra de arte. Naci\u00f3 as\u00ed el ya famoso\u00a0<strong>Ecce Homo valenciano.\u00a0<\/strong><\/p>\n<h3><span class=\"ez-toc-section\" id=\"El_Ecce_Homo_Palentino\"><\/span>El Ecce Homo Palentino<span class=\"ez-toc-section-end\"><\/span><\/h3>\n<p>Por si esta lista se quedara corta,\u00a0<strong>hay un nuevo Ecce Homo.<\/strong> Esta vez ha sido el turno de Palencia que se ha vuelto viral por el descubrimiento de esta \u00abrestauraci\u00f3n\u00bb.<\/p>\n<p style=\"text-align: center;\"><img loading=\"lazy\" decoding=\"async\" class=\"wp-image-13671 size-full alignnone\" src=\"https:\/\/totenart.com\/noticias\/wp-content\/uploads\/2020\/06\/ecce-homo-palencia-totenart.jpg\" alt=\"totenart-ecce-homo-valencia\" width=\"720\" height=\"395\" srcset=\"https:\/\/totenart.com\/noticias\/wp-content\/uploads\/2020\/06\/ecce-homo-palencia-totenart.jpg 720w, https:\/\/totenart.com\/noticias\/wp-content\/uploads\/2020\/06\/ecce-homo-palencia-totenart-300x165.jpg 300w\" sizes=\"auto, (max-width: 720px) 100vw, 720px\" \/><\/p>\n<p>Esta\u00a0<em>restauraci\u00f3n\u00a0<\/em>tuvo lugar en Palencia y, por supuesto, ha indignado a todos los profesionales de este \u00e1mbito. Esta escultura corona una de las torres de un edificio situado en el n\u00famero 9 de la calle Mayor. Ahora, esta escultura de <strong>casi un siglo<\/strong> tiene un rostro completamente deformado: Ojos separados, nariz redonda y rasgos infantiles.<\/p>\n<p>Fue el artista <strong>Antonio Capel,<\/strong> que reside en Palencia desde 1961, el que alert\u00f3 de su hallazgo. Capel tiene su taller frente a esta escultura por lo que, cuando se dio cuenta de esto, no pudo evitar compartir la imagen en sus redes sociales. Adem\u00e1s, el artista afirma que la cabeza de esta estatua se cay\u00f3 en alguna de las reformas del edificio y que, lo m\u00e1s probable, es que nadie se diera cuenta debido a los 20 metros de altura de la fachada.<\/p>\n<p>\u00bfConoc\u00edas estas historias? \u00a1Esperamos tus comentarios y, si te ha gustado, comparte! Por aqu\u00ed te dejo algunos materiales de bellas artes pero, <strong>no te pongas a restaurar:<\/strong><\/p>\n<div id=\"ez-toc-container\" class=\"ez-toc-v2_0_82_1 counter-hierarchy ez-toc-counter ez-toc-grey ez-toc-container-direction\">\n<div class=\"ez-toc-title-container\">\n<p class=\"ez-toc-title\" style=\"cursor:inherit\">Tabla de contenidos<\/p>\n<span class=\"ez-toc-title-toggle\"><a href=\"#\" class=\"ez-toc-pull-right ez-toc-btn ez-toc-btn-xs ez-toc-btn-default ez-toc-toggle\" aria-label=\"Alternar tabla de contenidos\"><span class=\"ez-toc-js-icon-con\"><span class=\"\"><span class=\"eztoc-hide\" style=\"display:none;\">Toggle<\/span><span class=\"ez-toc-icon-toggle-span\"><svg style=\"fill: #999;color:#999\" xmlns=\"http:\/\/www.w3.org\/2000\/svg\" class=\"list-377408\" width=\"20px\" height=\"20px\" viewBox=\"0 0 24 24\" fill=\"none\"><path d=\"M6 6H4v2h2V6zm14 0H8v2h12V6zM4 11h2v2H4v-2zm16 0H8v2h12v-2zM4 16h2v2H4v-2zm16 0H8v2h12v-2z\" fill=\"currentColor\"><\/path><\/svg><svg style=\"fill: #999;color:#999\" class=\"arrow-unsorted-368013\" xmlns=\"http:\/\/www.w3.org\/2000\/svg\" width=\"10px\" height=\"10px\" viewBox=\"0 0 24 24\" version=\"1.2\" baseProfile=\"tiny\"><path d=\"M18.2 9.3l-6.2-6.3-6.2 6.3c-.2.2-.3.4-.3.7s.1.5.3.7c.2.2.4.3.7.3h11c.3 0 .5-.1.7-.3.2-.2.3-.5.3-.7s-.1-.5-.3-.7zM5.8 14.7l6.2 6.3 6.2-6.3c.2-.2.3-.5.3-.7s-.1-.5-.3-.7c-.2-.2-.4-.3-.7-.3h-11c-.3 0-.5.1-.7.3-.2.2-.3.5-.3.7s.1.5.3.7z\"\/><\/svg><\/span><\/span><\/span><\/a><\/span><\/div>\n<nav><ul class='ez-toc-list ez-toc-list-level-1 ' ><li class='ez-toc-page-1 ez-toc-heading-level-2'><a class=\"ez-toc-link ez-toc-heading-1\" href=\"https:\/\/totenart.com\/noticias\/ecce-homo-valenciano-restauracion-polemica\/#La_restauracion_del_Ecce_Homo\" >La restauraci\u00f3n del Ecce Homo<\/a><ul class='ez-toc-list-level-3' ><li class='ez-toc-heading-level-3'><a class=\"ez-toc-link ez-toc-heading-2\" href=\"https:\/\/totenart.com\/noticias\/ecce-homo-valenciano-restauracion-polemica\/#Nueva_restauracion_polemica\" >Nueva restauraci\u00f3n pol\u00e9mica<\/a><\/li><li class='ez-toc-page-1 ez-toc-heading-level-3'><a class=\"ez-toc-link ez-toc-heading-3\" href=\"https:\/\/totenart.com\/noticias\/ecce-homo-valenciano-restauracion-polemica\/#El_Ecce_Homo_Palentino\" >El Ecce Homo Palentino<\/a><\/li><\/ul><\/li><\/ul><\/nav><\/div>\n","protected":false},"excerpt":{"rendered":"<p>Cada cierto tiempo, una obra de arte se viraliza. Para bien o para mal&#8230; Hoy te dejamos con la nueva restauraci\u00f3n que est\u00e1 causando pol\u00e9mica: El Ecce Homo valenciano. La restauraci\u00f3n del Ecce Homo En el a\u00f1o 2012, el municipio zaragozano de Borja se hac\u00eda famoso en el mundo entero. Cecilia Gim\u00e9nez, una aficionada a [&hellip;]<\/p>\n","protected":false},"author":13,"featured_media":13673,"comment_status":"open","ping_status":"open","sticky":false,"template":"","format":"standard","meta":{"footnotes":""},"categories":[697],"tags":[1062,314],"class_list":["post-12633","post","type-post","status-publish","format-standard","has-post-thumbnail","hentry","category-exposicion","tag-ecce-homo","tag-restauracion","product_cat-maletas-oleo-y-acrilico"],"yoast_head":"<!-- This site is optimized with the Yoast SEO plugin v27.2 - https:\/\/yoast.com\/product\/yoast-seo-wordpress\/ -->\n<title>El Ecce Homo y otras restauraciones pol\u00e9micas - Noticias de Arte Totenart<\/title>\n<meta name=\"description\" content=\"Despu\u00e9s del Ecce Homo de Borja llega una nueva pol\u00e9mica. Una copia de La Virgen de Murillo se acaba de convertir en el Ecce Homo Valenciano.\" \/>\n<meta name=\"robots\" content=\"index, follow, max-snippet:-1, max-image-preview:large, max-video-preview:-1\" \/>\n<link rel=\"canonical\" href=\"https:\/\/totenart.com\/noticias\/ecce-homo-valenciano-restauracion-polemica\/\" \/>\n<meta property=\"og:locale\" content=\"es_ES\" \/>\n<meta property=\"og:type\" content=\"article\" \/>\n<meta property=\"og:title\" content=\"El Ecce Homo y otras restauraciones pol\u00e9micas - Noticias de Arte Totenart\" \/>\n<meta property=\"og:description\" content=\"Despu\u00e9s del Ecce Homo de Borja llega una nueva pol\u00e9mica. Una copia de La Virgen de Murillo se acaba de convertir en el Ecce Homo Valenciano.\" \/>\n<meta property=\"og:url\" content=\"https:\/\/totenart.com\/noticias\/ecce-homo-valenciano-restauracion-polemica\/\" \/>\n<meta property=\"og:site_name\" content=\"Noticias de Arte Totenart\" \/>\n<meta property=\"article:published_time\" content=\"2024-09-06T04:50:28+00:00\" \/>\n<meta property=\"article:modified_time\" content=\"2024-09-06T04:57:49+00:00\" \/>\n<meta property=\"og:image\" content=\"https:\/\/totenart.com\/noticias\/wp-content\/uploads\/2020\/11\/totenart-ecce-homo-palencia.jpg\" \/>\n\t<meta property=\"og:image:width\" content=\"720\" \/>\n\t<meta property=\"og:image:height\" content=\"300\" \/>\n\t<meta property=\"og:image:type\" content=\"image\/jpeg\" \/>\n<meta name=\"author\" content=\"Sara\" \/>\n<meta name=\"twitter:label1\" content=\"Escrito por\" \/>\n\t<meta name=\"twitter:data1\" content=\"Sara\" \/>\n\t<meta name=\"twitter:label2\" content=\"Tiempo de lectura\" \/>\n\t<meta name=\"twitter:data2\" content=\"4 minutos\" \/>\n<script type=\"application\/ld+json\" class=\"yoast-schema-graph\">{\"@context\":\"https:\/\/schema.org\",\"@graph\":[{\"@type\":\"Article\",\"@id\":\"https:\/\/totenart.com\/noticias\/ecce-homo-valenciano-restauracion-polemica\/#article\",\"isPartOf\":{\"@id\":\"https:\/\/totenart.com\/noticias\/ecce-homo-valenciano-restauracion-polemica\/\"},\"author\":{\"name\":\"Sara\",\"@id\":\"https:\/\/totenart.com\/noticias\/#\/schema\/person\/622627e79260ed84a9882a6e3cc51a65\"},\"headline\":\"El Ecce Homo y otras restauraciones pol\u00e9micas\",\"datePublished\":\"2024-09-06T04:50:28+00:00\",\"dateModified\":\"2024-09-06T04:57:49+00:00\",\"mainEntityOfPage\":{\"@id\":\"https:\/\/totenart.com\/noticias\/ecce-homo-valenciano-restauracion-polemica\/\"},\"wordCount\":652,\"commentCount\":1,\"image\":{\"@id\":\"https:\/\/totenart.com\/noticias\/ecce-homo-valenciano-restauracion-polemica\/#primaryimage\"},\"thumbnailUrl\":\"https:\/\/totenart.com\/noticias\/wp-content\/uploads\/2020\/11\/totenart-ecce-homo-palencia.jpg\",\"keywords\":[\"ecce homo\",\"restauraci\u00f3n\"],\"articleSection\":[\"Exposici\u00f3n\"],\"inLanguage\":\"es\",\"potentialAction\":[{\"@type\":\"CommentAction\",\"name\":\"Comment\",\"target\":[\"https:\/\/totenart.com\/noticias\/ecce-homo-valenciano-restauracion-polemica\/#respond\"]}]},{\"@type\":\"WebPage\",\"@id\":\"https:\/\/totenart.com\/noticias\/ecce-homo-valenciano-restauracion-polemica\/\",\"url\":\"https:\/\/totenart.com\/noticias\/ecce-homo-valenciano-restauracion-polemica\/\",\"name\":\"El Ecce Homo y otras restauraciones pol\u00e9micas - Noticias de Arte Totenart\",\"isPartOf\":{\"@id\":\"https:\/\/totenart.com\/noticias\/#website\"},\"primaryImageOfPage\":{\"@id\":\"https:\/\/totenart.com\/noticias\/ecce-homo-valenciano-restauracion-polemica\/#primaryimage\"},\"image\":{\"@id\":\"https:\/\/totenart.com\/noticias\/ecce-homo-valenciano-restauracion-polemica\/#primaryimage\"},\"thumbnailUrl\":\"https:\/\/totenart.com\/noticias\/wp-content\/uploads\/2020\/11\/totenart-ecce-homo-palencia.jpg\",\"datePublished\":\"2024-09-06T04:50:28+00:00\",\"dateModified\":\"2024-09-06T04:57:49+00:00\",\"author\":{\"@id\":\"https:\/\/totenart.com\/noticias\/#\/schema\/person\/622627e79260ed84a9882a6e3cc51a65\"},\"description\":\"Despu\u00e9s del Ecce Homo de Borja llega una nueva pol\u00e9mica. Una copia de La Virgen de Murillo se acaba de convertir en el Ecce Homo Valenciano.\",\"breadcrumb\":{\"@id\":\"https:\/\/totenart.com\/noticias\/ecce-homo-valenciano-restauracion-polemica\/#breadcrumb\"},\"inLanguage\":\"es\",\"potentialAction\":[{\"@type\":\"ReadAction\",\"target\":[\"https:\/\/totenart.com\/noticias\/ecce-homo-valenciano-restauracion-polemica\/\"]}]},{\"@type\":\"ImageObject\",\"inLanguage\":\"es\",\"@id\":\"https:\/\/totenart.com\/noticias\/ecce-homo-valenciano-restauracion-polemica\/#primaryimage\",\"url\":\"https:\/\/totenart.com\/noticias\/wp-content\/uploads\/2020\/11\/totenart-ecce-homo-palencia.jpg\",\"contentUrl\":\"https:\/\/totenart.com\/noticias\/wp-content\/uploads\/2020\/11\/totenart-ecce-homo-palencia.jpg\",\"width\":720,\"height\":300},{\"@type\":\"BreadcrumbList\",\"@id\":\"https:\/\/totenart.com\/noticias\/ecce-homo-valenciano-restauracion-polemica\/#breadcrumb\",\"itemListElement\":[{\"@type\":\"ListItem\",\"position\":1,\"name\":\"Portada\",\"item\":\"https:\/\/totenart.com\/noticias\/\"},{\"@type\":\"ListItem\",\"position\":2,\"name\":\"El Ecce Homo y otras restauraciones pol\u00e9micas\"}]},{\"@type\":\"WebSite\",\"@id\":\"https:\/\/totenart.com\/noticias\/#website\",\"url\":\"https:\/\/totenart.com\/noticias\/\",\"name\":\"Noticias de Arte Totenart\",\"description\":\"Blog de noticias del mundo del arte: exposiciones, eventos, nuevos productos y materiales para artistas...\",\"potentialAction\":[{\"@type\":\"SearchAction\",\"target\":{\"@type\":\"EntryPoint\",\"urlTemplate\":\"https:\/\/totenart.com\/noticias\/?s={search_term_string}\"},\"query-input\":{\"@type\":\"PropertyValueSpecification\",\"valueRequired\":true,\"valueName\":\"search_term_string\"}}],\"inLanguage\":\"es\"},{\"@type\":\"Person\",\"@id\":\"https:\/\/totenart.com\/noticias\/#\/schema\/person\/622627e79260ed84a9882a6e3cc51a65\",\"name\":\"Sara\",\"image\":{\"@type\":\"ImageObject\",\"inLanguage\":\"es\",\"@id\":\"https:\/\/secure.gravatar.com\/avatar\/d501f370233ead0a61cfbd4b3b725cd713b3051133beb9360a17501a2bb17172?s=96&d=blank&r=r\",\"url\":\"https:\/\/secure.gravatar.com\/avatar\/d501f370233ead0a61cfbd4b3b725cd713b3051133beb9360a17501a2bb17172?s=96&d=blank&r=r\",\"contentUrl\":\"https:\/\/secure.gravatar.com\/avatar\/d501f370233ead0a61cfbd4b3b725cd713b3051133beb9360a17501a2bb17172?s=96&d=blank&r=r\",\"caption\":\"Sara\"},\"url\":\"https:\/\/totenart.com\/noticias\/author\/sara\/\"}]}<\/script>\n<!-- \/ Yoast SEO plugin. -->","yoast_head_json":{"title":"El Ecce Homo y otras restauraciones pol\u00e9micas - Noticias de Arte Totenart","description":"Despu\u00e9s del Ecce Homo de Borja llega una nueva pol\u00e9mica. Una copia de La Virgen de Murillo se acaba de convertir en el Ecce Homo Valenciano.","robots":{"index":"index","follow":"follow","max-snippet":"max-snippet:-1","max-image-preview":"max-image-preview:large","max-video-preview":"max-video-preview:-1"},"canonical":"https:\/\/totenart.com\/noticias\/ecce-homo-valenciano-restauracion-polemica\/","og_locale":"es_ES","og_type":"article","og_title":"El Ecce Homo y otras restauraciones pol\u00e9micas - Noticias de Arte Totenart","og_description":"Despu\u00e9s del Ecce Homo de Borja llega una nueva pol\u00e9mica. Una copia de La Virgen de Murillo se acaba de convertir en el Ecce Homo Valenciano.","og_url":"https:\/\/totenart.com\/noticias\/ecce-homo-valenciano-restauracion-polemica\/","og_site_name":"Noticias de Arte Totenart","article_published_time":"2024-09-06T04:50:28+00:00","article_modified_time":"2024-09-06T04:57:49+00:00","og_image":[{"width":720,"height":300,"url":"https:\/\/totenart.com\/noticias\/wp-content\/uploads\/2020\/11\/totenart-ecce-homo-palencia.jpg","type":"image\/jpeg"}],"author":"Sara","twitter_misc":{"Escrito por":"Sara","Tiempo de lectura":"4 minutos"},"schema":{"@context":"https:\/\/schema.org","@graph":[{"@type":"Article","@id":"https:\/\/totenart.com\/noticias\/ecce-homo-valenciano-restauracion-polemica\/#article","isPartOf":{"@id":"https:\/\/totenart.com\/noticias\/ecce-homo-valenciano-restauracion-polemica\/"},"author":{"name":"Sara","@id":"https:\/\/totenart.com\/noticias\/#\/schema\/person\/622627e79260ed84a9882a6e3cc51a65"},"headline":"El Ecce Homo y otras restauraciones pol\u00e9micas","datePublished":"2024-09-06T04:50:28+00:00","dateModified":"2024-09-06T04:57:49+00:00","mainEntityOfPage":{"@id":"https:\/\/totenart.com\/noticias\/ecce-homo-valenciano-restauracion-polemica\/"},"wordCount":652,"commentCount":1,"image":{"@id":"https:\/\/totenart.com\/noticias\/ecce-homo-valenciano-restauracion-polemica\/#primaryimage"},"thumbnailUrl":"https:\/\/totenart.com\/noticias\/wp-content\/uploads\/2020\/11\/totenart-ecce-homo-palencia.jpg","keywords":["ecce homo","restauraci\u00f3n"],"articleSection":["Exposici\u00f3n"],"inLanguage":"es","potentialAction":[{"@type":"CommentAction","name":"Comment","target":["https:\/\/totenart.com\/noticias\/ecce-homo-valenciano-restauracion-polemica\/#respond"]}]},{"@type":"WebPage","@id":"https:\/\/totenart.com\/noticias\/ecce-homo-valenciano-restauracion-polemica\/","url":"https:\/\/totenart.com\/noticias\/ecce-homo-valenciano-restauracion-polemica\/","name":"El Ecce Homo y otras restauraciones pol\u00e9micas - Noticias de Arte Totenart","isPartOf":{"@id":"https:\/\/totenart.com\/noticias\/#website"},"primaryImageOfPage":{"@id":"https:\/\/totenart.com\/noticias\/ecce-homo-valenciano-restauracion-polemica\/#primaryimage"},"image":{"@id":"https:\/\/totenart.com\/noticias\/ecce-homo-valenciano-restauracion-polemica\/#primaryimage"},"thumbnailUrl":"https:\/\/totenart.com\/noticias\/wp-content\/uploads\/2020\/11\/totenart-ecce-homo-palencia.jpg","datePublished":"2024-09-06T04:50:28+00:00","dateModified":"2024-09-06T04:57:49+00:00","author":{"@id":"https:\/\/totenart.com\/noticias\/#\/schema\/person\/622627e79260ed84a9882a6e3cc51a65"},"description":"Despu\u00e9s del Ecce Homo de Borja llega una nueva pol\u00e9mica. Una copia de La Virgen de Murillo se acaba de convertir en el Ecce Homo Valenciano.","breadcrumb":{"@id":"https:\/\/totenart.com\/noticias\/ecce-homo-valenciano-restauracion-polemica\/#breadcrumb"},"inLanguage":"es","potentialAction":[{"@type":"ReadAction","target":["https:\/\/totenart.com\/noticias\/ecce-homo-valenciano-restauracion-polemica\/"]}]},{"@type":"ImageObject","inLanguage":"es","@id":"https:\/\/totenart.com\/noticias\/ecce-homo-valenciano-restauracion-polemica\/#primaryimage","url":"https:\/\/totenart.com\/noticias\/wp-content\/uploads\/2020\/11\/totenart-ecce-homo-palencia.jpg","contentUrl":"https:\/\/totenart.com\/noticias\/wp-content\/uploads\/2020\/11\/totenart-ecce-homo-palencia.jpg","width":720,"height":300},{"@type":"BreadcrumbList","@id":"https:\/\/totenart.com\/noticias\/ecce-homo-valenciano-restauracion-polemica\/#breadcrumb","itemListElement":[{"@type":"ListItem","position":1,"name":"Portada","item":"https:\/\/totenart.com\/noticias\/"},{"@type":"ListItem","position":2,"name":"El Ecce Homo y otras restauraciones pol\u00e9micas"}]},{"@type":"WebSite","@id":"https:\/\/totenart.com\/noticias\/#website","url":"https:\/\/totenart.com\/noticias\/","name":"Noticias de Arte Totenart","description":"Blog de noticias del mundo del arte: exposiciones, eventos, nuevos productos y materiales para artistas...","potentialAction":[{"@type":"SearchAction","target":{"@type":"EntryPoint","urlTemplate":"https:\/\/totenart.com\/noticias\/?s={search_term_string}"},"query-input":{"@type":"PropertyValueSpecification","valueRequired":true,"valueName":"search_term_string"}}],"inLanguage":"es"},{"@type":"Person","@id":"https:\/\/totenart.com\/noticias\/#\/schema\/person\/622627e79260ed84a9882a6e3cc51a65","name":"Sara","image":{"@type":"ImageObject","inLanguage":"es","@id":"https:\/\/secure.gravatar.com\/avatar\/d501f370233ead0a61cfbd4b3b725cd713b3051133beb9360a17501a2bb17172?s=96&d=blank&r=r","url":"https:\/\/secure.gravatar.com\/avatar\/d501f370233ead0a61cfbd4b3b725cd713b3051133beb9360a17501a2bb17172?s=96&d=blank&r=r","contentUrl":"https:\/\/secure.gravatar.com\/avatar\/d501f370233ead0a61cfbd4b3b725cd713b3051133beb9360a17501a2bb17172?s=96&d=blank&r=r","caption":"Sara"},"url":"https:\/\/totenart.com\/noticias\/author\/sara\/"}]}},"_links":{"self":[{"href":"https:\/\/totenart.com\/noticias\/wp-json\/wp\/v2\/posts\/12633","targetHints":{"allow":["GET"]}}],"collection":[{"href":"https:\/\/totenart.com\/noticias\/wp-json\/wp\/v2\/posts"}],"about":[{"href":"https:\/\/totenart.com\/noticias\/wp-json\/wp\/v2\/types\/post"}],"author":[{"embeddable":true,"href":"https:\/\/totenart.com\/noticias\/wp-json\/wp\/v2\/users\/13"}],"replies":[{"embeddable":true,"href":"https:\/\/totenart.com\/noticias\/wp-json\/wp\/v2\/comments?post=12633"}],"version-history":[{"count":3,"href":"https:\/\/totenart.com\/noticias\/wp-json\/wp\/v2\/posts\/12633\/revisions"}],"predecessor-version":[{"id":13670,"href":"https:\/\/totenart.com\/noticias\/wp-json\/wp\/v2\/posts\/12633\/revisions\/13670"}],"wp:featuredmedia":[{"embeddable":true,"href":"https:\/\/totenart.com\/noticias\/wp-json\/wp\/v2\/media\/13673"}],"wp:attachment":[{"href":"https:\/\/totenart.com\/noticias\/wp-json\/wp\/v2\/media?parent=12633"}],"wp:term":[{"taxonomy":"category","embeddable":true,"href":"https:\/\/totenart.com\/noticias\/wp-json\/wp\/v2\/categories?post=12633"},{"taxonomy":"post_tag","embeddable":true,"href":"https:\/\/totenart.com\/noticias\/wp-json\/wp\/v2\/tags?post=12633"}],"curies":[{"name":"wp","href":"https:\/\/api.w.org\/{rel}","templated":true}]}}