



{"id":12701,"date":"2020-07-06T12:53:19","date_gmt":"2020-07-06T10:53:19","guid":{"rendered":"https:\/\/totenart.com\/noticias\/?p=12701"},"modified":"2020-07-06T12:53:19","modified_gmt":"2020-07-06T10:53:19","slug":"concurso-grabado-ciec","status":"publish","type":"post","link":"https:\/\/totenart.com\/noticias\/concurso-grabado-ciec\/","title":{"rendered":"Concurso de Grabado: XV Premio Jes\u00fas N\u00fa\u00f1ez"},"content":{"rendered":"<p>\u00a1Nos encantan los concursos de arte! En verdad, nos encanta que os present\u00e9is&#8230; Hoy os traemos un concurso de grabado muy especial:<strong> El XV Premio Internacional de Arte Gr\u00e1fico Jes\u00fas N\u00fa\u00f1ez.<\/strong><\/p>\n<h2><span class=\"ez-toc-section\" id=\"XV_Premio_de_Arte_Grafico_Jesus_Nunez\"><\/span>XV Premio de Arte Gr\u00e1fico Jes\u00fas N\u00fa\u00f1ez<span class=\"ez-toc-section-end\"><\/span><\/h2>\n<p>La Diputaci\u00f3n de A Coru\u00f1a apoya desde hace a\u00f1os la creaci\u00f3n art\u00edstica. Esta entidad apoya el arte gr\u00e1fico, reconociendo la labor realizada por la<strong> Fundaci\u00f3n CIEC\u00a0<\/strong>de Betanzos. Adem\u00e1s, reconoce la amplia trayectoria del artista Jes\u00fas N\u00fa\u00f1ez, su fundador. As\u00ed, la Diputaci\u00f3n de A Corula convoca el\u00a0<strong>XV Premio Internacional de Arte Gr\u00e1fico Jes\u00fas N\u00fa\u00f1ez.<\/strong><\/p>\n<p>Este concurso de grabado est\u00e1 abierto entre el\u00a0<strong>15 de julio y el 20 de septiembre,<\/strong> ambos del 2020. En \u00e9l podr\u00e1s presentar cualquier obra de las siguientes disciplinas: <a href=\"https:\/\/totenart.com\/material-grabado-calcografico?utm_source=post&amp;utm_medium=noticias&amp;utm_campaign=concurso-grabado-ciec\" target=\"_blank\" rel=\"noopener noreferrer\">Grabado calcogr\u00e1fico<\/a>, litograf\u00eda, xilograf\u00eda, serigraf\u00eda y sus derivaciones\u00a0\u00bfLo mejor? <strong>Pueden optar a este premio todas las personas mayores de edad<\/strong>. La \u00fanica restricci\u00f3n es que no hayas obtenido el premio en los cinco a\u00f1os anteriores a \u00e9ste. Adem\u00e1s, las obras presentadas no pueden estar premiadas previamente.<\/p>\n<p><a href=\"https:\/\/totenart.com\/noticias\/wp-content\/uploads\/2020\/07\/totenart-litografia.jpg\" target=\"_blank\" rel=\"noopener noreferrer\"><img loading=\"lazy\" decoding=\"async\" class=\"aligncenter wp-image-12707\" src=\"https:\/\/totenart.com\/noticias\/wp-content\/uploads\/2020\/07\/totenart-litografia-225x300.jpg\" alt=\"totenart-concurso-de-grabado\" width=\"406\" height=\"541\" srcset=\"https:\/\/totenart.com\/noticias\/wp-content\/uploads\/2020\/07\/totenart-litografia-225x300.jpg 225w, https:\/\/totenart.com\/noticias\/wp-content\/uploads\/2020\/07\/totenart-litografia.jpg 500w\" sizes=\"auto, (max-width: 406px) 100vw, 406px\" \/><\/a><\/p>\n<h3><span class=\"ez-toc-section\" id=\"Bases_del_concurso_de_grabado\"><\/span>Bases del concurso de grabado<span class=\"ez-toc-section-end\"><\/span><\/h3>\n<p>Como hemos comentado, este concurso de grabado est\u00e1 abierto a todas las personas mayores de edad. Cada artista puede presentar una obra en cualquiera de las siguientes disciplinas: Grabado calcogr\u00e1fico, litograf\u00eda, xilograf\u00eda, serigraf\u00eda y sus derivaciones. <strong>Respecto al papel, este no exceder\u00e1 las medidas de 76\u00d7112 cm<\/strong> y el tama\u00f1o de la mancha ser\u00e1, como m\u00ednimo, de 28\u00d728 cm. Por otra parte, el grosor de las obras no podr\u00e1 superar 1 cm.<\/p>\n<p><strong>Respecto a los premios de este concurso de grabado\u00a0<\/strong>habr\u00e1 un primer premio de 6.500 \u20ac y una exposici\u00f3n en la Fundaci\u00f3n CIEC. Adem\u00e1s habr\u00e1 dos acc\u00e9sit, cada uno de ellos es una beca de matr\u00edcula de un m\u00f3dulo del M\u00e1ster de Obra Gr\u00e1fica impartido por la Fundaci\u00f3n CIEC.<\/p>\n<p>Si est\u00e1s pensando en presentar tu obra visita las <a href=\"http:\/\/www.fundacionciec.com\/premio-jesus-nunez\/bases\/?utm_source=post&amp;utm_medium=noticias&amp;utm_campaign=concurso-grabado-ciec\" target=\"_blank\" rel=\"noopener noreferrer\">bases del concurso<\/a>. La inscripci\u00f3n es gratuita, por lo que solo tendr\u00e1s que gestionar el env\u00edo de la obra al centro! \u00bfTe animas?<\/p>\n<p><a href=\"https:\/\/totenart.com\/noticias\/wp-content\/uploads\/2020\/07\/totenart-ciec.png\" target=\"_blank\" rel=\"noopener noreferrer\"><img loading=\"lazy\" decoding=\"async\" class=\"aligncenter wp-image-12714\" src=\"https:\/\/totenart.com\/noticias\/wp-content\/uploads\/2020\/07\/totenart-ciec-300x62.png\" alt=\"totenart-concurso-de-grabado-fundacion-ciec\" width=\"629\" height=\"130\" srcset=\"https:\/\/totenart.com\/noticias\/wp-content\/uploads\/2020\/07\/totenart-ciec-300x62.png 300w, https:\/\/totenart.com\/noticias\/wp-content\/uploads\/2020\/07\/totenart-ciec.png 495w\" sizes=\"auto, (max-width: 629px) 100vw, 629px\" \/><\/a><\/p>\n<p>&nbsp;<\/p>\n<p>\u00a1Si te ha gustado, comp\u00e1rtelo en tus redes! Por aqu\u00ed te dejamos algunos de nuestros productos de grabado para que empieces a trabajar:<\/p>\n<p>&nbsp;<\/p>\n<div id=\"ez-toc-container\" class=\"ez-toc-v2_0_82_1 counter-hierarchy ez-toc-counter ez-toc-grey ez-toc-container-direction\">\n<div class=\"ez-toc-title-container\">\n<p class=\"ez-toc-title\" style=\"cursor:inherit\">Tabla de contenidos<\/p>\n<span class=\"ez-toc-title-toggle\"><a href=\"#\" class=\"ez-toc-pull-right ez-toc-btn ez-toc-btn-xs ez-toc-btn-default ez-toc-toggle\" aria-label=\"Alternar tabla de contenidos\"><span class=\"ez-toc-js-icon-con\"><span class=\"\"><span class=\"eztoc-hide\" style=\"display:none;\">Toggle<\/span><span class=\"ez-toc-icon-toggle-span\"><svg style=\"fill: #999;color:#999\" xmlns=\"http:\/\/www.w3.org\/2000\/svg\" class=\"list-377408\" width=\"20px\" height=\"20px\" viewBox=\"0 0 24 24\" fill=\"none\"><path d=\"M6 6H4v2h2V6zm14 0H8v2h12V6zM4 11h2v2H4v-2zm16 0H8v2h12v-2zM4 16h2v2H4v-2zm16 0H8v2h12v-2z\" fill=\"currentColor\"><\/path><\/svg><svg style=\"fill: #999;color:#999\" class=\"arrow-unsorted-368013\" xmlns=\"http:\/\/www.w3.org\/2000\/svg\" width=\"10px\" height=\"10px\" viewBox=\"0 0 24 24\" version=\"1.2\" baseProfile=\"tiny\"><path d=\"M18.2 9.3l-6.2-6.3-6.2 6.3c-.2.2-.3.4-.3.7s.1.5.3.7c.2.2.4.3.7.3h11c.3 0 .5-.1.7-.3.2-.2.3-.5.3-.7s-.1-.5-.3-.7zM5.8 14.7l6.2 6.3 6.2-6.3c.2-.2.3-.5.3-.7s-.1-.5-.3-.7c-.2-.2-.4-.3-.7-.3h-11c-.3 0-.5.1-.7.3-.2.2-.3.5-.3.7s.1.5.3.7z\"\/><\/svg><\/span><\/span><\/span><\/a><\/span><\/div>\n<nav><ul class='ez-toc-list ez-toc-list-level-1 ' ><li class='ez-toc-page-1 ez-toc-heading-level-2'><a class=\"ez-toc-link ez-toc-heading-1\" href=\"https:\/\/totenart.com\/noticias\/concurso-grabado-ciec\/#XV_Premio_de_Arte_Grafico_Jesus_Nunez\" >XV Premio de Arte Gr\u00e1fico Jes\u00fas N\u00fa\u00f1ez<\/a><ul class='ez-toc-list-level-3' ><li class='ez-toc-heading-level-3'><a class=\"ez-toc-link ez-toc-heading-2\" href=\"https:\/\/totenart.com\/noticias\/concurso-grabado-ciec\/#Bases_del_concurso_de_grabado\" >Bases del concurso de grabado<\/a><\/li><\/ul><\/li><\/ul><\/nav><\/div>\n","protected":false},"excerpt":{"rendered":"<p>\u00a1Nos encantan los concursos de arte! En verdad, nos encanta que os present\u00e9is&#8230; Hoy os traemos un concurso de grabado muy especial: El XV Premio Internacional de Arte Gr\u00e1fico Jes\u00fas N\u00fa\u00f1ez. XV Premio de Arte Gr\u00e1fico Jes\u00fas N\u00fa\u00f1ez La Diputaci\u00f3n de A Coru\u00f1a apoya desde hace a\u00f1os la creaci\u00f3n art\u00edstica. Esta entidad apoya el arte [&hellip;]<\/p>\n","protected":false},"author":13,"featured_media":12702,"comment_status":"open","ping_status":"open","sticky":false,"template":"","format":"standard","meta":{"footnotes":""},"categories":[743],"tags":[115,1478,1610],"class_list":["post-12701","post","type-post","status-publish","format-standard","has-post-thumbnail","hentry","category-concurso","tag-concurso","tag-concurso-de-arte","tag-concurso-de-grabado","product_cat-barritas-litograficas-charbonnel-y-korn","product_cat-rodillos-para-xilografia","product_cat-tinta-akua-intaglio"],"yoast_head":"<!-- This site is optimized with the Yoast SEO plugin v27.2 - https:\/\/yoast.com\/product\/yoast-seo-wordpress\/ -->\n<title>Concurso de Grabado: XV Premio Jes\u00fas N\u00fa\u00f1ez - Noticias de Arte Totenart<\/title>\n<meta name=\"description\" content=\"\u00bfTe gustar\u00eda presentarte a un concurso de grabado? Desde el 15 de julio hasta el 11 de septiembre de 2020 puedes presentar tus obras!\" \/>\n<meta name=\"robots\" content=\"index, follow, max-snippet:-1, max-image-preview:large, max-video-preview:-1\" \/>\n<link rel=\"canonical\" href=\"https:\/\/totenart.com\/noticias\/concurso-grabado-ciec\/\" \/>\n<meta property=\"og:locale\" content=\"es_ES\" \/>\n<meta property=\"og:type\" content=\"article\" \/>\n<meta property=\"og:title\" content=\"Concurso de Grabado: XV Premio Jes\u00fas N\u00fa\u00f1ez - Noticias de Arte Totenart\" \/>\n<meta property=\"og:description\" content=\"\u00bfTe gustar\u00eda presentarte a un concurso de grabado? Desde el 15 de julio hasta el 11 de septiembre de 2020 puedes presentar tus obras!\" \/>\n<meta property=\"og:url\" content=\"https:\/\/totenart.com\/noticias\/concurso-grabado-ciec\/\" \/>\n<meta property=\"og:site_name\" content=\"Noticias de Arte Totenart\" \/>\n<meta property=\"article:published_time\" content=\"2020-07-06T10:53:19+00:00\" \/>\n<meta property=\"og:image\" content=\"https:\/\/totenart.com\/noticias\/wp-content\/uploads\/2020\/07\/totenart-litografia-cabecera-concurso.jpg\" \/>\n\t<meta property=\"og:image:width\" content=\"720\" \/>\n\t<meta property=\"og:image:height\" content=\"300\" \/>\n\t<meta property=\"og:image:type\" content=\"image\/jpeg\" \/>\n<meta name=\"author\" content=\"Sara\" \/>\n<meta name=\"twitter:label1\" content=\"Escrito por\" \/>\n\t<meta name=\"twitter:data1\" content=\"Sara\" \/>\n\t<meta name=\"twitter:label2\" content=\"Tiempo de lectura\" \/>\n\t<meta name=\"twitter:data2\" content=\"2 minutos\" \/>\n<script type=\"application\/ld+json\" class=\"yoast-schema-graph\">{\"@context\":\"https:\/\/schema.org\",\"@graph\":[{\"@type\":\"Article\",\"@id\":\"https:\/\/totenart.com\/noticias\/concurso-grabado-ciec\/#article\",\"isPartOf\":{\"@id\":\"https:\/\/totenart.com\/noticias\/concurso-grabado-ciec\/\"},\"author\":{\"name\":\"Sara\",\"@id\":\"https:\/\/totenart.com\/noticias\/#\/schema\/person\/622627e79260ed84a9882a6e3cc51a65\"},\"headline\":\"Concurso de Grabado: XV Premio Jes\u00fas N\u00fa\u00f1ez\",\"datePublished\":\"2020-07-06T10:53:19+00:00\",\"mainEntityOfPage\":{\"@id\":\"https:\/\/totenart.com\/noticias\/concurso-grabado-ciec\/\"},\"wordCount\":402,\"commentCount\":2,\"image\":{\"@id\":\"https:\/\/totenart.com\/noticias\/concurso-grabado-ciec\/#primaryimage\"},\"thumbnailUrl\":\"https:\/\/totenart.com\/noticias\/wp-content\/uploads\/2020\/07\/totenart-litografia-cabecera-concurso.jpg\",\"keywords\":[\"concurso\",\"concurso de arte\",\"concurso de grabado\"],\"articleSection\":[\"Concurso\"],\"inLanguage\":\"es\",\"potentialAction\":[{\"@type\":\"CommentAction\",\"name\":\"Comment\",\"target\":[\"https:\/\/totenart.com\/noticias\/concurso-grabado-ciec\/#respond\"]}]},{\"@type\":\"WebPage\",\"@id\":\"https:\/\/totenart.com\/noticias\/concurso-grabado-ciec\/\",\"url\":\"https:\/\/totenart.com\/noticias\/concurso-grabado-ciec\/\",\"name\":\"Concurso de Grabado: XV Premio Jes\u00fas N\u00fa\u00f1ez - Noticias de Arte Totenart\",\"isPartOf\":{\"@id\":\"https:\/\/totenart.com\/noticias\/#website\"},\"primaryImageOfPage\":{\"@id\":\"https:\/\/totenart.com\/noticias\/concurso-grabado-ciec\/#primaryimage\"},\"image\":{\"@id\":\"https:\/\/totenart.com\/noticias\/concurso-grabado-ciec\/#primaryimage\"},\"thumbnailUrl\":\"https:\/\/totenart.com\/noticias\/wp-content\/uploads\/2020\/07\/totenart-litografia-cabecera-concurso.jpg\",\"datePublished\":\"2020-07-06T10:53:19+00:00\",\"author\":{\"@id\":\"https:\/\/totenart.com\/noticias\/#\/schema\/person\/622627e79260ed84a9882a6e3cc51a65\"},\"description\":\"\u00bfTe gustar\u00eda presentarte a un concurso de grabado? Desde el 15 de julio hasta el 11 de septiembre de 2020 puedes presentar tus obras!\",\"breadcrumb\":{\"@id\":\"https:\/\/totenart.com\/noticias\/concurso-grabado-ciec\/#breadcrumb\"},\"inLanguage\":\"es\",\"potentialAction\":[{\"@type\":\"ReadAction\",\"target\":[\"https:\/\/totenart.com\/noticias\/concurso-grabado-ciec\/\"]}]},{\"@type\":\"ImageObject\",\"inLanguage\":\"es\",\"@id\":\"https:\/\/totenart.com\/noticias\/concurso-grabado-ciec\/#primaryimage\",\"url\":\"https:\/\/totenart.com\/noticias\/wp-content\/uploads\/2020\/07\/totenart-litografia-cabecera-concurso.jpg\",\"contentUrl\":\"https:\/\/totenart.com\/noticias\/wp-content\/uploads\/2020\/07\/totenart-litografia-cabecera-concurso.jpg\",\"width\":720,\"height\":300},{\"@type\":\"BreadcrumbList\",\"@id\":\"https:\/\/totenart.com\/noticias\/concurso-grabado-ciec\/#breadcrumb\",\"itemListElement\":[{\"@type\":\"ListItem\",\"position\":1,\"name\":\"Portada\",\"item\":\"https:\/\/totenart.com\/noticias\/\"},{\"@type\":\"ListItem\",\"position\":2,\"name\":\"Concurso de Grabado: XV Premio Jes\u00fas N\u00fa\u00f1ez\"}]},{\"@type\":\"WebSite\",\"@id\":\"https:\/\/totenart.com\/noticias\/#website\",\"url\":\"https:\/\/totenart.com\/noticias\/\",\"name\":\"Noticias de Arte Totenart\",\"description\":\"Blog de noticias del mundo del arte: exposiciones, eventos, nuevos productos y materiales para artistas...\",\"potentialAction\":[{\"@type\":\"SearchAction\",\"target\":{\"@type\":\"EntryPoint\",\"urlTemplate\":\"https:\/\/totenart.com\/noticias\/?s={search_term_string}\"},\"query-input\":{\"@type\":\"PropertyValueSpecification\",\"valueRequired\":true,\"valueName\":\"search_term_string\"}}],\"inLanguage\":\"es\"},{\"@type\":\"Person\",\"@id\":\"https:\/\/totenart.com\/noticias\/#\/schema\/person\/622627e79260ed84a9882a6e3cc51a65\",\"name\":\"Sara\",\"image\":{\"@type\":\"ImageObject\",\"inLanguage\":\"es\",\"@id\":\"https:\/\/secure.gravatar.com\/avatar\/d501f370233ead0a61cfbd4b3b725cd713b3051133beb9360a17501a2bb17172?s=96&d=blank&r=r\",\"url\":\"https:\/\/secure.gravatar.com\/avatar\/d501f370233ead0a61cfbd4b3b725cd713b3051133beb9360a17501a2bb17172?s=96&d=blank&r=r\",\"contentUrl\":\"https:\/\/secure.gravatar.com\/avatar\/d501f370233ead0a61cfbd4b3b725cd713b3051133beb9360a17501a2bb17172?s=96&d=blank&r=r\",\"caption\":\"Sara\"},\"url\":\"https:\/\/totenart.com\/noticias\/author\/sara\/\"}]}<\/script>\n<!-- \/ Yoast SEO plugin. -->","yoast_head_json":{"title":"Concurso de Grabado: XV Premio Jes\u00fas N\u00fa\u00f1ez - Noticias de Arte Totenart","description":"\u00bfTe gustar\u00eda presentarte a un concurso de grabado? Desde el 15 de julio hasta el 11 de septiembre de 2020 puedes presentar tus obras!","robots":{"index":"index","follow":"follow","max-snippet":"max-snippet:-1","max-image-preview":"max-image-preview:large","max-video-preview":"max-video-preview:-1"},"canonical":"https:\/\/totenart.com\/noticias\/concurso-grabado-ciec\/","og_locale":"es_ES","og_type":"article","og_title":"Concurso de Grabado: XV Premio Jes\u00fas N\u00fa\u00f1ez - Noticias de Arte Totenart","og_description":"\u00bfTe gustar\u00eda presentarte a un concurso de grabado? Desde el 15 de julio hasta el 11 de septiembre de 2020 puedes presentar tus obras!","og_url":"https:\/\/totenart.com\/noticias\/concurso-grabado-ciec\/","og_site_name":"Noticias de Arte Totenart","article_published_time":"2020-07-06T10:53:19+00:00","og_image":[{"width":720,"height":300,"url":"https:\/\/totenart.com\/noticias\/wp-content\/uploads\/2020\/07\/totenart-litografia-cabecera-concurso.jpg","type":"image\/jpeg"}],"author":"Sara","twitter_misc":{"Escrito por":"Sara","Tiempo de lectura":"2 minutos"},"schema":{"@context":"https:\/\/schema.org","@graph":[{"@type":"Article","@id":"https:\/\/totenart.com\/noticias\/concurso-grabado-ciec\/#article","isPartOf":{"@id":"https:\/\/totenart.com\/noticias\/concurso-grabado-ciec\/"},"author":{"name":"Sara","@id":"https:\/\/totenart.com\/noticias\/#\/schema\/person\/622627e79260ed84a9882a6e3cc51a65"},"headline":"Concurso de Grabado: XV Premio Jes\u00fas N\u00fa\u00f1ez","datePublished":"2020-07-06T10:53:19+00:00","mainEntityOfPage":{"@id":"https:\/\/totenart.com\/noticias\/concurso-grabado-ciec\/"},"wordCount":402,"commentCount":2,"image":{"@id":"https:\/\/totenart.com\/noticias\/concurso-grabado-ciec\/#primaryimage"},"thumbnailUrl":"https:\/\/totenart.com\/noticias\/wp-content\/uploads\/2020\/07\/totenart-litografia-cabecera-concurso.jpg","keywords":["concurso","concurso de arte","concurso de grabado"],"articleSection":["Concurso"],"inLanguage":"es","potentialAction":[{"@type":"CommentAction","name":"Comment","target":["https:\/\/totenart.com\/noticias\/concurso-grabado-ciec\/#respond"]}]},{"@type":"WebPage","@id":"https:\/\/totenart.com\/noticias\/concurso-grabado-ciec\/","url":"https:\/\/totenart.com\/noticias\/concurso-grabado-ciec\/","name":"Concurso de Grabado: XV Premio Jes\u00fas N\u00fa\u00f1ez - Noticias de Arte Totenart","isPartOf":{"@id":"https:\/\/totenart.com\/noticias\/#website"},"primaryImageOfPage":{"@id":"https:\/\/totenart.com\/noticias\/concurso-grabado-ciec\/#primaryimage"},"image":{"@id":"https:\/\/totenart.com\/noticias\/concurso-grabado-ciec\/#primaryimage"},"thumbnailUrl":"https:\/\/totenart.com\/noticias\/wp-content\/uploads\/2020\/07\/totenart-litografia-cabecera-concurso.jpg","datePublished":"2020-07-06T10:53:19+00:00","author":{"@id":"https:\/\/totenart.com\/noticias\/#\/schema\/person\/622627e79260ed84a9882a6e3cc51a65"},"description":"\u00bfTe gustar\u00eda presentarte a un concurso de grabado? Desde el 15 de julio hasta el 11 de septiembre de 2020 puedes presentar tus obras!","breadcrumb":{"@id":"https:\/\/totenart.com\/noticias\/concurso-grabado-ciec\/#breadcrumb"},"inLanguage":"es","potentialAction":[{"@type":"ReadAction","target":["https:\/\/totenart.com\/noticias\/concurso-grabado-ciec\/"]}]},{"@type":"ImageObject","inLanguage":"es","@id":"https:\/\/totenart.com\/noticias\/concurso-grabado-ciec\/#primaryimage","url":"https:\/\/totenart.com\/noticias\/wp-content\/uploads\/2020\/07\/totenart-litografia-cabecera-concurso.jpg","contentUrl":"https:\/\/totenart.com\/noticias\/wp-content\/uploads\/2020\/07\/totenart-litografia-cabecera-concurso.jpg","width":720,"height":300},{"@type":"BreadcrumbList","@id":"https:\/\/totenart.com\/noticias\/concurso-grabado-ciec\/#breadcrumb","itemListElement":[{"@type":"ListItem","position":1,"name":"Portada","item":"https:\/\/totenart.com\/noticias\/"},{"@type":"ListItem","position":2,"name":"Concurso de Grabado: XV Premio Jes\u00fas N\u00fa\u00f1ez"}]},{"@type":"WebSite","@id":"https:\/\/totenart.com\/noticias\/#website","url":"https:\/\/totenart.com\/noticias\/","name":"Noticias de Arte Totenart","description":"Blog de noticias del mundo del arte: exposiciones, eventos, nuevos productos y materiales para artistas...","potentialAction":[{"@type":"SearchAction","target":{"@type":"EntryPoint","urlTemplate":"https:\/\/totenart.com\/noticias\/?s={search_term_string}"},"query-input":{"@type":"PropertyValueSpecification","valueRequired":true,"valueName":"search_term_string"}}],"inLanguage":"es"},{"@type":"Person","@id":"https:\/\/totenart.com\/noticias\/#\/schema\/person\/622627e79260ed84a9882a6e3cc51a65","name":"Sara","image":{"@type":"ImageObject","inLanguage":"es","@id":"https:\/\/secure.gravatar.com\/avatar\/d501f370233ead0a61cfbd4b3b725cd713b3051133beb9360a17501a2bb17172?s=96&d=blank&r=r","url":"https:\/\/secure.gravatar.com\/avatar\/d501f370233ead0a61cfbd4b3b725cd713b3051133beb9360a17501a2bb17172?s=96&d=blank&r=r","contentUrl":"https:\/\/secure.gravatar.com\/avatar\/d501f370233ead0a61cfbd4b3b725cd713b3051133beb9360a17501a2bb17172?s=96&d=blank&r=r","caption":"Sara"},"url":"https:\/\/totenart.com\/noticias\/author\/sara\/"}]}},"_links":{"self":[{"href":"https:\/\/totenart.com\/noticias\/wp-json\/wp\/v2\/posts\/12701","targetHints":{"allow":["GET"]}}],"collection":[{"href":"https:\/\/totenart.com\/noticias\/wp-json\/wp\/v2\/posts"}],"about":[{"href":"https:\/\/totenart.com\/noticias\/wp-json\/wp\/v2\/types\/post"}],"author":[{"embeddable":true,"href":"https:\/\/totenart.com\/noticias\/wp-json\/wp\/v2\/users\/13"}],"replies":[{"embeddable":true,"href":"https:\/\/totenart.com\/noticias\/wp-json\/wp\/v2\/comments?post=12701"}],"version-history":[{"count":3,"href":"https:\/\/totenart.com\/noticias\/wp-json\/wp\/v2\/posts\/12701\/revisions"}],"predecessor-version":[{"id":12719,"href":"https:\/\/totenart.com\/noticias\/wp-json\/wp\/v2\/posts\/12701\/revisions\/12719"}],"wp:featuredmedia":[{"embeddable":true,"href":"https:\/\/totenart.com\/noticias\/wp-json\/wp\/v2\/media\/12702"}],"wp:attachment":[{"href":"https:\/\/totenart.com\/noticias\/wp-json\/wp\/v2\/media?parent=12701"}],"wp:term":[{"taxonomy":"category","embeddable":true,"href":"https:\/\/totenart.com\/noticias\/wp-json\/wp\/v2\/categories?post=12701"},{"taxonomy":"post_tag","embeddable":true,"href":"https:\/\/totenart.com\/noticias\/wp-json\/wp\/v2\/tags?post=12701"}],"curies":[{"name":"wp","href":"https:\/\/api.w.org\/{rel}","templated":true}]}}