



{"id":13182,"date":"2022-05-06T08:21:48","date_gmt":"2022-05-06T06:21:48","guid":{"rendered":"https:\/\/totenart.com\/noticias\/?p=13182"},"modified":"2022-05-06T08:43:28","modified_gmt":"2022-05-06T06:43:28","slug":"suzanne-valadon-arte-libertad","status":"publish","type":"post","link":"https:\/\/totenart.com\/noticias\/suzanne-valadon-arte-libertad\/","title":{"rendered":"Suzanne Valadon: Arte y Libertad"},"content":{"rendered":"<p>El 23 de Septiembre nac\u00eda una mujer que pas\u00f3 de musa a artista de una manera maravillosa. Por ese motivo, hoy os queremos hablar de <strong>Suzanne Valadon la artista francesa:<\/strong><\/p>\n<h2><span class=\"ez-toc-section\" id=\"Suzanne_Valadon_biografia\"><\/span>Suzanne Valadon, biograf\u00eda<span class=\"ez-toc-section-end\"><\/span><\/h2>\n<p>Marie-Cl\u00e9mentine Valade, conocida como Suzanne Valadon naci\u00f3 el 23 de Septiembre de 1865. Una \u00e9poca dif\u00edcil para las mujeres que, por suerte, no fue un impedimento para Suzanne.<\/p>\n<p style=\"text-align: center;\"><img loading=\"lazy\" decoding=\"async\" class=\"alignnone wp-image-13186 size-medium\" src=\"https:\/\/totenart.com\/noticias\/wp-content\/uploads\/2020\/09\/suzanne-valadon-231x300.jpg\" alt=\"suzanne-valadon-totenart\" width=\"231\" height=\"300\" srcset=\"https:\/\/totenart.com\/noticias\/wp-content\/uploads\/2020\/09\/suzanne-valadon-231x300.jpg 231w, https:\/\/totenart.com\/noticias\/wp-content\/uploads\/2020\/09\/suzanne-valadon.jpg 395w\" sizes=\"auto, (max-width: 231px) 100vw, 231px\" \/><\/p>\n<p>Suzanne tuvo la suerte de pertenecer a una clase social baja. Naci\u00f3 lejos de Par\u00eds y era hija de una mujer viuda que trabaj\u00f3 muy duro toda su vida. Esto le <strong>permiti\u00f3 decidir sobre su vida en mayor medida que otras mujeres como <a href=\"https:\/\/totenart.com\/noticias\/camille-claudel-la-artista-a-la-sombra-de-rodin\/?utm_source=post&amp;utm_medium=noticias&amp;utm_campaign=suzanne-valadon\" target=\"_blank\" rel=\"noopener noreferrer\">Camille Claudel<\/a>.<\/strong>\u00a0En 1970 ambas se mudan al art\u00edstico barrio de Montmatre. Durante un tiempo, la artista entr\u00f3 a trabajar en el circo y poco a poco se acerc\u00f3 al mundo del arte.<\/p>\n<p>Con solo 15 a\u00f1os, Suzanne era una mujer muy bella que, adem\u00e1s, frecuentaba las zonas m\u00e1s art\u00edsticas. Por este motivo, empez\u00f3 a trabajar como modelo. Puso cara a <strong>muchas mujeres en obras de m\u00faltiples artistas de la \u00e9poca<\/strong>.\u00a0Durante sus a\u00f1os como modelo, Suzanne fue la musa de muchos artistas. Obras como\u00a0<em>La Bebedora <\/em>de Toulouse-Lautrec o\u00a0<em>El almuerzo de los remeros\u00a0<\/em>de Renoir:<\/p>\n<p style=\"text-align: center;\"><img loading=\"lazy\" decoding=\"async\" class=\"alignnone wp-image-13191\" src=\"https:\/\/totenart.com\/noticias\/wp-content\/uploads\/2020\/09\/suzanne-valadon-1-300x253.jpg\" alt=\"\" width=\"263\" height=\"222\" srcset=\"https:\/\/totenart.com\/noticias\/wp-content\/uploads\/2020\/09\/suzanne-valadon-1-300x253.jpg 300w, https:\/\/totenart.com\/noticias\/wp-content\/uploads\/2020\/09\/suzanne-valadon-1.jpg 350w\" sizes=\"auto, (max-width: 263px) 100vw, 263px\" \/><img loading=\"lazy\" decoding=\"async\" class=\"alignnone size-medium wp-image-13190\" src=\"https:\/\/totenart.com\/noticias\/wp-content\/uploads\/2020\/09\/suzanne-valadon-2-300x221.jpg\" alt=\"\" width=\"300\" height=\"221\" srcset=\"https:\/\/totenart.com\/noticias\/wp-content\/uploads\/2020\/09\/suzanne-valadon-2-300x221.jpg 300w, https:\/\/totenart.com\/noticias\/wp-content\/uploads\/2020\/09\/suzanne-valadon-2.jpg 500w\" sizes=\"auto, (max-width: 300px) 100vw, 300px\" \/><\/p>\n<p>Por suerte, durante todo este tiempo Suzanne continu\u00f3 dibujando.\u00a0La compa\u00f1\u00eda de todos los artistas la anim\u00f3 a aprender y a continuar. Un d\u00eda la artista muestra sus dise\u00f1os al grupo de artistas con los que se juntaba. Entre ellos se encontraba, entre otros, Toulouse-Lautrec.<\/p>\n<p>Muchos de los artistas observan el gran talento de la artista. En ese momento, hablan con Degas y Suzanne lo conoce. Es ah\u00ed cuando <strong>Degas acepta a Suzanne como alumna<\/strong> y comienza a dibujar y a pintar con ella. Se cuenta que cuando Degas vio los dibujos de Valadon le dijo <strong>\u00abEres de los nuestros\u00bb.<\/strong><\/p>\n<h2><span class=\"ez-toc-section\" id=\"%C2%BFCual_es_el_estilo_de_Suzanne_Valadon\"><\/span>\u00bfCu\u00e1l es el estilo de Suzanne Valadon?<span class=\"ez-toc-section-end\"><\/span><\/h2>\n<p>Respecto al estilo de la artista, Suzanne siempre trabaj\u00f3 marcando mucho la l\u00ednea. Representando siempre formas volum\u00e9tricas perfectamente compuestas. Adem\u00e1s,<strong> la artista siempre destac\u00f3 por su uso del color:<\/strong><\/p>\n<p style=\"text-align: center;\"><img loading=\"lazy\" decoding=\"async\" class=\"alignnone wp-image-18829 size-full\" src=\"https:\/\/totenart.com\/noticias\/wp-content\/uploads\/2020\/09\/Bol_de_fruits_Valadon-1.jpg\" alt=\"totenart-bol-de-fruta-suzanne-valadon\" width=\"600\" height=\"450\" srcset=\"https:\/\/totenart.com\/noticias\/wp-content\/uploads\/2020\/09\/Bol_de_fruits_Valadon-1.jpg 600w, https:\/\/totenart.com\/noticias\/wp-content\/uploads\/2020\/09\/Bol_de_fruits_Valadon-1-300x225.jpg 300w\" sizes=\"auto, (max-width: 600px) 100vw, 600px\" \/><\/p>\n<p>Se mezcl\u00f3 siempre con impresionistas por lo que la incluimos en la corriente postimpresionista. Adem\u00e1s, aprendi\u00f3 mucho de su mentor: Degas. Respecto a sus temas, Suzanne disfrutaba pintando temas que, en aquella \u00e9poca eran \u00abde hombres\u00bb. <strong>La artista pintaba desnudos femeninos pero tambi\u00e9n masculinos.<\/strong> Algo complicado para una mujer en su \u00e9poca.<\/p>\n<p style=\"text-align: center;\"><img loading=\"lazy\" decoding=\"async\" class=\"alignnone wp-image-18831 size-full\" src=\"https:\/\/totenart.com\/noticias\/wp-content\/uploads\/2020\/09\/SUZANNE-VALADON-TOTENART-1.jpg\" alt=\"suzane-valadon-totenart\" width=\"450\" height=\"606\" srcset=\"https:\/\/totenart.com\/noticias\/wp-content\/uploads\/2020\/09\/SUZANNE-VALADON-TOTENART-1.jpg 450w, https:\/\/totenart.com\/noticias\/wp-content\/uploads\/2020\/09\/SUZANNE-VALADON-TOTENART-1-223x300.jpg 223w\" sizes=\"auto, (max-width: 450px) 100vw, 450px\" \/><\/p>\n<p>Suzanne no disfrut\u00f3 de un gran \u00e9xito en vida. Aunque su obra era incre\u00edble no lleg\u00f3 a vender obras a un buen precio. A pesar de esto, la artista vivi\u00f3 libre y sin impedimentos se dedic\u00f3 a lo que siempre hab\u00eda querido.<\/p>\n<h2><span class=\"ez-toc-section\" id=\"3_Mujeres_artistas_que_tal_vez_no_conoces\"><\/span>3 Mujeres artistas que tal vez no conoces<span class=\"ez-toc-section-end\"><\/span><\/h2>\n<div class=\"contenedor\">\n<div class=\"reproductor\" data-id=\"UbAmyaoWSuI\"><\/div>\n<\/div>\n<p>\u00bfQu\u00e9 te ha parecido el v\u00eddeo? \u00bfConoc\u00edas a esta artista? \u00a1Esperamos tus comentarios! <strong>Si te ha gustado no dudes en compartirlo en tus redes sociales:<\/strong><\/p>\n<div id=\"ez-toc-container\" class=\"ez-toc-v2_0_82_1 counter-hierarchy ez-toc-counter ez-toc-grey ez-toc-container-direction\">\n<div class=\"ez-toc-title-container\">\n<p class=\"ez-toc-title\" style=\"cursor:inherit\">Tabla de contenidos<\/p>\n<span class=\"ez-toc-title-toggle\"><a href=\"#\" class=\"ez-toc-pull-right ez-toc-btn ez-toc-btn-xs ez-toc-btn-default ez-toc-toggle\" aria-label=\"Alternar tabla de contenidos\"><span class=\"ez-toc-js-icon-con\"><span class=\"\"><span class=\"eztoc-hide\" style=\"display:none;\">Toggle<\/span><span class=\"ez-toc-icon-toggle-span\"><svg style=\"fill: #999;color:#999\" xmlns=\"http:\/\/www.w3.org\/2000\/svg\" class=\"list-377408\" width=\"20px\" height=\"20px\" viewBox=\"0 0 24 24\" fill=\"none\"><path d=\"M6 6H4v2h2V6zm14 0H8v2h12V6zM4 11h2v2H4v-2zm16 0H8v2h12v-2zM4 16h2v2H4v-2zm16 0H8v2h12v-2z\" fill=\"currentColor\"><\/path><\/svg><svg style=\"fill: #999;color:#999\" class=\"arrow-unsorted-368013\" xmlns=\"http:\/\/www.w3.org\/2000\/svg\" width=\"10px\" height=\"10px\" viewBox=\"0 0 24 24\" version=\"1.2\" baseProfile=\"tiny\"><path d=\"M18.2 9.3l-6.2-6.3-6.2 6.3c-.2.2-.3.4-.3.7s.1.5.3.7c.2.2.4.3.7.3h11c.3 0 .5-.1.7-.3.2-.2.3-.5.3-.7s-.1-.5-.3-.7zM5.8 14.7l6.2 6.3 6.2-6.3c.2-.2.3-.5.3-.7s-.1-.5-.3-.7c-.2-.2-.4-.3-.7-.3h-11c-.3 0-.5.1-.7.3-.2.2-.3.5-.3.7s.1.5.3.7z\"\/><\/svg><\/span><\/span><\/span><\/a><\/span><\/div>\n<nav><ul class='ez-toc-list ez-toc-list-level-1 ' ><li class='ez-toc-page-1 ez-toc-heading-level-2'><a class=\"ez-toc-link ez-toc-heading-1\" href=\"https:\/\/totenart.com\/noticias\/suzanne-valadon-arte-libertad\/#Suzanne_Valadon_biografia\" >Suzanne Valadon, biograf\u00eda<\/a><\/li><li class='ez-toc-page-1 ez-toc-heading-level-2'><a class=\"ez-toc-link ez-toc-heading-2\" href=\"https:\/\/totenart.com\/noticias\/suzanne-valadon-arte-libertad\/#%C2%BFCual_es_el_estilo_de_Suzanne_Valadon\" >\u00bfCu\u00e1l es el estilo de Suzanne Valadon?<\/a><\/li><li class='ez-toc-page-1 ez-toc-heading-level-2'><a class=\"ez-toc-link ez-toc-heading-3\" href=\"https:\/\/totenart.com\/noticias\/suzanne-valadon-arte-libertad\/#3_Mujeres_artistas_que_tal_vez_no_conoces\" >3 Mujeres artistas que tal vez no conoces<\/a><\/li><\/ul><\/nav><\/div>\n","protected":false},"excerpt":{"rendered":"<p>El 23 de Septiembre nac\u00eda una mujer que pas\u00f3 de musa a artista de una manera maravillosa. Por ese motivo, hoy os queremos hablar de Suzanne Valadon la artista francesa: Suzanne Valadon, biograf\u00eda Marie-Cl\u00e9mentine Valade, conocida como Suzanne Valadon naci\u00f3 el 23 de Septiembre de 1865. Una \u00e9poca dif\u00edcil para las mujeres que, por suerte, [&hellip;]<\/p>\n","protected":false},"author":13,"featured_media":18832,"comment_status":"open","ping_status":"open","sticky":false,"template":"","format":"standard","meta":{"footnotes":""},"categories":[8,9],"tags":[],"class_list":["post-13182","post","type-post","status-publish","format-standard","has-post-thumbnail","hentry","category-artista-destacado","category-formacion"],"yoast_head":"<!-- This site is optimized with the Yoast SEO plugin v27.2 - https:\/\/yoast.com\/product\/yoast-seo-wordpress\/ -->\n<title>Suzanne Valadon: Arte y Libertad - Noticias de Arte Totenart<\/title>\n<meta name=\"description\" content=\"Tal d\u00eda como hoy nac\u00eda una artista que demostr\u00f3 que se pod\u00eda vivir de una forma diferente, hoy te hablamos de Suzanne Valadon\" \/>\n<meta name=\"robots\" content=\"index, follow, max-snippet:-1, max-image-preview:large, max-video-preview:-1\" \/>\n<link rel=\"canonical\" href=\"https:\/\/totenart.com\/noticias\/suzanne-valadon-arte-libertad\/\" \/>\n<meta property=\"og:locale\" content=\"es_ES\" \/>\n<meta property=\"og:type\" content=\"article\" \/>\n<meta property=\"og:title\" content=\"Suzanne Valadon: Arte y Libertad - Noticias de Arte Totenart\" \/>\n<meta property=\"og:description\" content=\"Tal d\u00eda como hoy nac\u00eda una artista que demostr\u00f3 que se pod\u00eda vivir de una forma diferente, hoy te hablamos de Suzanne Valadon\" \/>\n<meta property=\"og:url\" content=\"https:\/\/totenart.com\/noticias\/suzanne-valadon-arte-libertad\/\" \/>\n<meta property=\"og:site_name\" content=\"Noticias de Arte Totenart\" \/>\n<meta property=\"article:published_time\" content=\"2022-05-06T06:21:48+00:00\" \/>\n<meta property=\"article:modified_time\" content=\"2022-05-06T06:43:28+00:00\" \/>\n<meta property=\"og:image\" content=\"https:\/\/totenart.com\/noticias\/wp-content\/uploads\/2020\/09\/totenart-suzanne-valadon-arte-y-libertad-1.jpg\" \/>\n\t<meta property=\"og:image:width\" content=\"648\" \/>\n\t<meta property=\"og:image:height\" content=\"340\" \/>\n\t<meta property=\"og:image:type\" content=\"image\/jpeg\" \/>\n<meta name=\"author\" content=\"Sara\" \/>\n<meta name=\"twitter:label1\" content=\"Escrito por\" \/>\n\t<meta name=\"twitter:data1\" content=\"Sara\" \/>\n\t<meta name=\"twitter:label2\" content=\"Tiempo de lectura\" \/>\n\t<meta name=\"twitter:data2\" content=\"4 minutos\" \/>\n<script type=\"application\/ld+json\" class=\"yoast-schema-graph\">{\"@context\":\"https:\/\/schema.org\",\"@graph\":[{\"@type\":\"Article\",\"@id\":\"https:\/\/totenart.com\/noticias\/suzanne-valadon-arte-libertad\/#article\",\"isPartOf\":{\"@id\":\"https:\/\/totenart.com\/noticias\/suzanne-valadon-arte-libertad\/\"},\"author\":{\"name\":\"Sara\",\"@id\":\"https:\/\/totenart.com\/noticias\/#\/schema\/person\/622627e79260ed84a9882a6e3cc51a65\"},\"headline\":\"Suzanne Valadon: Arte y Libertad\",\"datePublished\":\"2022-05-06T06:21:48+00:00\",\"dateModified\":\"2022-05-06T06:43:28+00:00\",\"mainEntityOfPage\":{\"@id\":\"https:\/\/totenart.com\/noticias\/suzanne-valadon-arte-libertad\/\"},\"wordCount\":488,\"commentCount\":3,\"image\":{\"@id\":\"https:\/\/totenart.com\/noticias\/suzanne-valadon-arte-libertad\/#primaryimage\"},\"thumbnailUrl\":\"https:\/\/totenart.com\/noticias\/wp-content\/uploads\/2020\/09\/totenart-suzanne-valadon-arte-y-libertad-1.jpg\",\"articleSection\":[\"Artista destacado\",\"Formaci\u00f3n\"],\"inLanguage\":\"es\",\"potentialAction\":[{\"@type\":\"CommentAction\",\"name\":\"Comment\",\"target\":[\"https:\/\/totenart.com\/noticias\/suzanne-valadon-arte-libertad\/#respond\"]}]},{\"@type\":\"WebPage\",\"@id\":\"https:\/\/totenart.com\/noticias\/suzanne-valadon-arte-libertad\/\",\"url\":\"https:\/\/totenart.com\/noticias\/suzanne-valadon-arte-libertad\/\",\"name\":\"Suzanne Valadon: Arte y Libertad - Noticias de Arte Totenart\",\"isPartOf\":{\"@id\":\"https:\/\/totenart.com\/noticias\/#website\"},\"primaryImageOfPage\":{\"@id\":\"https:\/\/totenart.com\/noticias\/suzanne-valadon-arte-libertad\/#primaryimage\"},\"image\":{\"@id\":\"https:\/\/totenart.com\/noticias\/suzanne-valadon-arte-libertad\/#primaryimage\"},\"thumbnailUrl\":\"https:\/\/totenart.com\/noticias\/wp-content\/uploads\/2020\/09\/totenart-suzanne-valadon-arte-y-libertad-1.jpg\",\"datePublished\":\"2022-05-06T06:21:48+00:00\",\"dateModified\":\"2022-05-06T06:43:28+00:00\",\"author\":{\"@id\":\"https:\/\/totenart.com\/noticias\/#\/schema\/person\/622627e79260ed84a9882a6e3cc51a65\"},\"description\":\"Tal d\u00eda como hoy nac\u00eda una artista que demostr\u00f3 que se pod\u00eda vivir de una forma diferente, hoy te hablamos de Suzanne Valadon\",\"breadcrumb\":{\"@id\":\"https:\/\/totenart.com\/noticias\/suzanne-valadon-arte-libertad\/#breadcrumb\"},\"inLanguage\":\"es\",\"potentialAction\":[{\"@type\":\"ReadAction\",\"target\":[\"https:\/\/totenart.com\/noticias\/suzanne-valadon-arte-libertad\/\"]}]},{\"@type\":\"ImageObject\",\"inLanguage\":\"es\",\"@id\":\"https:\/\/totenart.com\/noticias\/suzanne-valadon-arte-libertad\/#primaryimage\",\"url\":\"https:\/\/totenart.com\/noticias\/wp-content\/uploads\/2020\/09\/totenart-suzanne-valadon-arte-y-libertad-1.jpg\",\"contentUrl\":\"https:\/\/totenart.com\/noticias\/wp-content\/uploads\/2020\/09\/totenart-suzanne-valadon-arte-y-libertad-1.jpg\",\"width\":648,\"height\":340},{\"@type\":\"BreadcrumbList\",\"@id\":\"https:\/\/totenart.com\/noticias\/suzanne-valadon-arte-libertad\/#breadcrumb\",\"itemListElement\":[{\"@type\":\"ListItem\",\"position\":1,\"name\":\"Portada\",\"item\":\"https:\/\/totenart.com\/noticias\/\"},{\"@type\":\"ListItem\",\"position\":2,\"name\":\"Suzanne Valadon: Arte y Libertad\"}]},{\"@type\":\"WebSite\",\"@id\":\"https:\/\/totenart.com\/noticias\/#website\",\"url\":\"https:\/\/totenart.com\/noticias\/\",\"name\":\"Noticias de Arte Totenart\",\"description\":\"Blog de noticias del mundo del arte: exposiciones, eventos, nuevos productos y materiales para artistas...\",\"potentialAction\":[{\"@type\":\"SearchAction\",\"target\":{\"@type\":\"EntryPoint\",\"urlTemplate\":\"https:\/\/totenart.com\/noticias\/?s={search_term_string}\"},\"query-input\":{\"@type\":\"PropertyValueSpecification\",\"valueRequired\":true,\"valueName\":\"search_term_string\"}}],\"inLanguage\":\"es\"},{\"@type\":\"Person\",\"@id\":\"https:\/\/totenart.com\/noticias\/#\/schema\/person\/622627e79260ed84a9882a6e3cc51a65\",\"name\":\"Sara\",\"image\":{\"@type\":\"ImageObject\",\"inLanguage\":\"es\",\"@id\":\"https:\/\/secure.gravatar.com\/avatar\/d501f370233ead0a61cfbd4b3b725cd713b3051133beb9360a17501a2bb17172?s=96&d=blank&r=r\",\"url\":\"https:\/\/secure.gravatar.com\/avatar\/d501f370233ead0a61cfbd4b3b725cd713b3051133beb9360a17501a2bb17172?s=96&d=blank&r=r\",\"contentUrl\":\"https:\/\/secure.gravatar.com\/avatar\/d501f370233ead0a61cfbd4b3b725cd713b3051133beb9360a17501a2bb17172?s=96&d=blank&r=r\",\"caption\":\"Sara\"},\"url\":\"https:\/\/totenart.com\/noticias\/author\/sara\/\"}]}<\/script>\n<!-- \/ Yoast SEO plugin. -->","yoast_head_json":{"title":"Suzanne Valadon: Arte y Libertad - Noticias de Arte Totenart","description":"Tal d\u00eda como hoy nac\u00eda una artista que demostr\u00f3 que se pod\u00eda vivir de una forma diferente, hoy te hablamos de Suzanne Valadon","robots":{"index":"index","follow":"follow","max-snippet":"max-snippet:-1","max-image-preview":"max-image-preview:large","max-video-preview":"max-video-preview:-1"},"canonical":"https:\/\/totenart.com\/noticias\/suzanne-valadon-arte-libertad\/","og_locale":"es_ES","og_type":"article","og_title":"Suzanne Valadon: Arte y Libertad - Noticias de Arte Totenart","og_description":"Tal d\u00eda como hoy nac\u00eda una artista que demostr\u00f3 que se pod\u00eda vivir de una forma diferente, hoy te hablamos de Suzanne Valadon","og_url":"https:\/\/totenart.com\/noticias\/suzanne-valadon-arte-libertad\/","og_site_name":"Noticias de Arte Totenart","article_published_time":"2022-05-06T06:21:48+00:00","article_modified_time":"2022-05-06T06:43:28+00:00","og_image":[{"width":648,"height":340,"url":"https:\/\/totenart.com\/noticias\/wp-content\/uploads\/2020\/09\/totenart-suzanne-valadon-arte-y-libertad-1.jpg","type":"image\/jpeg"}],"author":"Sara","twitter_misc":{"Escrito por":"Sara","Tiempo de lectura":"4 minutos"},"schema":{"@context":"https:\/\/schema.org","@graph":[{"@type":"Article","@id":"https:\/\/totenart.com\/noticias\/suzanne-valadon-arte-libertad\/#article","isPartOf":{"@id":"https:\/\/totenart.com\/noticias\/suzanne-valadon-arte-libertad\/"},"author":{"name":"Sara","@id":"https:\/\/totenart.com\/noticias\/#\/schema\/person\/622627e79260ed84a9882a6e3cc51a65"},"headline":"Suzanne Valadon: Arte y Libertad","datePublished":"2022-05-06T06:21:48+00:00","dateModified":"2022-05-06T06:43:28+00:00","mainEntityOfPage":{"@id":"https:\/\/totenart.com\/noticias\/suzanne-valadon-arte-libertad\/"},"wordCount":488,"commentCount":3,"image":{"@id":"https:\/\/totenart.com\/noticias\/suzanne-valadon-arte-libertad\/#primaryimage"},"thumbnailUrl":"https:\/\/totenart.com\/noticias\/wp-content\/uploads\/2020\/09\/totenart-suzanne-valadon-arte-y-libertad-1.jpg","articleSection":["Artista destacado","Formaci\u00f3n"],"inLanguage":"es","potentialAction":[{"@type":"CommentAction","name":"Comment","target":["https:\/\/totenart.com\/noticias\/suzanne-valadon-arte-libertad\/#respond"]}]},{"@type":"WebPage","@id":"https:\/\/totenart.com\/noticias\/suzanne-valadon-arte-libertad\/","url":"https:\/\/totenart.com\/noticias\/suzanne-valadon-arte-libertad\/","name":"Suzanne Valadon: Arte y Libertad - Noticias de Arte Totenart","isPartOf":{"@id":"https:\/\/totenart.com\/noticias\/#website"},"primaryImageOfPage":{"@id":"https:\/\/totenart.com\/noticias\/suzanne-valadon-arte-libertad\/#primaryimage"},"image":{"@id":"https:\/\/totenart.com\/noticias\/suzanne-valadon-arte-libertad\/#primaryimage"},"thumbnailUrl":"https:\/\/totenart.com\/noticias\/wp-content\/uploads\/2020\/09\/totenart-suzanne-valadon-arte-y-libertad-1.jpg","datePublished":"2022-05-06T06:21:48+00:00","dateModified":"2022-05-06T06:43:28+00:00","author":{"@id":"https:\/\/totenart.com\/noticias\/#\/schema\/person\/622627e79260ed84a9882a6e3cc51a65"},"description":"Tal d\u00eda como hoy nac\u00eda una artista que demostr\u00f3 que se pod\u00eda vivir de una forma diferente, hoy te hablamos de Suzanne Valadon","breadcrumb":{"@id":"https:\/\/totenart.com\/noticias\/suzanne-valadon-arte-libertad\/#breadcrumb"},"inLanguage":"es","potentialAction":[{"@type":"ReadAction","target":["https:\/\/totenart.com\/noticias\/suzanne-valadon-arte-libertad\/"]}]},{"@type":"ImageObject","inLanguage":"es","@id":"https:\/\/totenart.com\/noticias\/suzanne-valadon-arte-libertad\/#primaryimage","url":"https:\/\/totenart.com\/noticias\/wp-content\/uploads\/2020\/09\/totenart-suzanne-valadon-arte-y-libertad-1.jpg","contentUrl":"https:\/\/totenart.com\/noticias\/wp-content\/uploads\/2020\/09\/totenart-suzanne-valadon-arte-y-libertad-1.jpg","width":648,"height":340},{"@type":"BreadcrumbList","@id":"https:\/\/totenart.com\/noticias\/suzanne-valadon-arte-libertad\/#breadcrumb","itemListElement":[{"@type":"ListItem","position":1,"name":"Portada","item":"https:\/\/totenart.com\/noticias\/"},{"@type":"ListItem","position":2,"name":"Suzanne Valadon: Arte y Libertad"}]},{"@type":"WebSite","@id":"https:\/\/totenart.com\/noticias\/#website","url":"https:\/\/totenart.com\/noticias\/","name":"Noticias de Arte Totenart","description":"Blog de noticias del mundo del arte: exposiciones, eventos, nuevos productos y materiales para artistas...","potentialAction":[{"@type":"SearchAction","target":{"@type":"EntryPoint","urlTemplate":"https:\/\/totenart.com\/noticias\/?s={search_term_string}"},"query-input":{"@type":"PropertyValueSpecification","valueRequired":true,"valueName":"search_term_string"}}],"inLanguage":"es"},{"@type":"Person","@id":"https:\/\/totenart.com\/noticias\/#\/schema\/person\/622627e79260ed84a9882a6e3cc51a65","name":"Sara","image":{"@type":"ImageObject","inLanguage":"es","@id":"https:\/\/secure.gravatar.com\/avatar\/d501f370233ead0a61cfbd4b3b725cd713b3051133beb9360a17501a2bb17172?s=96&d=blank&r=r","url":"https:\/\/secure.gravatar.com\/avatar\/d501f370233ead0a61cfbd4b3b725cd713b3051133beb9360a17501a2bb17172?s=96&d=blank&r=r","contentUrl":"https:\/\/secure.gravatar.com\/avatar\/d501f370233ead0a61cfbd4b3b725cd713b3051133beb9360a17501a2bb17172?s=96&d=blank&r=r","caption":"Sara"},"url":"https:\/\/totenart.com\/noticias\/author\/sara\/"}]}},"_links":{"self":[{"href":"https:\/\/totenart.com\/noticias\/wp-json\/wp\/v2\/posts\/13182","targetHints":{"allow":["GET"]}}],"collection":[{"href":"https:\/\/totenart.com\/noticias\/wp-json\/wp\/v2\/posts"}],"about":[{"href":"https:\/\/totenart.com\/noticias\/wp-json\/wp\/v2\/types\/post"}],"author":[{"embeddable":true,"href":"https:\/\/totenart.com\/noticias\/wp-json\/wp\/v2\/users\/13"}],"replies":[{"embeddable":true,"href":"https:\/\/totenart.com\/noticias\/wp-json\/wp\/v2\/comments?post=13182"}],"version-history":[{"count":2,"href":"https:\/\/totenart.com\/noticias\/wp-json\/wp\/v2\/posts\/13182\/revisions"}],"predecessor-version":[{"id":18833,"href":"https:\/\/totenart.com\/noticias\/wp-json\/wp\/v2\/posts\/13182\/revisions\/18833"}],"wp:featuredmedia":[{"embeddable":true,"href":"https:\/\/totenart.com\/noticias\/wp-json\/wp\/v2\/media\/18832"}],"wp:attachment":[{"href":"https:\/\/totenart.com\/noticias\/wp-json\/wp\/v2\/media?parent=13182"}],"wp:term":[{"taxonomy":"category","embeddable":true,"href":"https:\/\/totenart.com\/noticias\/wp-json\/wp\/v2\/categories?post=13182"},{"taxonomy":"post_tag","embeddable":true,"href":"https:\/\/totenart.com\/noticias\/wp-json\/wp\/v2\/tags?post=13182"}],"curies":[{"name":"wp","href":"https:\/\/api.w.org\/{rel}","templated":true}]}}