



{"id":22727,"date":"2023-11-27T09:29:08","date_gmt":"2023-11-27T08:29:08","guid":{"rendered":"https:\/\/totenart.com\/noticias\/?p=22727"},"modified":"2023-11-27T11:42:20","modified_gmt":"2023-11-27T10:42:20","slug":"taller-gelli-plate-valencia","status":"publish","type":"post","link":"https:\/\/totenart.com\/noticias\/taller-gelli-plate-valencia\/","title":{"rendered":"Taller de Gelli Plate en Valencia"},"content":{"rendered":"<h1><span class=\"ez-toc-section\" id=\"Taller_del_Gelli_Plate_en_Valencia\"><\/span>Taller del Gelli Plate en Valencia<span class=\"ez-toc-section-end\"><\/span><\/h1>\n<p>El gelli plate o impresi\u00f3n en placa de gel es una t\u00e9cnica en auge. Por su originalidad y la comodidad de uso, este estilo de impresi\u00f3n est\u00e1 extendi\u00e9ndose, cada vez m\u00e1s, por todo el mundo art\u00edstico. <a href=\"https:\/\/www.nayralopez.com\/espai-dart\/\" target=\"_blank\" rel=\"noopener\">Nayra L\u00f3pez<\/a> lo sabe y, para que puedas aprender de la mano de una profesional,\u00a0 ha convocado <strong>a la artista Tania Ansio para que os de un taller de gelli plate en Valencia<\/strong> \u00bfQuieres saeber m\u00e1s? \u00a1Sigue leyendo!<\/p>\n<p style=\"text-align: center;\"><img loading=\"lazy\" decoding=\"async\" class=\"alignnone size-full wp-image-22728\" src=\"https:\/\/totenart.com\/noticias\/wp-content\/uploads\/2023\/11\/taller-de-gelli-plate-en-valencia.jpg\" alt=\"\" width=\"500\" height=\"500\" srcset=\"https:\/\/totenart.com\/noticias\/wp-content\/uploads\/2023\/11\/taller-de-gelli-plate-en-valencia.jpg 500w, https:\/\/totenart.com\/noticias\/wp-content\/uploads\/2023\/11\/taller-de-gelli-plate-en-valencia-300x300.jpg 300w, https:\/\/totenart.com\/noticias\/wp-content\/uploads\/2023\/11\/taller-de-gelli-plate-en-valencia-150x150.jpg 150w\" sizes=\"auto, (max-width: 500px) 100vw, 500px\" \/><\/p>\n<h2><span class=\"ez-toc-section\" id=\"%C2%BFQue_es_el_gelli_plate\"><\/span>\u00bfQu\u00e9 es el gelli plate?<span class=\"ez-toc-section-end\"><\/span><\/h2>\n<p>C\u00f3mo explicamos en nuestro tutorial sobre c\u00f3mo usar las <a href=\"https:\/\/totenart.com\/tutoriales\/como-usar-plancha-impresion-gel-speedball\/\" target=\"_blank\" rel=\"noopener\">planchas de gel de Speedball<\/a>, el gelli plate es una t\u00e9cnica muy interesante que, adem\u00e1s, est\u00e1 en tendencia. Gracias a unas <a href=\"https:\/\/totenart.com\/planchas-y-matrices\/planchas-de-gel-para-impresion?utm_source=post&amp;utm_medium=noticias&amp;utm_campaign=taller-gelli-plate\" target=\"_blank\" rel=\"noopener\">placas de gel<\/a> transparentes, <strong>podr\u00e1s realizar m\u00faltiples impresiones con diversas t\u00e9cnicas sobre papel o tela<\/strong>.<\/p>\n<p>Por la originalidad de la t\u00e9cnica y la versatilidad de procedimientos que se pueden llevar a cabo con ella, cada vez son m\u00e1s los artistas que se unen a este nuevo estilo art\u00edstico. <strong>Realizar monotipias en plancha de gel, imprimir estampas o fondos para otros grabados<\/strong> o cocinar tu propia plancha son algunas de las experiencias que aprender\u00e1s en este curso \u00bfTe animas a participar?<\/p>\n<h2><span class=\"ez-toc-section\" id=\"Taller_de_gelli_plate_en_Valencia_con_Tania_Ansio\"><\/span>Taller de gelli plate en Valencia con Tania Ansio<span class=\"ez-toc-section-end\"><\/span><\/h2>\n<p>Si esta novedosa t\u00e9cnica ha llamado tu atenci\u00f3n, <strong>puedes participar en el taller para gelli plate con Tania Ansio. Este taller se celebrar\u00e1 el d\u00eda 16 de diciembre<\/strong> en Espai d&#8217;Art, el taller de la artista valenciana Nayra L\u00f3pez Martos.<\/p>\n<p>Para realizar este curso intensivo no hace falta tener conocimientos previos de grabado. <strong>Gracias a este taller te iniciar\u00e1 en la impresi\u00f3n a trav\u00e9s de las planchas de gel.<\/strong> Por su composici\u00f3n, este material consigue una reproducci\u00f3n excepcional y permite experimentar de manera libre. En este curso aprender\u00e1s a utilizar m\u00faltiples recursos con ellas y a realizar tu propia plancha que te llevar\u00e1s para seguir trabajando en casa.<\/p>\n<p><img loading=\"lazy\" decoding=\"async\" class=\"size-full wp-image-22729 aligncenter\" src=\"https:\/\/totenart.com\/noticias\/wp-content\/uploads\/2023\/11\/tania-ansio-taller-gelli-plate.jpg\" alt=\"\" width=\"400\" height=\"572\" srcset=\"https:\/\/totenart.com\/noticias\/wp-content\/uploads\/2023\/11\/tania-ansio-taller-gelli-plate.jpg 400w, https:\/\/totenart.com\/noticias\/wp-content\/uploads\/2023\/11\/tania-ansio-taller-gelli-plate-210x300.jpg 210w\" sizes=\"auto, (max-width: 400px) 100vw, 400px\" \/><\/p>\n<p>Como hemos comentado, la artista que impartir\u00e1 el curso es <a href=\"https:\/\/taniaansio.wixsite.com\/taniaansio\" target=\"_blank\" rel=\"noopener\">Tania Ansio<\/a>. Artista, grabadora e investigadora, <strong>Ansio compagina sus actividades art\u00edsticas did\u00e1cticas y reivindicativas a trav\u00e9s del Arte.<\/strong> Para ello realiza exposiciones tanto individuales como colectivas y participa en m\u00faltiples talleres y ferias. La artista ya ha realizado m\u00faltiples talleres de gelli plate y grabado en Universidades. Adem\u00e1s, Ansio ha sido seleccionada y premiada en diversos concursos, tanto de grabado como de pintura y instalaci\u00f3n \u00bfTe animas a conocerla?<\/p>\n<h3><span class=\"ez-toc-section\" id=\"Espai_dArt\"><\/span>Espai d&#8217;Art<span class=\"ez-toc-section-end\"><\/span><\/h3>\n<p>Como hemos visto, <strong>el taller se impartir\u00e1 el d\u00eda 16 de diciembre en Valencia.<\/strong> Concretamente en el <a href=\"https:\/\/totenart.com\/directorio\/taller\/espai-dart-nayra-lopez-martos\/\" target=\"_blank\" rel=\"noopener\">Espai d&#8217;Art de Nayra L\u00f3pez Martos<\/a>. Si no conoces el taller, debes saber que se encuentra en un lugar tranquilo, pegado a los jardines de Viveros. Bajo el nombre Espai d\u2019Art encontramos un lugar en el que aprender y compartir arte de una forma muy personal.<\/p>\n<p>Desde diciembre de 2022, este espacio, <strong>ubicado en la Calle Pintor Genaro Lahuerta n\u00ba27 est\u00e1 abierto a m\u00faltiples proyectos art\u00edsticos.<\/strong> Nayra L\u00f3pez no quiere dar clases online, sino disfrutar de este espacio para crear algo diferente. Este mes la artista suma a sus clases de dibujo semanales, una oportunidad \u00fanica de aprender una t\u00e9cnica nueva en una sola sesi\u00f3n \u00bfTe apuntas?<\/p>\n<h2><span class=\"ez-toc-section\" id=\"Como_apuntarte_al_taller\"><\/span>C\u00f3mo apuntarte al taller<span class=\"ez-toc-section-end\"><\/span><\/h2>\n<p>Si quieres saber m\u00e1s sobre este taller o apuntarte antes de que se agoten las plazas puedes consultar directamente con la artista residente. Adem\u00e1s, puedes realizar tus consultas o conseguir una plaza a trav\u00e9s del correo electr\u00f3nico\u00a0<strong>naylomar2@gmail.com.<\/strong><\/p>\n<p style=\"text-align: center;\"><img loading=\"lazy\" decoding=\"async\" class=\"alignnone size-full wp-image-22445\" src=\"https:\/\/totenart.com\/noticias\/wp-content\/uploads\/2023\/10\/totenart-nayra-spai-dart.jpg\" alt=\"\" width=\"680\" height=\"450\" srcset=\"https:\/\/totenart.com\/noticias\/wp-content\/uploads\/2023\/10\/totenart-nayra-spai-dart.jpg 680w, https:\/\/totenart.com\/noticias\/wp-content\/uploads\/2023\/10\/totenart-nayra-spai-dart-300x199.jpg 300w\" sizes=\"auto, (max-width: 680px) 100vw, 680px\" \/><\/p>\n<p>\u00bfConoc\u00edas esta t\u00e9cnica art\u00edstica tan novedosa? \u00a1P\u00e1sate por el <a href=\"https:\/\/www.instagram.com\/nayra.lopez.martos\" target=\"_blank\" rel=\"noopener\">Instagram de Nayra L\u00f3pez<\/a> para estar al <strong>tanto de todos los talleres y novedades que ocurren en su espacio!<\/strong><\/p>\n<div id=\"ez-toc-container\" class=\"ez-toc-v2_0_82_1 counter-hierarchy ez-toc-counter ez-toc-grey ez-toc-container-direction\">\n<div class=\"ez-toc-title-container\">\n<p class=\"ez-toc-title\" style=\"cursor:inherit\">Tabla de contenidos<\/p>\n<span class=\"ez-toc-title-toggle\"><a href=\"#\" class=\"ez-toc-pull-right ez-toc-btn ez-toc-btn-xs ez-toc-btn-default ez-toc-toggle\" aria-label=\"Alternar tabla de contenidos\"><span class=\"ez-toc-js-icon-con\"><span class=\"\"><span class=\"eztoc-hide\" style=\"display:none;\">Toggle<\/span><span class=\"ez-toc-icon-toggle-span\"><svg style=\"fill: #999;color:#999\" xmlns=\"http:\/\/www.w3.org\/2000\/svg\" class=\"list-377408\" width=\"20px\" height=\"20px\" viewBox=\"0 0 24 24\" fill=\"none\"><path d=\"M6 6H4v2h2V6zm14 0H8v2h12V6zM4 11h2v2H4v-2zm16 0H8v2h12v-2zM4 16h2v2H4v-2zm16 0H8v2h12v-2z\" fill=\"currentColor\"><\/path><\/svg><svg style=\"fill: #999;color:#999\" class=\"arrow-unsorted-368013\" xmlns=\"http:\/\/www.w3.org\/2000\/svg\" width=\"10px\" height=\"10px\" viewBox=\"0 0 24 24\" version=\"1.2\" baseProfile=\"tiny\"><path d=\"M18.2 9.3l-6.2-6.3-6.2 6.3c-.2.2-.3.4-.3.7s.1.5.3.7c.2.2.4.3.7.3h11c.3 0 .5-.1.7-.3.2-.2.3-.5.3-.7s-.1-.5-.3-.7zM5.8 14.7l6.2 6.3 6.2-6.3c.2-.2.3-.5.3-.7s-.1-.5-.3-.7c-.2-.2-.4-.3-.7-.3h-11c-.3 0-.5.1-.7.3-.2.2-.3.5-.3.7s.1.5.3.7z\"\/><\/svg><\/span><\/span><\/span><\/a><\/span><\/div>\n<nav><ul class='ez-toc-list ez-toc-list-level-1 ' ><li class='ez-toc-page-1 ez-toc-heading-level-1'><a class=\"ez-toc-link ez-toc-heading-1\" href=\"https:\/\/totenart.com\/noticias\/taller-gelli-plate-valencia\/#Taller_del_Gelli_Plate_en_Valencia\" >Taller del Gelli Plate en Valencia<\/a><ul class='ez-toc-list-level-2' ><li class='ez-toc-heading-level-2'><a class=\"ez-toc-link ez-toc-heading-2\" href=\"https:\/\/totenart.com\/noticias\/taller-gelli-plate-valencia\/#%C2%BFQue_es_el_gelli_plate\" >\u00bfQu\u00e9 es el gelli plate?<\/a><\/li><li class='ez-toc-page-1 ez-toc-heading-level-2'><a class=\"ez-toc-link ez-toc-heading-3\" href=\"https:\/\/totenart.com\/noticias\/taller-gelli-plate-valencia\/#Taller_de_gelli_plate_en_Valencia_con_Tania_Ansio\" >Taller de gelli plate en Valencia con Tania Ansio<\/a><ul class='ez-toc-list-level-3' ><li class='ez-toc-heading-level-3'><a class=\"ez-toc-link ez-toc-heading-4\" href=\"https:\/\/totenart.com\/noticias\/taller-gelli-plate-valencia\/#Espai_dArt\" >Espai d&#8217;Art<\/a><\/li><\/ul><\/li><li class='ez-toc-page-1 ez-toc-heading-level-2'><a class=\"ez-toc-link ez-toc-heading-5\" href=\"https:\/\/totenart.com\/noticias\/taller-gelli-plate-valencia\/#Como_apuntarte_al_taller\" >C\u00f3mo apuntarte al taller<\/a><\/li><\/ul><\/li><\/ul><\/nav><\/div>\n","protected":false},"excerpt":{"rendered":"<p>Taller del Gelli Plate en Valencia El gelli plate o impresi\u00f3n en placa de gel es una t\u00e9cnica en auge. Por su originalidad y la comodidad de uso, este estilo de impresi\u00f3n est\u00e1 extendi\u00e9ndose, cada vez m\u00e1s, por todo el mundo art\u00edstico. Nayra L\u00f3pez lo sabe y, para que puedas aprender de la mano de [&hellip;]<\/p>\n","protected":false},"author":13,"featured_media":22730,"comment_status":"open","ping_status":"closed","sticky":false,"template":"","format":"standard","meta":{"footnotes":""},"categories":[8,9],"tags":[1945,1946],"class_list":["post-22727","post","type-post","status-publish","format-standard","has-post-thumbnail","hentry","category-artista-destacado","category-formacion","tag-gelli-plate","tag-placas-de-gel","product_cat-planchas-de-gel-para-impresion"],"yoast_head":"<!-- This site is optimized with the Yoast SEO plugin v27.2 - https:\/\/yoast.com\/product\/yoast-seo-wordpress\/ -->\n<title>Taller de Gelli Plate en Valencia - Noticias de Arte Totenart<\/title>\n<meta name=\"robots\" content=\"index, follow, max-snippet:-1, max-image-preview:large, max-video-preview:-1\" \/>\n<link rel=\"canonical\" href=\"https:\/\/totenart.com\/noticias\/taller-gelli-plate-valencia\/\" \/>\n<meta property=\"og:locale\" content=\"es_ES\" \/>\n<meta property=\"og:type\" content=\"article\" \/>\n<meta property=\"og:title\" content=\"Taller de Gelli Plate en Valencia - Noticias de Arte Totenart\" \/>\n<meta property=\"og:description\" content=\"Taller del Gelli Plate en Valencia El gelli plate o impresi\u00f3n en placa de gel es una t\u00e9cnica en auge. Por su originalidad y la comodidad de uso, este estilo de impresi\u00f3n est\u00e1 extendi\u00e9ndose, cada vez m\u00e1s, por todo el mundo art\u00edstico. Nayra L\u00f3pez lo sabe y, para que puedas aprender de la mano de [&hellip;]\" \/>\n<meta property=\"og:url\" content=\"https:\/\/totenart.com\/noticias\/taller-gelli-plate-valencia\/\" \/>\n<meta property=\"og:site_name\" content=\"Noticias de Arte Totenart\" \/>\n<meta property=\"article:published_time\" content=\"2023-11-27T08:29:08+00:00\" \/>\n<meta property=\"article:modified_time\" content=\"2023-11-27T10:42:20+00:00\" \/>\n<meta property=\"og:image\" content=\"https:\/\/totenart.com\/noticias\/wp-content\/uploads\/2023\/11\/taller-de-gelli-plate-en-valencia-1.jpg\" \/>\n\t<meta property=\"og:image:width\" content=\"648\" \/>\n\t<meta property=\"og:image:height\" content=\"340\" \/>\n\t<meta property=\"og:image:type\" content=\"image\/jpeg\" \/>\n<meta name=\"author\" content=\"Sara\" \/>\n<meta name=\"twitter:label1\" content=\"Escrito por\" \/>\n\t<meta name=\"twitter:data1\" content=\"Sara\" \/>\n\t<meta name=\"twitter:label2\" content=\"Tiempo de lectura\" \/>\n\t<meta name=\"twitter:data2\" content=\"4 minutos\" \/>\n<script type=\"application\/ld+json\" class=\"yoast-schema-graph\">{\"@context\":\"https:\/\/schema.org\",\"@graph\":[{\"@type\":\"Article\",\"@id\":\"https:\/\/totenart.com\/noticias\/taller-gelli-plate-valencia\/#article\",\"isPartOf\":{\"@id\":\"https:\/\/totenart.com\/noticias\/taller-gelli-plate-valencia\/\"},\"author\":{\"name\":\"Sara\",\"@id\":\"https:\/\/totenart.com\/noticias\/#\/schema\/person\/622627e79260ed84a9882a6e3cc51a65\"},\"headline\":\"Taller de Gelli Plate en Valencia\",\"datePublished\":\"2023-11-27T08:29:08+00:00\",\"dateModified\":\"2023-11-27T10:42:20+00:00\",\"mainEntityOfPage\":{\"@id\":\"https:\/\/totenart.com\/noticias\/taller-gelli-plate-valencia\/\"},\"wordCount\":647,\"commentCount\":2,\"image\":{\"@id\":\"https:\/\/totenart.com\/noticias\/taller-gelli-plate-valencia\/#primaryimage\"},\"thumbnailUrl\":\"https:\/\/totenart.com\/noticias\/wp-content\/uploads\/2023\/11\/taller-de-gelli-plate-en-valencia-1.jpg\",\"keywords\":[\"gelli plate\",\"placas de gel\"],\"articleSection\":[\"Artista destacado\",\"Formaci\u00f3n\"],\"inLanguage\":\"es\",\"potentialAction\":[{\"@type\":\"CommentAction\",\"name\":\"Comment\",\"target\":[\"https:\/\/totenart.com\/noticias\/taller-gelli-plate-valencia\/#respond\"]}]},{\"@type\":\"WebPage\",\"@id\":\"https:\/\/totenart.com\/noticias\/taller-gelli-plate-valencia\/\",\"url\":\"https:\/\/totenart.com\/noticias\/taller-gelli-plate-valencia\/\",\"name\":\"Taller de Gelli Plate en Valencia - Noticias de Arte Totenart\",\"isPartOf\":{\"@id\":\"https:\/\/totenart.com\/noticias\/#website\"},\"primaryImageOfPage\":{\"@id\":\"https:\/\/totenart.com\/noticias\/taller-gelli-plate-valencia\/#primaryimage\"},\"image\":{\"@id\":\"https:\/\/totenart.com\/noticias\/taller-gelli-plate-valencia\/#primaryimage\"},\"thumbnailUrl\":\"https:\/\/totenart.com\/noticias\/wp-content\/uploads\/2023\/11\/taller-de-gelli-plate-en-valencia-1.jpg\",\"datePublished\":\"2023-11-27T08:29:08+00:00\",\"dateModified\":\"2023-11-27T10:42:20+00:00\",\"author\":{\"@id\":\"https:\/\/totenart.com\/noticias\/#\/schema\/person\/622627e79260ed84a9882a6e3cc51a65\"},\"breadcrumb\":{\"@id\":\"https:\/\/totenart.com\/noticias\/taller-gelli-plate-valencia\/#breadcrumb\"},\"inLanguage\":\"es\",\"potentialAction\":[{\"@type\":\"ReadAction\",\"target\":[\"https:\/\/totenart.com\/noticias\/taller-gelli-plate-valencia\/\"]}]},{\"@type\":\"ImageObject\",\"inLanguage\":\"es\",\"@id\":\"https:\/\/totenart.com\/noticias\/taller-gelli-plate-valencia\/#primaryimage\",\"url\":\"https:\/\/totenart.com\/noticias\/wp-content\/uploads\/2023\/11\/taller-de-gelli-plate-en-valencia-1.jpg\",\"contentUrl\":\"https:\/\/totenart.com\/noticias\/wp-content\/uploads\/2023\/11\/taller-de-gelli-plate-en-valencia-1.jpg\",\"width\":648,\"height\":340},{\"@type\":\"BreadcrumbList\",\"@id\":\"https:\/\/totenart.com\/noticias\/taller-gelli-plate-valencia\/#breadcrumb\",\"itemListElement\":[{\"@type\":\"ListItem\",\"position\":1,\"name\":\"Portada\",\"item\":\"https:\/\/totenart.com\/noticias\/\"},{\"@type\":\"ListItem\",\"position\":2,\"name\":\"Taller de Gelli Plate en Valencia\"}]},{\"@type\":\"WebSite\",\"@id\":\"https:\/\/totenart.com\/noticias\/#website\",\"url\":\"https:\/\/totenart.com\/noticias\/\",\"name\":\"Noticias de Arte Totenart\",\"description\":\"Blog de noticias del mundo del arte: exposiciones, eventos, nuevos productos y materiales para artistas...\",\"potentialAction\":[{\"@type\":\"SearchAction\",\"target\":{\"@type\":\"EntryPoint\",\"urlTemplate\":\"https:\/\/totenart.com\/noticias\/?s={search_term_string}\"},\"query-input\":{\"@type\":\"PropertyValueSpecification\",\"valueRequired\":true,\"valueName\":\"search_term_string\"}}],\"inLanguage\":\"es\"},{\"@type\":\"Person\",\"@id\":\"https:\/\/totenart.com\/noticias\/#\/schema\/person\/622627e79260ed84a9882a6e3cc51a65\",\"name\":\"Sara\",\"image\":{\"@type\":\"ImageObject\",\"inLanguage\":\"es\",\"@id\":\"https:\/\/secure.gravatar.com\/avatar\/d501f370233ead0a61cfbd4b3b725cd713b3051133beb9360a17501a2bb17172?s=96&d=blank&r=r\",\"url\":\"https:\/\/secure.gravatar.com\/avatar\/d501f370233ead0a61cfbd4b3b725cd713b3051133beb9360a17501a2bb17172?s=96&d=blank&r=r\",\"contentUrl\":\"https:\/\/secure.gravatar.com\/avatar\/d501f370233ead0a61cfbd4b3b725cd713b3051133beb9360a17501a2bb17172?s=96&d=blank&r=r\",\"caption\":\"Sara\"},\"url\":\"https:\/\/totenart.com\/noticias\/author\/sara\/\"}]}<\/script>\n<!-- \/ Yoast SEO plugin. -->","yoast_head_json":{"title":"Taller de Gelli Plate en Valencia - Noticias de Arte Totenart","robots":{"index":"index","follow":"follow","max-snippet":"max-snippet:-1","max-image-preview":"max-image-preview:large","max-video-preview":"max-video-preview:-1"},"canonical":"https:\/\/totenart.com\/noticias\/taller-gelli-plate-valencia\/","og_locale":"es_ES","og_type":"article","og_title":"Taller de Gelli Plate en Valencia - Noticias de Arte Totenart","og_description":"Taller del Gelli Plate en Valencia El gelli plate o impresi\u00f3n en placa de gel es una t\u00e9cnica en auge. Por su originalidad y la comodidad de uso, este estilo de impresi\u00f3n est\u00e1 extendi\u00e9ndose, cada vez m\u00e1s, por todo el mundo art\u00edstico. Nayra L\u00f3pez lo sabe y, para que puedas aprender de la mano de [&hellip;]","og_url":"https:\/\/totenart.com\/noticias\/taller-gelli-plate-valencia\/","og_site_name":"Noticias de Arte Totenart","article_published_time":"2023-11-27T08:29:08+00:00","article_modified_time":"2023-11-27T10:42:20+00:00","og_image":[{"width":648,"height":340,"url":"https:\/\/totenart.com\/noticias\/wp-content\/uploads\/2023\/11\/taller-de-gelli-plate-en-valencia-1.jpg","type":"image\/jpeg"}],"author":"Sara","twitter_misc":{"Escrito por":"Sara","Tiempo de lectura":"4 minutos"},"schema":{"@context":"https:\/\/schema.org","@graph":[{"@type":"Article","@id":"https:\/\/totenart.com\/noticias\/taller-gelli-plate-valencia\/#article","isPartOf":{"@id":"https:\/\/totenart.com\/noticias\/taller-gelli-plate-valencia\/"},"author":{"name":"Sara","@id":"https:\/\/totenart.com\/noticias\/#\/schema\/person\/622627e79260ed84a9882a6e3cc51a65"},"headline":"Taller de Gelli Plate en Valencia","datePublished":"2023-11-27T08:29:08+00:00","dateModified":"2023-11-27T10:42:20+00:00","mainEntityOfPage":{"@id":"https:\/\/totenart.com\/noticias\/taller-gelli-plate-valencia\/"},"wordCount":647,"commentCount":2,"image":{"@id":"https:\/\/totenart.com\/noticias\/taller-gelli-plate-valencia\/#primaryimage"},"thumbnailUrl":"https:\/\/totenart.com\/noticias\/wp-content\/uploads\/2023\/11\/taller-de-gelli-plate-en-valencia-1.jpg","keywords":["gelli plate","placas de gel"],"articleSection":["Artista destacado","Formaci\u00f3n"],"inLanguage":"es","potentialAction":[{"@type":"CommentAction","name":"Comment","target":["https:\/\/totenart.com\/noticias\/taller-gelli-plate-valencia\/#respond"]}]},{"@type":"WebPage","@id":"https:\/\/totenart.com\/noticias\/taller-gelli-plate-valencia\/","url":"https:\/\/totenart.com\/noticias\/taller-gelli-plate-valencia\/","name":"Taller de Gelli Plate en Valencia - Noticias de Arte Totenart","isPartOf":{"@id":"https:\/\/totenart.com\/noticias\/#website"},"primaryImageOfPage":{"@id":"https:\/\/totenart.com\/noticias\/taller-gelli-plate-valencia\/#primaryimage"},"image":{"@id":"https:\/\/totenart.com\/noticias\/taller-gelli-plate-valencia\/#primaryimage"},"thumbnailUrl":"https:\/\/totenart.com\/noticias\/wp-content\/uploads\/2023\/11\/taller-de-gelli-plate-en-valencia-1.jpg","datePublished":"2023-11-27T08:29:08+00:00","dateModified":"2023-11-27T10:42:20+00:00","author":{"@id":"https:\/\/totenart.com\/noticias\/#\/schema\/person\/622627e79260ed84a9882a6e3cc51a65"},"breadcrumb":{"@id":"https:\/\/totenart.com\/noticias\/taller-gelli-plate-valencia\/#breadcrumb"},"inLanguage":"es","potentialAction":[{"@type":"ReadAction","target":["https:\/\/totenart.com\/noticias\/taller-gelli-plate-valencia\/"]}]},{"@type":"ImageObject","inLanguage":"es","@id":"https:\/\/totenart.com\/noticias\/taller-gelli-plate-valencia\/#primaryimage","url":"https:\/\/totenart.com\/noticias\/wp-content\/uploads\/2023\/11\/taller-de-gelli-plate-en-valencia-1.jpg","contentUrl":"https:\/\/totenart.com\/noticias\/wp-content\/uploads\/2023\/11\/taller-de-gelli-plate-en-valencia-1.jpg","width":648,"height":340},{"@type":"BreadcrumbList","@id":"https:\/\/totenart.com\/noticias\/taller-gelli-plate-valencia\/#breadcrumb","itemListElement":[{"@type":"ListItem","position":1,"name":"Portada","item":"https:\/\/totenart.com\/noticias\/"},{"@type":"ListItem","position":2,"name":"Taller de Gelli Plate en Valencia"}]},{"@type":"WebSite","@id":"https:\/\/totenart.com\/noticias\/#website","url":"https:\/\/totenart.com\/noticias\/","name":"Noticias de Arte Totenart","description":"Blog de noticias del mundo del arte: exposiciones, eventos, nuevos productos y materiales para artistas...","potentialAction":[{"@type":"SearchAction","target":{"@type":"EntryPoint","urlTemplate":"https:\/\/totenart.com\/noticias\/?s={search_term_string}"},"query-input":{"@type":"PropertyValueSpecification","valueRequired":true,"valueName":"search_term_string"}}],"inLanguage":"es"},{"@type":"Person","@id":"https:\/\/totenart.com\/noticias\/#\/schema\/person\/622627e79260ed84a9882a6e3cc51a65","name":"Sara","image":{"@type":"ImageObject","inLanguage":"es","@id":"https:\/\/secure.gravatar.com\/avatar\/d501f370233ead0a61cfbd4b3b725cd713b3051133beb9360a17501a2bb17172?s=96&d=blank&r=r","url":"https:\/\/secure.gravatar.com\/avatar\/d501f370233ead0a61cfbd4b3b725cd713b3051133beb9360a17501a2bb17172?s=96&d=blank&r=r","contentUrl":"https:\/\/secure.gravatar.com\/avatar\/d501f370233ead0a61cfbd4b3b725cd713b3051133beb9360a17501a2bb17172?s=96&d=blank&r=r","caption":"Sara"},"url":"https:\/\/totenart.com\/noticias\/author\/sara\/"}]}},"_links":{"self":[{"href":"https:\/\/totenart.com\/noticias\/wp-json\/wp\/v2\/posts\/22727","targetHints":{"allow":["GET"]}}],"collection":[{"href":"https:\/\/totenart.com\/noticias\/wp-json\/wp\/v2\/posts"}],"about":[{"href":"https:\/\/totenart.com\/noticias\/wp-json\/wp\/v2\/types\/post"}],"author":[{"embeddable":true,"href":"https:\/\/totenart.com\/noticias\/wp-json\/wp\/v2\/users\/13"}],"replies":[{"embeddable":true,"href":"https:\/\/totenart.com\/noticias\/wp-json\/wp\/v2\/comments?post=22727"}],"version-history":[{"count":3,"href":"https:\/\/totenart.com\/noticias\/wp-json\/wp\/v2\/posts\/22727\/revisions"}],"predecessor-version":[{"id":22751,"href":"https:\/\/totenart.com\/noticias\/wp-json\/wp\/v2\/posts\/22727\/revisions\/22751"}],"wp:featuredmedia":[{"embeddable":true,"href":"https:\/\/totenart.com\/noticias\/wp-json\/wp\/v2\/media\/22730"}],"wp:attachment":[{"href":"https:\/\/totenart.com\/noticias\/wp-json\/wp\/v2\/media?parent=22727"}],"wp:term":[{"taxonomy":"category","embeddable":true,"href":"https:\/\/totenart.com\/noticias\/wp-json\/wp\/v2\/categories?post=22727"},{"taxonomy":"post_tag","embeddable":true,"href":"https:\/\/totenart.com\/noticias\/wp-json\/wp\/v2\/tags?post=22727"}],"curies":[{"name":"wp","href":"https:\/\/api.w.org\/{rel}","templated":true}]}}