



{"id":2728,"date":"2014-11-14T17:50:56","date_gmt":"2014-11-14T16:50:56","guid":{"rendered":"http:\/\/totenart.com\/noticias\/?p=2728"},"modified":"2014-11-30T14:51:27","modified_gmt":"2014-11-30T13:51:27","slug":"intramurs-el-arte-de-valencia","status":"publish","type":"post","link":"https:\/\/totenart.com\/noticias\/intramurs-el-arte-de-valencia\/","title":{"rendered":"Intramurs, el arte de valencia"},"content":{"rendered":"<p>Intramurs es una organizaci\u00f3n sin \u00e1nimo de lucro que ha creado un festival para promover en arte en Valencia. Su principal tarea es apoyar la cultura y el arte de la ciudad del Turia.<\/p>\n<p>Para ello, Intramurs, ha decidido dar a conocer a un amplio numero de artistas que participar\u00e1n en este festival. Cada cual en el arte al que se dedica, aportando su grano de arena. Los espectadores podr\u00e1n acudir a los diferentes lugares de representaci\u00f3n y exposici\u00f3n hasta este Domingo.<\/p>\n<p>Esta iniciativa recibe el nombre de Intramurs por en el enclave en el que se ubica, por estar dentro de las antiguas murallas de la ciudad de Valencia, delimitada actualmente s\u00f3lo por las dos torres que se conservan, las de Quart y las de Serano. La misma web del festival ofrece un mapa para para ubicar cada uno de los espacios que este fin de semana copar\u00e1n el centro de Valencia con esta iniciativa.<\/p>\n<p><a href=\"http:\/\/totenart.com\/noticias\/wp-content\/uploads\/2014\/11\/intramurs.jpg\"><img loading=\"lazy\" decoding=\"async\" class=\"aligncenter size-full wp-image-2729\" src=\"https:\/\/totenart.com\/noticias\/wp-content\/uploads\/2014\/11\/intramurs.jpg\" alt=\"intramurs-mapa-totenart-noticias\" width=\"731\" height=\"488\" srcset=\"https:\/\/totenart.com\/noticias\/wp-content\/uploads\/2014\/11\/intramurs.jpg 731w, https:\/\/totenart.com\/noticias\/wp-content\/uploads\/2014\/11\/intramurs-300x200.jpg 300w\" sizes=\"auto, (max-width: 731px) 100vw, 731px\" \/><\/a><\/p>\n<h2><span class=\"ez-toc-section\" id=\"Artistas_de_Intramurs\"><\/span>Artistas de Intramurs<span class=\"ez-toc-section-end\"><\/span><\/h2>\n<p><strong>Arte de acci\u00f3n<\/strong>: Ram\u00f3n Churruca, Colectivo Tav, Josechu D\u00e1vila, Alba Soto, Rafa Burillo, Javier P\u00e9rez Aranda, Andr\u00e9s Montes (Espacio Naranjo), Nieves Correa y Abel Loureda, Zaumd \u2013 Marco Caparr\u00f3s, Ismael Rumbeu, Anna Maria Staiano, \u00c1lvaro Terrones, Protoperformers, Albastru y Estelle Jullian<\/p>\n<p><strong>Arte sonoro<\/strong>: Llum, Jonathan Pocov\u00ed, Josechu D\u00e1vila, Gerry Paci, V\u00edctor L\u00f3pez, Manuel Rocha Iturbide y Ferrer Molina, Ana Elena Pena + Gilber, Dakitu, Zaumd \u2013 Marco Caparr\u00f3s, PDP11, Elia Torrecilla y Pepe Romero, Beatriu Codonyer, Mireia Vilar + David Soler, Lumpen Club y Anima Et Persona<\/p>\n<p><strong>Artes gr\u00e1ficas<\/strong>: L\u2019Escoleta Del Carme, Eugenio Sim\u00f3, Oscar Nu\u00f1ez, Pedro Oliver, David Curto, Catacl\u00edstics y Enric Mas<\/p>\n<p><strong>Artistas invitados<\/strong>: Ram\u00f3n Churruca, Josechu D\u00e1vila, Alba Soto, Teresa Margolles, Rafa Burillo, Javier P\u00e9rez Aranda, V\u00edctor L\u00f3pez, M\u00f3nica Cladeiro, M\u00f3nica Caldeiro y Victor L\u00f3pez, Cubo, Andr\u00e9s Montes (Espacio Naranjo), Nieves Correa y Abel Loureda, Antonio de La Rosa,Pepe Murciego y JOP<\/p>\n<p><strong>Circo:<\/strong> La Finestra Nou Circ<\/p>\n<p><strong>Collage:<\/strong> Sean Mackaoui, Inma G.C., Sociedad Secreta Del Collage VLC, Sabela Zamudio, Cheles Mart\u00ednez, Anna Roig Llabata<\/p>\n<p><strong>Dibujo:<\/strong> Jos\u00e9 Manuel de Belda Mora, Ver\u00f3nica Franc\u00e9s Molina<\/p>\n<p><strong>Disc-jockey<\/strong>: Missyuls, Gerry Paci, Catalina Isis, Late, Jorge Cobalto, Alababarada DJ\u2019s, Elle Gi dj, Jonathan Rice Moll\u00e1, Oscar Barila y Reyes Torio<\/p>\n<p><strong>Dise\u00f1o<\/strong>: Ar\u00e1nzazu Sainz, Rub\u00e9n Sales, Tiscar Design, nituniyo (Calatayud Navarro Arquitectos),EK Gallery, Mireia Soto, Estela Femenia, Ana \u00c1lvarez, In\u00e9s Andr\u00e9s, D4, Juli\u00e1n Dar\u00edo Martos, clara de juan, Frodo Romany, Pau Romany &amp; Marga Soriano y Mar\u00eda Chillida \u2013 LPACK creatiu<\/p>\n<p><strong>Escultura<\/strong>: Pablo Noguera, Luce, Anna Ruiz Sospedra, Anna Maria Staiano, Giovanni Nardin, Johnny Bonnelly, David Pajares Moreno, Laura Salguero, Nacho Ruiz<\/p>\n<p><strong>Fotograf\u00eda<\/strong>: Marc Tomas Su\u00e1rez, Fernando Cortiglia, Hugo Aveta, Lu\u00eds Montolio, Vicente Greus, Raul Dap, \u00d3scar V\u00e1zquez Chamb\u00f3, Momentolux Laboratorio Fine Art, Luis Rivera Linares, Jose Manuel Madrona, David Sarda\u00f1a, Agust\u00edn Bethencourt Diaz, Eva Ma\u00f1ez y Vicent Molins y Rafael Monz\u00f3 Valls<\/p>\n<p><strong>Ilustraci\u00f3n<\/strong>: Gogals (Noema O.G), Enfero Carulo, Maria Albero Maestre, Susana Do Santos, Cheles Mart\u00ednez, Raquel, Alba Casanova Fern\u00e1ndez, Cecilia Plaza Miguel, coRTarcabezas, Oscar Nu\u00f1ez, Pasen y Vean (associaci\u00f3 cultural), Pepitagrilla y Sr.Mapache<\/p>\n<p><strong>Infantil<\/strong>: Clay Animation, Equipo docente de escuela de arte pinta valencia, la lianta teatre, Louis Sicard y Gustavo Reboredo, Susana Balaguer Rubio, L\u2019Escoleta Del Carme, col.lectiu de mares y pares de ciutat vella, Carles Llonch Molina, La Finestra Nou Circ, Cecilia Plaza Miguel, Pepitagrilla, Mireia Vilar Botet, Yelit\u00f6 y Josep Arbiol<\/p>\n<p><strong>Instalaci\u00f3n:<\/strong> Mar\u00eda Jos\u00e9 Planells Mart\u00ednez, Manolo S\u00e1nchez, Insulina Pelayos, Anna Ruiz Sospedra, Nadine Strzelczyk y Milena Villalba, Madreinspain, Javier S.Jim\u00e9nez, Eva Ma\u00f1ez y Vicent Molins, Trashformaciones y David Curto<\/p>\n<p><strong>Intervenci\u00f3n urbana<\/strong>: NO3L, Ram\u00f3n Mateos, Rub\u00e9n Sales, Colectivo Tav, Anna, Ruiz Sospedra, Lu\u00eds Montolio, In\u00e9s Garc\u00eda Clariana, DEIH, Cubo, Dex-Conectadas, Nieves Correa y Abel Loureda, Louis Sicard y Gustavo Reboredo, Carmen Gray, Elia Torrecilla y Pepe Romero y Protoperformers<\/p>\n<p><strong>Joyer\u00eda<\/strong>: Ar\u00e1nzazu Sainz, EK Gallery, Tina Le\u00f3n Cam\u00fas, Rosa Borred\u00e1, Natalia Araya, Nacho Belda, Myriam Moreno Martinez, Laura Guillot Suay, Elvira Mellado, Colectivo Platicidio Para Seis, Beatriz Diaz Ceballos, Anna Maria Staiano y Sue Ibars<\/p>\n<p><strong>Moda<\/strong>: Miguel \u00c1ngel Garc\u00eda, M\u00f3nica Tortosa Cerezo, Andra Cora, Aryanna, Cruz Saced\u00f3n, Marta Stella, Isbel Messeguer Talens<\/p>\n<p><strong>Mural<\/strong>: DEIH, Carmen Gray, Are you dead?, FLUG, disneylexia, Toni Signes, Lape\u00f1a, La Colectiva Invisible, Jos\u00e9 Antonio Espinar<\/p>\n<p><strong>Performance<\/strong>: Josechu D\u00e1vila, Alba Soto, Rafa Burillo, Javier P\u00e9rez Aranda, Nieves Correa y Abel Loureda, Antonio de La Rosa, V\u00edctor Bonet, Zaumd \u2013 Marco Caparr\u00f3s, PDP11, Miriam Gasc\u00f3n Navarro, Ismael Rumbeu, Isabel G. Mondrag\u00f3n y Lorena Izquierdo, F\u00e1tima Cu\u00e9, Beatriu Codonyer y Anna Maria Staiano<\/p>\n<p><strong>Pintura:<\/strong> Jose Belenguer, Bego\u00f1a Zornoza, Jos\u00e9 Manuel de Belda Mora, Pablo Noguera, Luce, Jes\u00fas Andr\u00e9s, Julia Navarro Coll, Manolo Jurdao, Ana Serrano Prats, Josie McCoy, Anna Roig Llabata, Pasqual Gomes, Pintors Arreuistes, Xus Franc\u00e9s, Equipo Klandestino<\/p>\n<p><strong>Poes\u00eda:<\/strong> Edicions del Buc, Pau Sanchis, Josep Vicent Tallada, Samuel Iborra, Andr\u00e9s Navarro, Jonathan Pocov\u00ed, Guillermo Morales Sillas, Isabel Garc\u00eda Canet, Irene P\u00e9rez, \u00c1gata Naval\u00f3n, Enrique Mart\u00edn Corrales, Catalina Isis, Amelia Diaz, Valencia Acoge, Rub\u00e9n Luz\u00f3n, Nacho Meseguer y M\u00f3nica Cladeiro<\/p>\n<p><strong>Talleres:<\/strong> Tina Le\u00f3n Cam\u00fas, Rosa Borred\u00e1, Natalia Araya, Nacho Belda, Laura Guillot Suay, Elvira Mellado, Colectivo Platicidio Para Seis, Beatriz Diaz Ceballos, Marta Negre, Arre, Sociedad Secreta Del Collage VLC, Pasen y Vean (associaci\u00f3 cultural), Sr.Mapache, Ana Serrano Prats y Ana Donat<\/p>\n<p><strong>Teatro:<\/strong> kancaneo teatre, Wichita CO. y Tabula Rasa y Valencia Acoge<\/p>\n<p><strong>V\u00eddeo arte<\/strong>: Antonio de La Rosa, Juan Domingo Ferris y Orlando Britto<\/p>\n<p><strong>V\u00eddeo instalaci\u00f3n<\/strong>: Marta Negre, CIAR, Luisa Atanor y Vitamin \u2013 Arte<\/p>\n<p><strong>V\u00eddeo monocanal<\/strong>: Yas, Mateo Mat\u00e9 y Salvia Ferrer, Teresa Margolles, Christian Hausdorff, Antonella Conte, Graham Bell Tornado, Leo Ramos, Juan Domingo Ferris, Daniel Tom\u00e0s Marquina, Fernando Baena i Marianela Lle\u00f3, Glacsystem, ENSA Paris-La Villete, Juan Carlos Rosa Casasola, Senyor Mixuro y \u00c1ngel Mar\u00edn Garc\u00eda<\/p>\n<p><strong>Visual:<\/strong> Ana Roussel, Anima Et Persona, Cin\u00e9po\u00e8me<\/p>\n<div id=\"attachment_2732\" style=\"width: 864px\" class=\"wp-caption aligncenter\"><a href=\"http:\/\/totenart.com\/noticias\/wp-content\/uploads\/2014\/11\/intramurs3.jpg\"><img loading=\"lazy\" decoding=\"async\" aria-describedby=\"caption-attachment-2732\" class=\"size-full wp-image-2732\" src=\"https:\/\/totenart.com\/noticias\/wp-content\/uploads\/2014\/11\/intramurs3.jpg\" alt=\"intramurs-marc-tomas-totenart-noticias\" width=\"854\" height=\"567\" srcset=\"https:\/\/totenart.com\/noticias\/wp-content\/uploads\/2014\/11\/intramurs3.jpg 854w, https:\/\/totenart.com\/noticias\/wp-content\/uploads\/2014\/11\/intramurs3-300x199.jpg 300w\" sizes=\"auto, (max-width: 854px) 100vw, 854px\" \/><\/a><p id=\"caption-attachment-2732\" class=\"wp-caption-text\">Parte de la exposici\u00f3n fotogr\u00e1fica de Marc Tom\u00e1s para Intramurs &#8211; Noticias Totenart<\/p><\/div>\n<h2><span class=\"ez-toc-section\" id=\"Precio_de_intramurs\"><\/span>Precio de intramurs<span class=\"ez-toc-section-end\"><\/span><\/h2>\n<p>Tanto vecinos como turistas podr\u00e1n disfrutar de todo esta amplia gama de servicios art\u00edsticos en galer\u00edas como en calles y plazas de manera<strong> totalmente gratuita<\/strong>. Pues la finalidad de la muestra no es lucrarse con el trabajo de todos estos artistas sino dinamizar el trabajo de ellos y permitirles participar en nuevos retos que les puedan ayudar a establecer nuevas relaciones profesionales y art\u00edsticas. En este <a href=\"http:\/\/intramurs.org\/es\/actividades\/?utm_source=Tutoriales&amp;utm_medium=Post&amp;utm_campaign=Intramurs,%20el arte de valencia\" target=\"_blank\">enlace<\/a> podr\u00e9is conocer las diferentes actividades a las que asistir.<\/p>\n<p>As\u00ed que ya sabes, este fin de semana no te puedes quedar en casa. \u00a1\u00a1Sal y disfruta del arte de la gente de Valencia!!<\/p>\n<div id=\"ez-toc-container\" class=\"ez-toc-v2_0_82_1 counter-hierarchy ez-toc-counter ez-toc-grey ez-toc-container-direction\">\n<div class=\"ez-toc-title-container\">\n<p class=\"ez-toc-title\" style=\"cursor:inherit\">Tabla de contenidos<\/p>\n<span class=\"ez-toc-title-toggle\"><a href=\"#\" class=\"ez-toc-pull-right ez-toc-btn ez-toc-btn-xs ez-toc-btn-default ez-toc-toggle\" aria-label=\"Alternar tabla de contenidos\"><span class=\"ez-toc-js-icon-con\"><span class=\"\"><span class=\"eztoc-hide\" style=\"display:none;\">Toggle<\/span><span class=\"ez-toc-icon-toggle-span\"><svg style=\"fill: #999;color:#999\" xmlns=\"http:\/\/www.w3.org\/2000\/svg\" class=\"list-377408\" width=\"20px\" height=\"20px\" viewBox=\"0 0 24 24\" fill=\"none\"><path d=\"M6 6H4v2h2V6zm14 0H8v2h12V6zM4 11h2v2H4v-2zm16 0H8v2h12v-2zM4 16h2v2H4v-2zm16 0H8v2h12v-2z\" fill=\"currentColor\"><\/path><\/svg><svg style=\"fill: #999;color:#999\" class=\"arrow-unsorted-368013\" xmlns=\"http:\/\/www.w3.org\/2000\/svg\" width=\"10px\" height=\"10px\" viewBox=\"0 0 24 24\" version=\"1.2\" baseProfile=\"tiny\"><path d=\"M18.2 9.3l-6.2-6.3-6.2 6.3c-.2.2-.3.4-.3.7s.1.5.3.7c.2.2.4.3.7.3h11c.3 0 .5-.1.7-.3.2-.2.3-.5.3-.7s-.1-.5-.3-.7zM5.8 14.7l6.2 6.3 6.2-6.3c.2-.2.3-.5.3-.7s-.1-.5-.3-.7c-.2-.2-.4-.3-.7-.3h-11c-.3 0-.5.1-.7.3-.2.2-.3.5-.3.7s.1.5.3.7z\"\/><\/svg><\/span><\/span><\/span><\/a><\/span><\/div>\n<nav><ul class='ez-toc-list ez-toc-list-level-1 ' ><li class='ez-toc-page-1 ez-toc-heading-level-2'><a class=\"ez-toc-link ez-toc-heading-1\" href=\"https:\/\/totenart.com\/noticias\/intramurs-el-arte-de-valencia\/#Artistas_de_Intramurs\" >Artistas de Intramurs<\/a><\/li><li class='ez-toc-page-1 ez-toc-heading-level-2'><a class=\"ez-toc-link ez-toc-heading-2\" href=\"https:\/\/totenart.com\/noticias\/intramurs-el-arte-de-valencia\/#Precio_de_intramurs\" >Precio de intramurs<\/a><\/li><\/ul><\/nav><\/div>\n","protected":false},"excerpt":{"rendered":"<p>Intramurs es una organizaci\u00f3n sin \u00e1nimo de lucro que ha creado un festival para promover en arte en Valencia. Su principal tarea es apoyar la cultura y el arte de la ciudad del Turia. Para ello, Intramurs, ha decidido dar a conocer a un amplio numero de artistas que participar\u00e1n en este festival. Cada cual [&hellip;]<\/p>\n","protected":false},"author":8,"featured_media":2731,"comment_status":"open","ping_status":"open","sticky":false,"template":"","format":"standard","meta":{"footnotes":""},"categories":[1],"tags":[17,132,206,6],"class_list":["post-2728","post","type-post","status-publish","format-standard","has-post-thumbnail","hentry","category-totenart","tag-arte","tag-exposicion","tag-intramurs","tag-valencia"],"yoast_head":"<!-- This site is optimized with the Yoast SEO plugin v27.2 - https:\/\/yoast.com\/product\/yoast-seo-wordpress\/ -->\n<title>Intramurs, el arte de valencia - Noticias de Arte Totenart<\/title>\n<meta name=\"description\" content=\"El festival Intramurs recoge el talento del centro de valencia en unos d\u00edas \u00fanicos para conocer nuevos artistas y obras de manera totalmente gratuita\" \/>\n<meta name=\"robots\" content=\"index, follow, max-snippet:-1, max-image-preview:large, max-video-preview:-1\" \/>\n<link rel=\"canonical\" href=\"https:\/\/totenart.com\/noticias\/intramurs-el-arte-de-valencia\/\" \/>\n<meta property=\"og:locale\" content=\"es_ES\" \/>\n<meta property=\"og:type\" content=\"article\" \/>\n<meta property=\"og:title\" content=\"Intramurs, el arte de valencia - Noticias de Arte Totenart\" \/>\n<meta property=\"og:description\" content=\"El festival Intramurs recoge el talento del centro de valencia en unos d\u00edas \u00fanicos para conocer nuevos artistas y obras de manera totalmente gratuita\" \/>\n<meta property=\"og:url\" content=\"https:\/\/totenart.com\/noticias\/intramurs-el-arte-de-valencia\/\" \/>\n<meta property=\"og:site_name\" content=\"Noticias de Arte Totenart\" \/>\n<meta property=\"article:published_time\" content=\"2014-11-14T16:50:56+00:00\" \/>\n<meta property=\"article:modified_time\" content=\"2014-11-30T13:51:27+00:00\" \/>\n<meta property=\"og:image\" content=\"https:\/\/totenart.com\/noticias\/wp-content\/uploads\/2014\/11\/intrara.jpg\" \/>\n\t<meta property=\"og:image:width\" content=\"747\" \/>\n\t<meta property=\"og:image:height\" content=\"262\" \/>\n\t<meta property=\"og:image:type\" content=\"image\/jpeg\" \/>\n<meta name=\"author\" content=\"Paula\" \/>\n<meta name=\"twitter:label1\" content=\"Escrito por\" \/>\n\t<meta name=\"twitter:data1\" content=\"Paula\" \/>\n\t<meta name=\"twitter:label2\" content=\"Tiempo de lectura\" \/>\n\t<meta name=\"twitter:data2\" content=\"6 minutos\" \/>\n<script type=\"application\/ld+json\" class=\"yoast-schema-graph\">{\"@context\":\"https:\/\/schema.org\",\"@graph\":[{\"@type\":\"Article\",\"@id\":\"https:\/\/totenart.com\/noticias\/intramurs-el-arte-de-valencia\/#article\",\"isPartOf\":{\"@id\":\"https:\/\/totenart.com\/noticias\/intramurs-el-arte-de-valencia\/\"},\"author\":{\"name\":\"Paula\",\"@id\":\"https:\/\/totenart.com\/noticias\/#\/schema\/person\/39b435d7a88c1b1341476fefcf6d13cb\"},\"headline\":\"Intramurs, el arte de valencia\",\"datePublished\":\"2014-11-14T16:50:56+00:00\",\"dateModified\":\"2014-11-30T13:51:27+00:00\",\"mainEntityOfPage\":{\"@id\":\"https:\/\/totenart.com\/noticias\/intramurs-el-arte-de-valencia\/\"},\"wordCount\":1172,\"commentCount\":0,\"image\":{\"@id\":\"https:\/\/totenart.com\/noticias\/intramurs-el-arte-de-valencia\/#primaryimage\"},\"thumbnailUrl\":\"https:\/\/totenart.com\/noticias\/wp-content\/uploads\/2014\/11\/intrara.jpg\",\"keywords\":[\"arte\",\"exposici\u00f3n\",\"intramurs\",\"valencia\"],\"articleSection\":[\"Totenart\"],\"inLanguage\":\"es\",\"potentialAction\":[{\"@type\":\"CommentAction\",\"name\":\"Comment\",\"target\":[\"https:\/\/totenart.com\/noticias\/intramurs-el-arte-de-valencia\/#respond\"]}]},{\"@type\":\"WebPage\",\"@id\":\"https:\/\/totenart.com\/noticias\/intramurs-el-arte-de-valencia\/\",\"url\":\"https:\/\/totenart.com\/noticias\/intramurs-el-arte-de-valencia\/\",\"name\":\"Intramurs, el arte de valencia - Noticias de Arte Totenart\",\"isPartOf\":{\"@id\":\"https:\/\/totenart.com\/noticias\/#website\"},\"primaryImageOfPage\":{\"@id\":\"https:\/\/totenart.com\/noticias\/intramurs-el-arte-de-valencia\/#primaryimage\"},\"image\":{\"@id\":\"https:\/\/totenart.com\/noticias\/intramurs-el-arte-de-valencia\/#primaryimage\"},\"thumbnailUrl\":\"https:\/\/totenart.com\/noticias\/wp-content\/uploads\/2014\/11\/intrara.jpg\",\"datePublished\":\"2014-11-14T16:50:56+00:00\",\"dateModified\":\"2014-11-30T13:51:27+00:00\",\"author\":{\"@id\":\"https:\/\/totenart.com\/noticias\/#\/schema\/person\/39b435d7a88c1b1341476fefcf6d13cb\"},\"description\":\"El festival Intramurs recoge el talento del centro de valencia en unos d\u00edas \u00fanicos para conocer nuevos artistas y obras de manera totalmente gratuita\",\"breadcrumb\":{\"@id\":\"https:\/\/totenart.com\/noticias\/intramurs-el-arte-de-valencia\/#breadcrumb\"},\"inLanguage\":\"es\",\"potentialAction\":[{\"@type\":\"ReadAction\",\"target\":[\"https:\/\/totenart.com\/noticias\/intramurs-el-arte-de-valencia\/\"]}]},{\"@type\":\"ImageObject\",\"inLanguage\":\"es\",\"@id\":\"https:\/\/totenart.com\/noticias\/intramurs-el-arte-de-valencia\/#primaryimage\",\"url\":\"https:\/\/totenart.com\/noticias\/wp-content\/uploads\/2014\/11\/intrara.jpg\",\"contentUrl\":\"https:\/\/totenart.com\/noticias\/wp-content\/uploads\/2014\/11\/intrara.jpg\",\"width\":747,\"height\":262,\"caption\":\"intramurs-totenart-noticias\"},{\"@type\":\"BreadcrumbList\",\"@id\":\"https:\/\/totenart.com\/noticias\/intramurs-el-arte-de-valencia\/#breadcrumb\",\"itemListElement\":[{\"@type\":\"ListItem\",\"position\":1,\"name\":\"Portada\",\"item\":\"https:\/\/totenart.com\/noticias\/\"},{\"@type\":\"ListItem\",\"position\":2,\"name\":\"Intramurs, el arte de valencia\"}]},{\"@type\":\"WebSite\",\"@id\":\"https:\/\/totenart.com\/noticias\/#website\",\"url\":\"https:\/\/totenart.com\/noticias\/\",\"name\":\"Noticias de Arte Totenart\",\"description\":\"Blog de noticias del mundo del arte: exposiciones, eventos, nuevos productos y materiales para artistas...\",\"potentialAction\":[{\"@type\":\"SearchAction\",\"target\":{\"@type\":\"EntryPoint\",\"urlTemplate\":\"https:\/\/totenart.com\/noticias\/?s={search_term_string}\"},\"query-input\":{\"@type\":\"PropertyValueSpecification\",\"valueRequired\":true,\"valueName\":\"search_term_string\"}}],\"inLanguage\":\"es\"},{\"@type\":\"Person\",\"@id\":\"https:\/\/totenart.com\/noticias\/#\/schema\/person\/39b435d7a88c1b1341476fefcf6d13cb\",\"name\":\"Paula\",\"image\":{\"@type\":\"ImageObject\",\"inLanguage\":\"es\",\"@id\":\"https:\/\/secure.gravatar.com\/avatar\/22d05c4209e1e337a4699d4a6816e571216746fa18a9406152971ce58951aa83?s=96&d=blank&r=r\",\"url\":\"https:\/\/secure.gravatar.com\/avatar\/22d05c4209e1e337a4699d4a6816e571216746fa18a9406152971ce58951aa83?s=96&d=blank&r=r\",\"contentUrl\":\"https:\/\/secure.gravatar.com\/avatar\/22d05c4209e1e337a4699d4a6816e571216746fa18a9406152971ce58951aa83?s=96&d=blank&r=r\",\"caption\":\"Paula\"},\"url\":\"https:\/\/totenart.com\/noticias\/author\/paula-herraiz\/\"}]}<\/script>\n<!-- \/ Yoast SEO plugin. -->","yoast_head_json":{"title":"Intramurs, el arte de valencia - Noticias de Arte Totenart","description":"El festival Intramurs recoge el talento del centro de valencia en unos d\u00edas \u00fanicos para conocer nuevos artistas y obras de manera totalmente gratuita","robots":{"index":"index","follow":"follow","max-snippet":"max-snippet:-1","max-image-preview":"max-image-preview:large","max-video-preview":"max-video-preview:-1"},"canonical":"https:\/\/totenart.com\/noticias\/intramurs-el-arte-de-valencia\/","og_locale":"es_ES","og_type":"article","og_title":"Intramurs, el arte de valencia - Noticias de Arte Totenart","og_description":"El festival Intramurs recoge el talento del centro de valencia en unos d\u00edas \u00fanicos para conocer nuevos artistas y obras de manera totalmente gratuita","og_url":"https:\/\/totenart.com\/noticias\/intramurs-el-arte-de-valencia\/","og_site_name":"Noticias de Arte Totenart","article_published_time":"2014-11-14T16:50:56+00:00","article_modified_time":"2014-11-30T13:51:27+00:00","og_image":[{"width":747,"height":262,"url":"https:\/\/totenart.com\/noticias\/wp-content\/uploads\/2014\/11\/intrara.jpg","type":"image\/jpeg"}],"author":"Paula","twitter_misc":{"Escrito por":"Paula","Tiempo de lectura":"6 minutos"},"schema":{"@context":"https:\/\/schema.org","@graph":[{"@type":"Article","@id":"https:\/\/totenart.com\/noticias\/intramurs-el-arte-de-valencia\/#article","isPartOf":{"@id":"https:\/\/totenart.com\/noticias\/intramurs-el-arte-de-valencia\/"},"author":{"name":"Paula","@id":"https:\/\/totenart.com\/noticias\/#\/schema\/person\/39b435d7a88c1b1341476fefcf6d13cb"},"headline":"Intramurs, el arte de valencia","datePublished":"2014-11-14T16:50:56+00:00","dateModified":"2014-11-30T13:51:27+00:00","mainEntityOfPage":{"@id":"https:\/\/totenart.com\/noticias\/intramurs-el-arte-de-valencia\/"},"wordCount":1172,"commentCount":0,"image":{"@id":"https:\/\/totenart.com\/noticias\/intramurs-el-arte-de-valencia\/#primaryimage"},"thumbnailUrl":"https:\/\/totenart.com\/noticias\/wp-content\/uploads\/2014\/11\/intrara.jpg","keywords":["arte","exposici\u00f3n","intramurs","valencia"],"articleSection":["Totenart"],"inLanguage":"es","potentialAction":[{"@type":"CommentAction","name":"Comment","target":["https:\/\/totenart.com\/noticias\/intramurs-el-arte-de-valencia\/#respond"]}]},{"@type":"WebPage","@id":"https:\/\/totenart.com\/noticias\/intramurs-el-arte-de-valencia\/","url":"https:\/\/totenart.com\/noticias\/intramurs-el-arte-de-valencia\/","name":"Intramurs, el arte de valencia - Noticias de Arte Totenart","isPartOf":{"@id":"https:\/\/totenart.com\/noticias\/#website"},"primaryImageOfPage":{"@id":"https:\/\/totenart.com\/noticias\/intramurs-el-arte-de-valencia\/#primaryimage"},"image":{"@id":"https:\/\/totenart.com\/noticias\/intramurs-el-arte-de-valencia\/#primaryimage"},"thumbnailUrl":"https:\/\/totenart.com\/noticias\/wp-content\/uploads\/2014\/11\/intrara.jpg","datePublished":"2014-11-14T16:50:56+00:00","dateModified":"2014-11-30T13:51:27+00:00","author":{"@id":"https:\/\/totenart.com\/noticias\/#\/schema\/person\/39b435d7a88c1b1341476fefcf6d13cb"},"description":"El festival Intramurs recoge el talento del centro de valencia en unos d\u00edas \u00fanicos para conocer nuevos artistas y obras de manera totalmente gratuita","breadcrumb":{"@id":"https:\/\/totenart.com\/noticias\/intramurs-el-arte-de-valencia\/#breadcrumb"},"inLanguage":"es","potentialAction":[{"@type":"ReadAction","target":["https:\/\/totenart.com\/noticias\/intramurs-el-arte-de-valencia\/"]}]},{"@type":"ImageObject","inLanguage":"es","@id":"https:\/\/totenart.com\/noticias\/intramurs-el-arte-de-valencia\/#primaryimage","url":"https:\/\/totenart.com\/noticias\/wp-content\/uploads\/2014\/11\/intrara.jpg","contentUrl":"https:\/\/totenart.com\/noticias\/wp-content\/uploads\/2014\/11\/intrara.jpg","width":747,"height":262,"caption":"intramurs-totenart-noticias"},{"@type":"BreadcrumbList","@id":"https:\/\/totenart.com\/noticias\/intramurs-el-arte-de-valencia\/#breadcrumb","itemListElement":[{"@type":"ListItem","position":1,"name":"Portada","item":"https:\/\/totenart.com\/noticias\/"},{"@type":"ListItem","position":2,"name":"Intramurs, el arte de valencia"}]},{"@type":"WebSite","@id":"https:\/\/totenart.com\/noticias\/#website","url":"https:\/\/totenart.com\/noticias\/","name":"Noticias de Arte Totenart","description":"Blog de noticias del mundo del arte: exposiciones, eventos, nuevos productos y materiales para artistas...","potentialAction":[{"@type":"SearchAction","target":{"@type":"EntryPoint","urlTemplate":"https:\/\/totenart.com\/noticias\/?s={search_term_string}"},"query-input":{"@type":"PropertyValueSpecification","valueRequired":true,"valueName":"search_term_string"}}],"inLanguage":"es"},{"@type":"Person","@id":"https:\/\/totenart.com\/noticias\/#\/schema\/person\/39b435d7a88c1b1341476fefcf6d13cb","name":"Paula","image":{"@type":"ImageObject","inLanguage":"es","@id":"https:\/\/secure.gravatar.com\/avatar\/22d05c4209e1e337a4699d4a6816e571216746fa18a9406152971ce58951aa83?s=96&d=blank&r=r","url":"https:\/\/secure.gravatar.com\/avatar\/22d05c4209e1e337a4699d4a6816e571216746fa18a9406152971ce58951aa83?s=96&d=blank&r=r","contentUrl":"https:\/\/secure.gravatar.com\/avatar\/22d05c4209e1e337a4699d4a6816e571216746fa18a9406152971ce58951aa83?s=96&d=blank&r=r","caption":"Paula"},"url":"https:\/\/totenart.com\/noticias\/author\/paula-herraiz\/"}]}},"_links":{"self":[{"href":"https:\/\/totenart.com\/noticias\/wp-json\/wp\/v2\/posts\/2728","targetHints":{"allow":["GET"]}}],"collection":[{"href":"https:\/\/totenart.com\/noticias\/wp-json\/wp\/v2\/posts"}],"about":[{"href":"https:\/\/totenart.com\/noticias\/wp-json\/wp\/v2\/types\/post"}],"author":[{"embeddable":true,"href":"https:\/\/totenart.com\/noticias\/wp-json\/wp\/v2\/users\/8"}],"replies":[{"embeddable":true,"href":"https:\/\/totenart.com\/noticias\/wp-json\/wp\/v2\/comments?post=2728"}],"version-history":[{"count":0,"href":"https:\/\/totenart.com\/noticias\/wp-json\/wp\/v2\/posts\/2728\/revisions"}],"wp:featuredmedia":[{"embeddable":true,"href":"https:\/\/totenart.com\/noticias\/wp-json\/wp\/v2\/media\/2731"}],"wp:attachment":[{"href":"https:\/\/totenart.com\/noticias\/wp-json\/wp\/v2\/media?parent=2728"}],"wp:term":[{"taxonomy":"category","embeddable":true,"href":"https:\/\/totenart.com\/noticias\/wp-json\/wp\/v2\/categories?post=2728"},{"taxonomy":"post_tag","embeddable":true,"href":"https:\/\/totenart.com\/noticias\/wp-json\/wp\/v2\/tags?post=2728"}],"curies":[{"name":"wp","href":"https:\/\/api.w.org\/{rel}","templated":true}]}}