



{"id":2812,"date":"2014-12-08T17:41:46","date_gmt":"2014-12-08T16:41:46","guid":{"rendered":"http:\/\/totenart.com\/noticias\/?p=2812"},"modified":"2014-12-08T17:41:46","modified_gmt":"2014-12-08T16:41:46","slug":"sara-belles-se-reinventa-para-navidad","status":"publish","type":"post","link":"https:\/\/totenart.com\/noticias\/sara-belles-se-reinventa-para-navidad\/","title":{"rendered":"Sara Bell\u00e9s se reinventa para Navidad"},"content":{"rendered":"<p>La joven artista castellonense, residente en Granada, <a href=\"http:\/\/totenart.com\/directorio\/persona\/sara-belles\/?utm_source=Noticias&amp;utm_medium=Post&amp;utm_campaign=Sara-belles-se-reinventa-para-navidad\" target=\"_blank\">Sara Bell\u00e9s<\/a> ha emprendido una campa\u00f1a para estas Navidades. Pese a su juventud, la fuerza y el entusiasmo de esta arista le han llevado a reinventarse a s\u00ed misma en varias ocasiones.<\/p>\n<p><a href=\"http:\/\/totenart.com\/noticias\/wp-content\/uploads\/2014\/12\/sarabelles.jpg\"><img loading=\"lazy\" decoding=\"async\" class=\"aligncenter size-full wp-image-2815\" src=\"https:\/\/totenart.com\/noticias\/wp-content\/uploads\/2014\/12\/sarabelles.jpg\" alt=\"Sara-bell\u00e9s-noticias-totenart\" width=\"960\" height=\"794\" srcset=\"https:\/\/totenart.com\/noticias\/wp-content\/uploads\/2014\/12\/sarabelles.jpg 960w, https:\/\/totenart.com\/noticias\/wp-content\/uploads\/2014\/12\/sarabelles-300x248.jpg 300w\" sizes=\"auto, (max-width: 960px) 100vw, 960px\" \/><\/a><\/p>\n<p>Sara Bell\u00e9s domina varias t\u00e9cnicas art\u00edsticas como el \u00f3leo, acr\u00edlico, xilograf\u00eda, acuarela, pero sus herramientas predilectas son el papel y la lej\u00eda. A partir de esta alianza, surge lo que ella misma denomina <em>magia<\/em>.<\/p>\n<p>Para estas navidades a propuesto, a trav\u00e9s de su <a href=\"https:\/\/www.facebook.com\/events\/893278747356856\/?pnref=story?utm_source=Noticias&amp;utm_medium=Post&amp;utm_campaign=Sara-belles-se-reinventa-para-navidad\" target=\"_blank\">p\u00e1gina de facebook<\/a> retratos a precios econ\u00f3micos. Porque \u00bfqu\u00e9 mejor regalo que una obra de arte personalizada?<\/p>\n<p>Es sus obras suele predominar la denuncia y la critica social, pero con campa\u00f1as como estas se est\u00e1 consolidando como retratista. Sara Bell\u00e9s es t\u00e9cnico superior en ilustraci\u00f3n y est\u00e1 confeccionando su trabajo final de Grado en Bellas Artes. Pese a su juventud (25 a\u00f1os) no haber completado los estudios, Sara Bell\u00e9s se est\u00e1 abriendo las puertas en el dif\u00edcil mundo del arte. Ha participado en alguna exposici\u00f3n conjunta y aunque a\u00fan no ha salido a la luz, pronto se publicar\u00e1 el primer libro ilustrado por ella.<\/p>\n<p><a href=\"http:\/\/totenart.com\/noticias\/wp-content\/uploads\/2014\/12\/Sara-bell\u00e9s-bio.jpg\"><br \/>\n<\/a> <a href=\"http:\/\/totenart.com\/noticias\/wp-content\/uploads\/2014\/12\/sara-belles.jpg\"><img loading=\"lazy\" decoding=\"async\" class=\"aligncenter size-full wp-image-2814\" src=\"https:\/\/totenart.com\/noticias\/wp-content\/uploads\/2014\/12\/sara-belles.jpg\" alt=\"Sara-bell\u00e9s-noticias-totenart\" width=\"960\" height=\"720\" srcset=\"https:\/\/totenart.com\/noticias\/wp-content\/uploads\/2014\/12\/sara-belles.jpg 960w, https:\/\/totenart.com\/noticias\/wp-content\/uploads\/2014\/12\/sara-belles-300x225.jpg 300w\" sizes=\"auto, (max-width: 960px) 100vw, 960px\" \/><\/a><\/p>\n<p>\u00bfQu\u00e9 os parecer\u00eda a vosotros recibir estas Navidades un retrato vuestro? \u00bfA qui\u00e9n se lo regalar\u00edais?<\/p>\n","protected":false},"excerpt":{"rendered":"<p>La joven artista castellonense, residente en Granada, Sara Bell\u00e9s ha emprendido una campa\u00f1a para estas Navidades. Pese a su juventud, la fuerza y el entusiasmo de esta arista le han llevado a reinventarse a s\u00ed misma en varias ocasiones. Sara Bell\u00e9s domina varias t\u00e9cnicas art\u00edsticas como el \u00f3leo, acr\u00edlico, xilograf\u00eda, acuarela, pero sus herramientas predilectas [&hellip;]<\/p>\n","protected":false},"author":8,"featured_media":2816,"comment_status":"open","ping_status":"open","sticky":false,"template":"","format":"standard","meta":{"footnotes":""},"categories":[1],"tags":[215,49,233,232,3,21,231],"class_list":["post-2812","post","type-post","status-publish","format-standard","has-post-thumbnail","hentry","category-totenart","tag-acuarela","tag-dibujo","tag-lejia","tag-navidad","tag-papel","tag-pintura","tag-sara-belles"],"yoast_head":"<!-- This site is optimized with the Yoast SEO plugin v27.2 - https:\/\/yoast.com\/product\/yoast-seo-wordpress\/ -->\n<title>Sara Bell\u00e9s se reinventa para Navidad - Noticias de Arte Totenart<\/title>\n<meta name=\"description\" content=\"Sara Bell\u00e9s es una joven ilustradora que est\u00e1 buscando su hueco en el mundo del arte.Iniciativas como \u00e9sta para Navidad le ayudar\u00e1n a conseguir su prop\u00f3sito\" \/>\n<meta name=\"robots\" content=\"index, follow, max-snippet:-1, max-image-preview:large, max-video-preview:-1\" \/>\n<link rel=\"canonical\" href=\"https:\/\/totenart.com\/noticias\/sara-belles-se-reinventa-para-navidad\/\" \/>\n<meta property=\"og:locale\" content=\"es_ES\" \/>\n<meta property=\"og:type\" content=\"article\" \/>\n<meta property=\"og:title\" content=\"Sara Bell\u00e9s se reinventa para Navidad - Noticias de Arte Totenart\" \/>\n<meta property=\"og:description\" content=\"Sara Bell\u00e9s es una joven ilustradora que est\u00e1 buscando su hueco en el mundo del arte.Iniciativas como \u00e9sta para Navidad le ayudar\u00e1n a conseguir su prop\u00f3sito\" \/>\n<meta property=\"og:url\" content=\"https:\/\/totenart.com\/noticias\/sara-belles-se-reinventa-para-navidad\/\" \/>\n<meta property=\"og:site_name\" content=\"Noticias de Arte Totenart\" \/>\n<meta property=\"article:published_time\" content=\"2014-12-08T16:41:46+00:00\" \/>\n<meta property=\"og:image\" content=\"https:\/\/totenart.com\/noticias\/wp-content\/uploads\/2014\/12\/Sara-bell\u00e9s-bi.jpg\" \/>\n\t<meta property=\"og:image:width\" content=\"960\" \/>\n\t<meta property=\"og:image:height\" content=\"810\" \/>\n\t<meta property=\"og:image:type\" content=\"image\/jpeg\" \/>\n<meta name=\"author\" content=\"Paula\" \/>\n<meta name=\"twitter:label1\" content=\"Escrito por\" \/>\n\t<meta name=\"twitter:data1\" content=\"Paula\" \/>\n\t<meta name=\"twitter:label2\" content=\"Tiempo de lectura\" \/>\n\t<meta name=\"twitter:data2\" content=\"1 minuto\" \/>\n<script type=\"application\/ld+json\" class=\"yoast-schema-graph\">{\"@context\":\"https:\/\/schema.org\",\"@graph\":[{\"@type\":\"Article\",\"@id\":\"https:\/\/totenart.com\/noticias\/sara-belles-se-reinventa-para-navidad\/#article\",\"isPartOf\":{\"@id\":\"https:\/\/totenart.com\/noticias\/sara-belles-se-reinventa-para-navidad\/\"},\"author\":{\"name\":\"Paula\",\"@id\":\"https:\/\/totenart.com\/noticias\/#\/schema\/person\/39b435d7a88c1b1341476fefcf6d13cb\"},\"headline\":\"Sara Bell\u00e9s se reinventa para Navidad\",\"datePublished\":\"2014-12-08T16:41:46+00:00\",\"mainEntityOfPage\":{\"@id\":\"https:\/\/totenart.com\/noticias\/sara-belles-se-reinventa-para-navidad\/\"},\"wordCount\":231,\"commentCount\":0,\"image\":{\"@id\":\"https:\/\/totenart.com\/noticias\/sara-belles-se-reinventa-para-navidad\/#primaryimage\"},\"thumbnailUrl\":\"https:\/\/totenart.com\/noticias\/wp-content\/uploads\/2014\/12\/Sara-bell\u00e9s-bi.jpg\",\"keywords\":[\"acuarela\",\"dibujo\",\"Lej\u00eda\",\"NAvidad\",\"papel\",\"pintura\",\"Sara Bell\u00e9s\"],\"articleSection\":[\"Totenart\"],\"inLanguage\":\"es\",\"potentialAction\":[{\"@type\":\"CommentAction\",\"name\":\"Comment\",\"target\":[\"https:\/\/totenart.com\/noticias\/sara-belles-se-reinventa-para-navidad\/#respond\"]}]},{\"@type\":\"WebPage\",\"@id\":\"https:\/\/totenart.com\/noticias\/sara-belles-se-reinventa-para-navidad\/\",\"url\":\"https:\/\/totenart.com\/noticias\/sara-belles-se-reinventa-para-navidad\/\",\"name\":\"Sara Bell\u00e9s se reinventa para Navidad - Noticias de Arte Totenart\",\"isPartOf\":{\"@id\":\"https:\/\/totenart.com\/noticias\/#website\"},\"primaryImageOfPage\":{\"@id\":\"https:\/\/totenart.com\/noticias\/sara-belles-se-reinventa-para-navidad\/#primaryimage\"},\"image\":{\"@id\":\"https:\/\/totenart.com\/noticias\/sara-belles-se-reinventa-para-navidad\/#primaryimage\"},\"thumbnailUrl\":\"https:\/\/totenart.com\/noticias\/wp-content\/uploads\/2014\/12\/Sara-bell\u00e9s-bi.jpg\",\"datePublished\":\"2014-12-08T16:41:46+00:00\",\"author\":{\"@id\":\"https:\/\/totenart.com\/noticias\/#\/schema\/person\/39b435d7a88c1b1341476fefcf6d13cb\"},\"description\":\"Sara Bell\u00e9s es una joven ilustradora que est\u00e1 buscando su hueco en el mundo del arte.Iniciativas como \u00e9sta para Navidad le ayudar\u00e1n a conseguir su prop\u00f3sito\",\"breadcrumb\":{\"@id\":\"https:\/\/totenart.com\/noticias\/sara-belles-se-reinventa-para-navidad\/#breadcrumb\"},\"inLanguage\":\"es\",\"potentialAction\":[{\"@type\":\"ReadAction\",\"target\":[\"https:\/\/totenart.com\/noticias\/sara-belles-se-reinventa-para-navidad\/\"]}]},{\"@type\":\"ImageObject\",\"inLanguage\":\"es\",\"@id\":\"https:\/\/totenart.com\/noticias\/sara-belles-se-reinventa-para-navidad\/#primaryimage\",\"url\":\"https:\/\/totenart.com\/noticias\/wp-content\/uploads\/2014\/12\/Sara-bell\u00e9s-bi.jpg\",\"contentUrl\":\"https:\/\/totenart.com\/noticias\/wp-content\/uploads\/2014\/12\/Sara-bell\u00e9s-bi.jpg\",\"width\":960,\"height\":810,\"caption\":\"Sara-bell\u00e9s-portada-noticias-totenart\"},{\"@type\":\"BreadcrumbList\",\"@id\":\"https:\/\/totenart.com\/noticias\/sara-belles-se-reinventa-para-navidad\/#breadcrumb\",\"itemListElement\":[{\"@type\":\"ListItem\",\"position\":1,\"name\":\"Portada\",\"item\":\"https:\/\/totenart.com\/noticias\/\"},{\"@type\":\"ListItem\",\"position\":2,\"name\":\"Sara Bell\u00e9s se reinventa para Navidad\"}]},{\"@type\":\"WebSite\",\"@id\":\"https:\/\/totenart.com\/noticias\/#website\",\"url\":\"https:\/\/totenart.com\/noticias\/\",\"name\":\"Noticias de Arte Totenart\",\"description\":\"Blog de noticias del mundo del arte: exposiciones, eventos, nuevos productos y materiales para artistas...\",\"potentialAction\":[{\"@type\":\"SearchAction\",\"target\":{\"@type\":\"EntryPoint\",\"urlTemplate\":\"https:\/\/totenart.com\/noticias\/?s={search_term_string}\"},\"query-input\":{\"@type\":\"PropertyValueSpecification\",\"valueRequired\":true,\"valueName\":\"search_term_string\"}}],\"inLanguage\":\"es\"},{\"@type\":\"Person\",\"@id\":\"https:\/\/totenart.com\/noticias\/#\/schema\/person\/39b435d7a88c1b1341476fefcf6d13cb\",\"name\":\"Paula\",\"image\":{\"@type\":\"ImageObject\",\"inLanguage\":\"es\",\"@id\":\"https:\/\/secure.gravatar.com\/avatar\/22d05c4209e1e337a4699d4a6816e571216746fa18a9406152971ce58951aa83?s=96&d=blank&r=r\",\"url\":\"https:\/\/secure.gravatar.com\/avatar\/22d05c4209e1e337a4699d4a6816e571216746fa18a9406152971ce58951aa83?s=96&d=blank&r=r\",\"contentUrl\":\"https:\/\/secure.gravatar.com\/avatar\/22d05c4209e1e337a4699d4a6816e571216746fa18a9406152971ce58951aa83?s=96&d=blank&r=r\",\"caption\":\"Paula\"},\"url\":\"https:\/\/totenart.com\/noticias\/author\/paula-herraiz\/\"}]}<\/script>\n<!-- \/ Yoast SEO plugin. -->","yoast_head_json":{"title":"Sara Bell\u00e9s se reinventa para Navidad - Noticias de Arte Totenart","description":"Sara Bell\u00e9s es una joven ilustradora que est\u00e1 buscando su hueco en el mundo del arte.Iniciativas como \u00e9sta para Navidad le ayudar\u00e1n a conseguir su prop\u00f3sito","robots":{"index":"index","follow":"follow","max-snippet":"max-snippet:-1","max-image-preview":"max-image-preview:large","max-video-preview":"max-video-preview:-1"},"canonical":"https:\/\/totenart.com\/noticias\/sara-belles-se-reinventa-para-navidad\/","og_locale":"es_ES","og_type":"article","og_title":"Sara Bell\u00e9s se reinventa para Navidad - Noticias de Arte Totenart","og_description":"Sara Bell\u00e9s es una joven ilustradora que est\u00e1 buscando su hueco en el mundo del arte.Iniciativas como \u00e9sta para Navidad le ayudar\u00e1n a conseguir su prop\u00f3sito","og_url":"https:\/\/totenart.com\/noticias\/sara-belles-se-reinventa-para-navidad\/","og_site_name":"Noticias de Arte Totenart","article_published_time":"2014-12-08T16:41:46+00:00","og_image":[{"width":960,"height":810,"url":"https:\/\/totenart.com\/noticias\/wp-content\/uploads\/2014\/12\/Sara-bell\u00e9s-bi.jpg","type":"image\/jpeg"}],"author":"Paula","twitter_misc":{"Escrito por":"Paula","Tiempo de lectura":"1 minuto"},"schema":{"@context":"https:\/\/schema.org","@graph":[{"@type":"Article","@id":"https:\/\/totenart.com\/noticias\/sara-belles-se-reinventa-para-navidad\/#article","isPartOf":{"@id":"https:\/\/totenart.com\/noticias\/sara-belles-se-reinventa-para-navidad\/"},"author":{"name":"Paula","@id":"https:\/\/totenart.com\/noticias\/#\/schema\/person\/39b435d7a88c1b1341476fefcf6d13cb"},"headline":"Sara Bell\u00e9s se reinventa para Navidad","datePublished":"2014-12-08T16:41:46+00:00","mainEntityOfPage":{"@id":"https:\/\/totenart.com\/noticias\/sara-belles-se-reinventa-para-navidad\/"},"wordCount":231,"commentCount":0,"image":{"@id":"https:\/\/totenart.com\/noticias\/sara-belles-se-reinventa-para-navidad\/#primaryimage"},"thumbnailUrl":"https:\/\/totenart.com\/noticias\/wp-content\/uploads\/2014\/12\/Sara-bell\u00e9s-bi.jpg","keywords":["acuarela","dibujo","Lej\u00eda","NAvidad","papel","pintura","Sara Bell\u00e9s"],"articleSection":["Totenart"],"inLanguage":"es","potentialAction":[{"@type":"CommentAction","name":"Comment","target":["https:\/\/totenart.com\/noticias\/sara-belles-se-reinventa-para-navidad\/#respond"]}]},{"@type":"WebPage","@id":"https:\/\/totenart.com\/noticias\/sara-belles-se-reinventa-para-navidad\/","url":"https:\/\/totenart.com\/noticias\/sara-belles-se-reinventa-para-navidad\/","name":"Sara Bell\u00e9s se reinventa para Navidad - Noticias de Arte Totenart","isPartOf":{"@id":"https:\/\/totenart.com\/noticias\/#website"},"primaryImageOfPage":{"@id":"https:\/\/totenart.com\/noticias\/sara-belles-se-reinventa-para-navidad\/#primaryimage"},"image":{"@id":"https:\/\/totenart.com\/noticias\/sara-belles-se-reinventa-para-navidad\/#primaryimage"},"thumbnailUrl":"https:\/\/totenart.com\/noticias\/wp-content\/uploads\/2014\/12\/Sara-bell\u00e9s-bi.jpg","datePublished":"2014-12-08T16:41:46+00:00","author":{"@id":"https:\/\/totenart.com\/noticias\/#\/schema\/person\/39b435d7a88c1b1341476fefcf6d13cb"},"description":"Sara Bell\u00e9s es una joven ilustradora que est\u00e1 buscando su hueco en el mundo del arte.Iniciativas como \u00e9sta para Navidad le ayudar\u00e1n a conseguir su prop\u00f3sito","breadcrumb":{"@id":"https:\/\/totenart.com\/noticias\/sara-belles-se-reinventa-para-navidad\/#breadcrumb"},"inLanguage":"es","potentialAction":[{"@type":"ReadAction","target":["https:\/\/totenart.com\/noticias\/sara-belles-se-reinventa-para-navidad\/"]}]},{"@type":"ImageObject","inLanguage":"es","@id":"https:\/\/totenart.com\/noticias\/sara-belles-se-reinventa-para-navidad\/#primaryimage","url":"https:\/\/totenart.com\/noticias\/wp-content\/uploads\/2014\/12\/Sara-bell\u00e9s-bi.jpg","contentUrl":"https:\/\/totenart.com\/noticias\/wp-content\/uploads\/2014\/12\/Sara-bell\u00e9s-bi.jpg","width":960,"height":810,"caption":"Sara-bell\u00e9s-portada-noticias-totenart"},{"@type":"BreadcrumbList","@id":"https:\/\/totenart.com\/noticias\/sara-belles-se-reinventa-para-navidad\/#breadcrumb","itemListElement":[{"@type":"ListItem","position":1,"name":"Portada","item":"https:\/\/totenart.com\/noticias\/"},{"@type":"ListItem","position":2,"name":"Sara Bell\u00e9s se reinventa para Navidad"}]},{"@type":"WebSite","@id":"https:\/\/totenart.com\/noticias\/#website","url":"https:\/\/totenart.com\/noticias\/","name":"Noticias de Arte Totenart","description":"Blog de noticias del mundo del arte: exposiciones, eventos, nuevos productos y materiales para artistas...","potentialAction":[{"@type":"SearchAction","target":{"@type":"EntryPoint","urlTemplate":"https:\/\/totenart.com\/noticias\/?s={search_term_string}"},"query-input":{"@type":"PropertyValueSpecification","valueRequired":true,"valueName":"search_term_string"}}],"inLanguage":"es"},{"@type":"Person","@id":"https:\/\/totenart.com\/noticias\/#\/schema\/person\/39b435d7a88c1b1341476fefcf6d13cb","name":"Paula","image":{"@type":"ImageObject","inLanguage":"es","@id":"https:\/\/secure.gravatar.com\/avatar\/22d05c4209e1e337a4699d4a6816e571216746fa18a9406152971ce58951aa83?s=96&d=blank&r=r","url":"https:\/\/secure.gravatar.com\/avatar\/22d05c4209e1e337a4699d4a6816e571216746fa18a9406152971ce58951aa83?s=96&d=blank&r=r","contentUrl":"https:\/\/secure.gravatar.com\/avatar\/22d05c4209e1e337a4699d4a6816e571216746fa18a9406152971ce58951aa83?s=96&d=blank&r=r","caption":"Paula"},"url":"https:\/\/totenart.com\/noticias\/author\/paula-herraiz\/"}]}},"_links":{"self":[{"href":"https:\/\/totenart.com\/noticias\/wp-json\/wp\/v2\/posts\/2812","targetHints":{"allow":["GET"]}}],"collection":[{"href":"https:\/\/totenart.com\/noticias\/wp-json\/wp\/v2\/posts"}],"about":[{"href":"https:\/\/totenart.com\/noticias\/wp-json\/wp\/v2\/types\/post"}],"author":[{"embeddable":true,"href":"https:\/\/totenart.com\/noticias\/wp-json\/wp\/v2\/users\/8"}],"replies":[{"embeddable":true,"href":"https:\/\/totenart.com\/noticias\/wp-json\/wp\/v2\/comments?post=2812"}],"version-history":[{"count":0,"href":"https:\/\/totenart.com\/noticias\/wp-json\/wp\/v2\/posts\/2812\/revisions"}],"wp:featuredmedia":[{"embeddable":true,"href":"https:\/\/totenart.com\/noticias\/wp-json\/wp\/v2\/media\/2816"}],"wp:attachment":[{"href":"https:\/\/totenart.com\/noticias\/wp-json\/wp\/v2\/media?parent=2812"}],"wp:term":[{"taxonomy":"category","embeddable":true,"href":"https:\/\/totenart.com\/noticias\/wp-json\/wp\/v2\/categories?post=2812"},{"taxonomy":"post_tag","embeddable":true,"href":"https:\/\/totenart.com\/noticias\/wp-json\/wp\/v2\/tags?post=2812"}],"curies":[{"name":"wp","href":"https:\/\/api.w.org\/{rel}","templated":true}]}}