



{"id":2863,"date":"2014-12-19T18:20:13","date_gmt":"2014-12-19T17:20:13","guid":{"rendered":"http:\/\/totenart.com\/noticias\/?p=2863"},"modified":"2014-12-19T18:20:13","modified_gmt":"2014-12-19T17:20:13","slug":"la-joven-de-la-perla-no-tiene-perla","status":"publish","type":"post","link":"https:\/\/totenart.com\/noticias\/la-joven-de-la-perla-no-tiene-perla\/","title":{"rendered":"La joven de la perla, no tiene perla"},"content":{"rendered":"<p><a href=\"http:\/\/totenart.com\/noticias\/wp-content\/uploads\/2014\/12\/vermeer-la-joven-de-la-perla.jpg\"><img loading=\"lazy\" decoding=\"async\" class=\"aligncenter size-large wp-image-2867\" src=\"https:\/\/totenart.com\/noticias\/wp-content\/uploads\/2014\/12\/vermeer-la-joven-de-la-perla-715x1024.jpg\" alt=\"vermeer-la-joven-de-la-perla-noticias-totenart\" width=\"715\" height=\"1024\" srcset=\"https:\/\/totenart.com\/noticias\/wp-content\/uploads\/2014\/12\/vermeer-la-joven-de-la-perla-715x1024.jpg 715w, https:\/\/totenart.com\/noticias\/wp-content\/uploads\/2014\/12\/vermeer-la-joven-de-la-perla-209x300.jpg 209w, https:\/\/totenart.com\/noticias\/wp-content\/uploads\/2014\/12\/vermeer-la-joven-de-la-perla.jpg 1861w\" sizes=\"auto, (max-width: 715px) 100vw, 715px\" \/><\/a><\/p>\n<p>La <b><i>Mona Lisa del Norte<\/i><\/b><i><\/i>, la\u00a0<em><strong>Muchacha con turbante\u00a0<\/strong><\/em>o\u00a0<em><strong>La joven de la perla<\/strong><\/em> son algunos nombres que recibe una de las obras m\u00e1s conocidas de Johannes Vermeer.<\/p>\n<p>La obra de \u00f3leo sobre tela fue pintada sobre 1666, pertenece a la corriente del <strong>Barroco<\/strong>, aunque ha sabido encajar en casi todas las \u00e9pocas desde entonces. Tanto es as\u00ed que muchos artistas se han atrevido a \u00abadulterar\u00bb el cuadro a\u00f1adiendo una figurada parte de abajo con ropas de todo tipo, que bien seguro no se asemejar\u00edan a las que llevaba la modelo de Vermeer.<\/p>\n<p><a href=\"http:\/\/totenart.com\/noticias\/wp-content\/uploads\/2014\/12\/la-joven-de-la-perla-2.jpg\"><img loading=\"lazy\" decoding=\"async\" class=\"aligncenter size-large wp-image-2865\" src=\"https:\/\/totenart.com\/noticias\/wp-content\/uploads\/2014\/12\/la-joven-de-la-perla-2-1024x738.jpg\" alt=\"la-joven-de-la-perla-noticias-totenart\" width=\"1000\" height=\"720\" srcset=\"https:\/\/totenart.com\/noticias\/wp-content\/uploads\/2014\/12\/la-joven-de-la-perla-2-1024x738.jpg 1024w, https:\/\/totenart.com\/noticias\/wp-content\/uploads\/2014\/12\/la-joven-de-la-perla-2-300x216.jpg 300w\" sizes=\"auto, (max-width: 1000px) 100vw, 1000px\" \/><\/a><\/p>\n<p>El cuadro vive actualmente en la pared del Mauritshuis en La Haya. Durante muchos a\u00f1os ha pasado casi desapercibida por ser un\u00a0<em>tronie<\/em> m\u00e1s. Un\u00a0<em>tronie\u00a0<\/em> es un retrato que no intenta asemejarse a nadie en concreto si no servir para publicitar las habilidades creativas y expresivas de su autor. Pero en su \u00faltima restauraci\u00f3n, en 1994, se han logrado recuperar matices y colores originales que han destapado muchas intrigas al respecto.<\/p>\n<p>Su boca entreabierta, el brillo de sus ojos, la perspectiva desde la que es retratada en pleno siglo XVII han despertado mucho inter\u00e9s sobre qui\u00e9n es la joven o qu\u00e9 hay de especial en ella. El mismo inter\u00e9s que ha suscitado desde siempre <strong>La\u00a0<\/strong><strong>Gioconda.<\/strong><\/p>\n<p>Pero lo que jam\u00e1s hab\u00eda sido signo de duda era su pendiente. Hasta la fecha se le conoce como\u00a0<em><strong>La joven de la perla<\/strong><\/em> pero seg\u00fan los \u00faltimos estudios tal vez debiera ser\u00a0<em>La joven del pendiente de plata.\u00a0<\/em> Seg\u00fan ha publicado recientemente un estudio de <strong>Vicent Icke,<\/strong>\u00a0el material pudiera ser plata, esta\u00f1o o cristal veneciano, para tales conclusiones se ha basado en la silueta que se dibuja en la parte oscura del pendiente. Si hubiera pintado algo similar a una perla, en estas zonas no habr\u00eda ning\u00fan tipo de reflejo, pero s\u00ed lo hay.<\/p>\n<p>Aunque se haya llegado a esta conclusi\u00f3n recientemente, la hip\u00f3tesis fue lanzada hace 10 a\u00f1os por la galer\u00eda que expone permanentemente la obra, que valor\u00f3 que una perla natural (no cultivada) de la \u00e9poca era tremendamente dif\u00edcil que tuviera ese tama\u00f1o. Y m\u00e1s si tenemos en cuenta que para hacer pendientes se necesitar\u00edan por lo menos dos perlas de esa magnitud. Por no hablar de que si \u00e9ste fuera el caso la joven debiera ser muy adinerada, asunto que distar\u00eda bastante de la tem\u00e1tica habitual de Johannes Vermeer.<\/p>\n<p><a href=\"http:\/\/totenart.com\/noticias\/wp-content\/uploads\/2014\/12\/la-joven-de-la-perla-1.jpg\"><img loading=\"lazy\" decoding=\"async\" class=\"aligncenter size-large wp-image-2864\" src=\"https:\/\/totenart.com\/noticias\/wp-content\/uploads\/2014\/12\/la-joven-de-la-perla-1-713x1024.jpg\" alt=\"la-joven-de-la-perla-noticias-totenart\" width=\"713\" height=\"1024\" srcset=\"https:\/\/totenart.com\/noticias\/wp-content\/uploads\/2014\/12\/la-joven-de-la-perla-1-713x1024.jpg 713w, https:\/\/totenart.com\/noticias\/wp-content\/uploads\/2014\/12\/la-joven-de-la-perla-1-208x300.jpg 208w, https:\/\/totenart.com\/noticias\/wp-content\/uploads\/2014\/12\/la-joven-de-la-perla-1.jpg 769w\" sizes=\"auto, (max-width: 713px) 100vw, 713px\" \/><\/a><\/p>\n<p>\u00bfQu\u00e9 os ha parecido? \u00bfOs hab\u00edais planteado que La joven de la perla no tuviera perla? \u00bfQu\u00e9 preguntas os plantea este retrato?<\/p>\n","protected":false},"excerpt":{"rendered":"<p>La Mona Lisa del Norte, la\u00a0Muchacha con turbante\u00a0o\u00a0La joven de la perla son algunos nombres que recibe una de las obras m\u00e1s conocidas de Johannes Vermeer. La obra de \u00f3leo sobre tela fue pintada sobre 1666, pertenece a la corriente del Barroco, aunque ha sabido encajar en casi todas las \u00e9pocas desde entonces. Tanto es [&hellip;]<\/p>\n","protected":false},"author":8,"featured_media":2867,"comment_status":"open","ping_status":"open","sticky":false,"template":"","format":"standard","meta":{"footnotes":""},"categories":[1],"tags":[],"class_list":["post-2863","post","type-post","status-publish","format-standard","has-post-thumbnail","hentry","category-totenart"],"yoast_head":"<!-- This site is optimized with the Yoast SEO plugin v27.2 - https:\/\/yoast.com\/product\/yoast-seo-wordpress\/ -->\n<title>La joven de la perla, no tiene perla - Noticias de Arte Totenart<\/title>\n<meta name=\"description\" content=\"La obra de Johannes Vermeer, La joven de la perla ha creado muchos interrogantes, pero nunca cuestion\u00f3 si es La joven de la perla o la del pendiente bonito.\" \/>\n<meta name=\"robots\" content=\"index, follow, max-snippet:-1, max-image-preview:large, max-video-preview:-1\" \/>\n<link rel=\"canonical\" href=\"https:\/\/totenart.com\/noticias\/la-joven-de-la-perla-no-tiene-perla\/\" \/>\n<meta property=\"og:locale\" content=\"es_ES\" \/>\n<meta property=\"og:type\" content=\"article\" \/>\n<meta property=\"og:title\" content=\"La joven de la perla, no tiene perla - Noticias de Arte Totenart\" \/>\n<meta property=\"og:description\" content=\"La obra de Johannes Vermeer, La joven de la perla ha creado muchos interrogantes, pero nunca cuestion\u00f3 si es La joven de la perla o la del pendiente bonito.\" \/>\n<meta property=\"og:url\" content=\"https:\/\/totenart.com\/noticias\/la-joven-de-la-perla-no-tiene-perla\/\" \/>\n<meta property=\"og:site_name\" content=\"Noticias de Arte Totenart\" \/>\n<meta property=\"article:published_time\" content=\"2014-12-19T17:20:13+00:00\" \/>\n<meta property=\"og:image\" content=\"https:\/\/totenart.com\/noticias\/wp-content\/uploads\/2014\/12\/vermeer-la-joven-de-la-perla.jpg\" \/>\n\t<meta property=\"og:image:width\" content=\"1861\" \/>\n\t<meta property=\"og:image:height\" content=\"2663\" \/>\n\t<meta property=\"og:image:type\" content=\"image\/jpeg\" \/>\n<meta name=\"author\" content=\"Paula\" \/>\n<meta name=\"twitter:label1\" content=\"Escrito por\" \/>\n\t<meta name=\"twitter:data1\" content=\"Paula\" \/>\n\t<meta name=\"twitter:label2\" content=\"Tiempo de lectura\" \/>\n\t<meta name=\"twitter:data2\" content=\"2 minutos\" \/>\n<script type=\"application\/ld+json\" class=\"yoast-schema-graph\">{\"@context\":\"https:\/\/schema.org\",\"@graph\":[{\"@type\":\"Article\",\"@id\":\"https:\/\/totenart.com\/noticias\/la-joven-de-la-perla-no-tiene-perla\/#article\",\"isPartOf\":{\"@id\":\"https:\/\/totenart.com\/noticias\/la-joven-de-la-perla-no-tiene-perla\/\"},\"author\":{\"name\":\"Paula\",\"@id\":\"https:\/\/totenart.com\/noticias\/#\/schema\/person\/39b435d7a88c1b1341476fefcf6d13cb\"},\"headline\":\"La joven de la perla, no tiene perla\",\"datePublished\":\"2014-12-19T17:20:13+00:00\",\"mainEntityOfPage\":{\"@id\":\"https:\/\/totenart.com\/noticias\/la-joven-de-la-perla-no-tiene-perla\/\"},\"wordCount\":449,\"commentCount\":1,\"image\":{\"@id\":\"https:\/\/totenart.com\/noticias\/la-joven-de-la-perla-no-tiene-perla\/#primaryimage\"},\"thumbnailUrl\":\"https:\/\/totenart.com\/noticias\/wp-content\/uploads\/2014\/12\/vermeer-la-joven-de-la-perla.jpg\",\"articleSection\":[\"Totenart\"],\"inLanguage\":\"es\",\"potentialAction\":[{\"@type\":\"CommentAction\",\"name\":\"Comment\",\"target\":[\"https:\/\/totenart.com\/noticias\/la-joven-de-la-perla-no-tiene-perla\/#respond\"]}]},{\"@type\":\"WebPage\",\"@id\":\"https:\/\/totenart.com\/noticias\/la-joven-de-la-perla-no-tiene-perla\/\",\"url\":\"https:\/\/totenart.com\/noticias\/la-joven-de-la-perla-no-tiene-perla\/\",\"name\":\"La joven de la perla, no tiene perla - Noticias de Arte Totenart\",\"isPartOf\":{\"@id\":\"https:\/\/totenart.com\/noticias\/#website\"},\"primaryImageOfPage\":{\"@id\":\"https:\/\/totenart.com\/noticias\/la-joven-de-la-perla-no-tiene-perla\/#primaryimage\"},\"image\":{\"@id\":\"https:\/\/totenart.com\/noticias\/la-joven-de-la-perla-no-tiene-perla\/#primaryimage\"},\"thumbnailUrl\":\"https:\/\/totenart.com\/noticias\/wp-content\/uploads\/2014\/12\/vermeer-la-joven-de-la-perla.jpg\",\"datePublished\":\"2014-12-19T17:20:13+00:00\",\"author\":{\"@id\":\"https:\/\/totenart.com\/noticias\/#\/schema\/person\/39b435d7a88c1b1341476fefcf6d13cb\"},\"description\":\"La obra de Johannes Vermeer, La joven de la perla ha creado muchos interrogantes, pero nunca cuestion\u00f3 si es La joven de la perla o la del pendiente bonito.\",\"breadcrumb\":{\"@id\":\"https:\/\/totenart.com\/noticias\/la-joven-de-la-perla-no-tiene-perla\/#breadcrumb\"},\"inLanguage\":\"es\",\"potentialAction\":[{\"@type\":\"ReadAction\",\"target\":[\"https:\/\/totenart.com\/noticias\/la-joven-de-la-perla-no-tiene-perla\/\"]}]},{\"@type\":\"ImageObject\",\"inLanguage\":\"es\",\"@id\":\"https:\/\/totenart.com\/noticias\/la-joven-de-la-perla-no-tiene-perla\/#primaryimage\",\"url\":\"https:\/\/totenart.com\/noticias\/wp-content\/uploads\/2014\/12\/vermeer-la-joven-de-la-perla.jpg\",\"contentUrl\":\"https:\/\/totenart.com\/noticias\/wp-content\/uploads\/2014\/12\/vermeer-la-joven-de-la-perla.jpg\",\"width\":1861,\"height\":2663,\"caption\":\"vermeer-la-joven-de-la-perla-noticias-totenart\"},{\"@type\":\"BreadcrumbList\",\"@id\":\"https:\/\/totenart.com\/noticias\/la-joven-de-la-perla-no-tiene-perla\/#breadcrumb\",\"itemListElement\":[{\"@type\":\"ListItem\",\"position\":1,\"name\":\"Portada\",\"item\":\"https:\/\/totenart.com\/noticias\/\"},{\"@type\":\"ListItem\",\"position\":2,\"name\":\"La joven de la perla, no tiene perla\"}]},{\"@type\":\"WebSite\",\"@id\":\"https:\/\/totenart.com\/noticias\/#website\",\"url\":\"https:\/\/totenart.com\/noticias\/\",\"name\":\"Noticias de Arte Totenart\",\"description\":\"Blog de noticias del mundo del arte: exposiciones, eventos, nuevos productos y materiales para artistas...\",\"potentialAction\":[{\"@type\":\"SearchAction\",\"target\":{\"@type\":\"EntryPoint\",\"urlTemplate\":\"https:\/\/totenart.com\/noticias\/?s={search_term_string}\"},\"query-input\":{\"@type\":\"PropertyValueSpecification\",\"valueRequired\":true,\"valueName\":\"search_term_string\"}}],\"inLanguage\":\"es\"},{\"@type\":\"Person\",\"@id\":\"https:\/\/totenart.com\/noticias\/#\/schema\/person\/39b435d7a88c1b1341476fefcf6d13cb\",\"name\":\"Paula\",\"image\":{\"@type\":\"ImageObject\",\"inLanguage\":\"es\",\"@id\":\"https:\/\/secure.gravatar.com\/avatar\/22d05c4209e1e337a4699d4a6816e571216746fa18a9406152971ce58951aa83?s=96&d=blank&r=r\",\"url\":\"https:\/\/secure.gravatar.com\/avatar\/22d05c4209e1e337a4699d4a6816e571216746fa18a9406152971ce58951aa83?s=96&d=blank&r=r\",\"contentUrl\":\"https:\/\/secure.gravatar.com\/avatar\/22d05c4209e1e337a4699d4a6816e571216746fa18a9406152971ce58951aa83?s=96&d=blank&r=r\",\"caption\":\"Paula\"},\"url\":\"https:\/\/totenart.com\/noticias\/author\/paula-herraiz\/\"}]}<\/script>\n<!-- \/ Yoast SEO plugin. -->","yoast_head_json":{"title":"La joven de la perla, no tiene perla - Noticias de Arte Totenart","description":"La obra de Johannes Vermeer, La joven de la perla ha creado muchos interrogantes, pero nunca cuestion\u00f3 si es La joven de la perla o la del pendiente bonito.","robots":{"index":"index","follow":"follow","max-snippet":"max-snippet:-1","max-image-preview":"max-image-preview:large","max-video-preview":"max-video-preview:-1"},"canonical":"https:\/\/totenart.com\/noticias\/la-joven-de-la-perla-no-tiene-perla\/","og_locale":"es_ES","og_type":"article","og_title":"La joven de la perla, no tiene perla - Noticias de Arte Totenart","og_description":"La obra de Johannes Vermeer, La joven de la perla ha creado muchos interrogantes, pero nunca cuestion\u00f3 si es La joven de la perla o la del pendiente bonito.","og_url":"https:\/\/totenart.com\/noticias\/la-joven-de-la-perla-no-tiene-perla\/","og_site_name":"Noticias de Arte Totenart","article_published_time":"2014-12-19T17:20:13+00:00","og_image":[{"width":1861,"height":2663,"url":"https:\/\/totenart.com\/noticias\/wp-content\/uploads\/2014\/12\/vermeer-la-joven-de-la-perla.jpg","type":"image\/jpeg"}],"author":"Paula","twitter_misc":{"Escrito por":"Paula","Tiempo de lectura":"2 minutos"},"schema":{"@context":"https:\/\/schema.org","@graph":[{"@type":"Article","@id":"https:\/\/totenart.com\/noticias\/la-joven-de-la-perla-no-tiene-perla\/#article","isPartOf":{"@id":"https:\/\/totenart.com\/noticias\/la-joven-de-la-perla-no-tiene-perla\/"},"author":{"name":"Paula","@id":"https:\/\/totenart.com\/noticias\/#\/schema\/person\/39b435d7a88c1b1341476fefcf6d13cb"},"headline":"La joven de la perla, no tiene perla","datePublished":"2014-12-19T17:20:13+00:00","mainEntityOfPage":{"@id":"https:\/\/totenart.com\/noticias\/la-joven-de-la-perla-no-tiene-perla\/"},"wordCount":449,"commentCount":1,"image":{"@id":"https:\/\/totenart.com\/noticias\/la-joven-de-la-perla-no-tiene-perla\/#primaryimage"},"thumbnailUrl":"https:\/\/totenart.com\/noticias\/wp-content\/uploads\/2014\/12\/vermeer-la-joven-de-la-perla.jpg","articleSection":["Totenart"],"inLanguage":"es","potentialAction":[{"@type":"CommentAction","name":"Comment","target":["https:\/\/totenart.com\/noticias\/la-joven-de-la-perla-no-tiene-perla\/#respond"]}]},{"@type":"WebPage","@id":"https:\/\/totenart.com\/noticias\/la-joven-de-la-perla-no-tiene-perla\/","url":"https:\/\/totenart.com\/noticias\/la-joven-de-la-perla-no-tiene-perla\/","name":"La joven de la perla, no tiene perla - Noticias de Arte Totenart","isPartOf":{"@id":"https:\/\/totenart.com\/noticias\/#website"},"primaryImageOfPage":{"@id":"https:\/\/totenart.com\/noticias\/la-joven-de-la-perla-no-tiene-perla\/#primaryimage"},"image":{"@id":"https:\/\/totenart.com\/noticias\/la-joven-de-la-perla-no-tiene-perla\/#primaryimage"},"thumbnailUrl":"https:\/\/totenart.com\/noticias\/wp-content\/uploads\/2014\/12\/vermeer-la-joven-de-la-perla.jpg","datePublished":"2014-12-19T17:20:13+00:00","author":{"@id":"https:\/\/totenart.com\/noticias\/#\/schema\/person\/39b435d7a88c1b1341476fefcf6d13cb"},"description":"La obra de Johannes Vermeer, La joven de la perla ha creado muchos interrogantes, pero nunca cuestion\u00f3 si es La joven de la perla o la del pendiente bonito.","breadcrumb":{"@id":"https:\/\/totenart.com\/noticias\/la-joven-de-la-perla-no-tiene-perla\/#breadcrumb"},"inLanguage":"es","potentialAction":[{"@type":"ReadAction","target":["https:\/\/totenart.com\/noticias\/la-joven-de-la-perla-no-tiene-perla\/"]}]},{"@type":"ImageObject","inLanguage":"es","@id":"https:\/\/totenart.com\/noticias\/la-joven-de-la-perla-no-tiene-perla\/#primaryimage","url":"https:\/\/totenart.com\/noticias\/wp-content\/uploads\/2014\/12\/vermeer-la-joven-de-la-perla.jpg","contentUrl":"https:\/\/totenart.com\/noticias\/wp-content\/uploads\/2014\/12\/vermeer-la-joven-de-la-perla.jpg","width":1861,"height":2663,"caption":"vermeer-la-joven-de-la-perla-noticias-totenart"},{"@type":"BreadcrumbList","@id":"https:\/\/totenart.com\/noticias\/la-joven-de-la-perla-no-tiene-perla\/#breadcrumb","itemListElement":[{"@type":"ListItem","position":1,"name":"Portada","item":"https:\/\/totenart.com\/noticias\/"},{"@type":"ListItem","position":2,"name":"La joven de la perla, no tiene perla"}]},{"@type":"WebSite","@id":"https:\/\/totenart.com\/noticias\/#website","url":"https:\/\/totenart.com\/noticias\/","name":"Noticias de Arte Totenart","description":"Blog de noticias del mundo del arte: exposiciones, eventos, nuevos productos y materiales para artistas...","potentialAction":[{"@type":"SearchAction","target":{"@type":"EntryPoint","urlTemplate":"https:\/\/totenart.com\/noticias\/?s={search_term_string}"},"query-input":{"@type":"PropertyValueSpecification","valueRequired":true,"valueName":"search_term_string"}}],"inLanguage":"es"},{"@type":"Person","@id":"https:\/\/totenart.com\/noticias\/#\/schema\/person\/39b435d7a88c1b1341476fefcf6d13cb","name":"Paula","image":{"@type":"ImageObject","inLanguage":"es","@id":"https:\/\/secure.gravatar.com\/avatar\/22d05c4209e1e337a4699d4a6816e571216746fa18a9406152971ce58951aa83?s=96&d=blank&r=r","url":"https:\/\/secure.gravatar.com\/avatar\/22d05c4209e1e337a4699d4a6816e571216746fa18a9406152971ce58951aa83?s=96&d=blank&r=r","contentUrl":"https:\/\/secure.gravatar.com\/avatar\/22d05c4209e1e337a4699d4a6816e571216746fa18a9406152971ce58951aa83?s=96&d=blank&r=r","caption":"Paula"},"url":"https:\/\/totenart.com\/noticias\/author\/paula-herraiz\/"}]}},"_links":{"self":[{"href":"https:\/\/totenart.com\/noticias\/wp-json\/wp\/v2\/posts\/2863","targetHints":{"allow":["GET"]}}],"collection":[{"href":"https:\/\/totenart.com\/noticias\/wp-json\/wp\/v2\/posts"}],"about":[{"href":"https:\/\/totenart.com\/noticias\/wp-json\/wp\/v2\/types\/post"}],"author":[{"embeddable":true,"href":"https:\/\/totenart.com\/noticias\/wp-json\/wp\/v2\/users\/8"}],"replies":[{"embeddable":true,"href":"https:\/\/totenart.com\/noticias\/wp-json\/wp\/v2\/comments?post=2863"}],"version-history":[{"count":0,"href":"https:\/\/totenart.com\/noticias\/wp-json\/wp\/v2\/posts\/2863\/revisions"}],"wp:featuredmedia":[{"embeddable":true,"href":"https:\/\/totenart.com\/noticias\/wp-json\/wp\/v2\/media\/2867"}],"wp:attachment":[{"href":"https:\/\/totenart.com\/noticias\/wp-json\/wp\/v2\/media?parent=2863"}],"wp:term":[{"taxonomy":"category","embeddable":true,"href":"https:\/\/totenart.com\/noticias\/wp-json\/wp\/v2\/categories?post=2863"},{"taxonomy":"post_tag","embeddable":true,"href":"https:\/\/totenart.com\/noticias\/wp-json\/wp\/v2\/tags?post=2863"}],"curies":[{"name":"wp","href":"https:\/\/api.w.org\/{rel}","templated":true}]}}