



{"id":3064,"date":"2015-02-23T12:08:05","date_gmt":"2015-02-23T11:08:05","guid":{"rendered":"http:\/\/totenart.com\/noticias\/?p=3064"},"modified":"2015-02-23T12:08:05","modified_gmt":"2015-02-23T11:08:05","slug":"usb-escondido-un-dead-drop-en-valencia","status":"publish","type":"post","link":"https:\/\/totenart.com\/noticias\/usb-escondido-un-dead-drop-en-valencia\/","title":{"rendered":"USB escondido, un dead drop en Valencia"},"content":{"rendered":"<p><strong>Aram Bartholl<\/strong>, es un artista alem\u00e1n, residente actualmente en Berl\u00edn, con una visi\u00f3n de la vida y la participaci\u00f3n muy particular.<\/p>\n<p>Hace cinco a\u00f1os inici\u00f3 un proyecto de participaci\u00f3n ciudadana relacion\u00e1ndolo con las nuevas tecnolog\u00edas y en concreto con la manera de poder compartir archivos y datos en soporte digital.<\/p>\n<p>La campa\u00f1a consist\u00eda en incrustar en las paredes, muros, \u00e1rboles, o cualquier lugar perenne un<em> pen drive<\/em> o un USB escondido. La intenci\u00f3n es que los usuarios puedan compartir archivos de manera an\u00f3nima pudiendo enriquecer entre todos una cultura global y participativa.<\/p>\n<p><img loading=\"lazy\" decoding=\"async\" class=\"aligncenter size-full wp-image-3143\" src=\"https:\/\/totenart.com\/noticias\/wp-content\/uploads\/2015\/02\/dead-drop-muro-usb-escondido-noticias-totenart.jpg\" alt=\"dead-drop-muro-usb-escondido-noticias-totenart\" width=\"525\" height=\"392\" srcset=\"https:\/\/totenart.com\/noticias\/wp-content\/uploads\/2015\/02\/dead-drop-muro-usb-escondido-noticias-totenart.jpg 525w, https:\/\/totenart.com\/noticias\/wp-content\/uploads\/2015\/02\/dead-drop-muro-usb-escondido-noticias-totenart-300x224.jpg 300w\" sizes=\"auto, (max-width: 525px) 100vw, 525px\" \/><\/p>\n<p>El proyecto comenz\u00f3 en Nuevo York y se fue extendiendo gracias a la facilidad con la que se pueden instaurar nuevos puntos de\u00a0<strong><em>Dead drops<\/em><\/strong>, t\u00edtulo original de la iniciativa. Para colocar un nuevo USB escondido tan s\u00f3lo es necesario encontrar un agujero en cualquier espacio p\u00fablico accesible por la mayor cantidad de usuarios posible, un USB y un poco de cemento de secado r\u00e1pido.<\/p>\n<p>Actualmente muchos de los USB escondidos han desaparecido o est\u00e1n inservibles por fen\u00f3menos naturales como la lluvia, o \u00a0simplemente por la contaminaci\u00f3n de \u00e9stos con virus.<\/p>\n<p>El \u00fanico que sigue estando disponible y en funcionamiento en toda Espa\u00f1a est\u00e1 en el barrio valenciano de Benimaclet. El USB escondido se encuentra en la plaza de Emili Be\u00fct i Belenguer, se instal\u00f3 bajo el nombre de\u00a0<em><strong>BooksNJocs#1\u00a0<\/strong><\/em> y dipone de 128MB de almacenamiento.<\/p>\n<div id=\"attachment_3144\" style=\"width: 610px\" class=\"wp-caption aligncenter\"><img loading=\"lazy\" decoding=\"async\" aria-describedby=\"caption-attachment-3144\" class=\"wp-image-3144 size-full\" src=\"https:\/\/totenart.com\/noticias\/wp-content\/uploads\/2015\/02\/dead-drop-usb-escondido-benimaclet-noticias-totenart.jpg\" alt=\"dead-drop-usb-escondido-benimaclet-noticias-totenart\" width=\"600\" height=\"306\" srcset=\"https:\/\/totenart.com\/noticias\/wp-content\/uploads\/2015\/02\/dead-drop-usb-escondido-benimaclet-noticias-totenart.jpg 600w, https:\/\/totenart.com\/noticias\/wp-content\/uploads\/2015\/02\/dead-drop-usb-escondido-benimaclet-noticias-totenart-300x153.jpg 300w\" sizes=\"auto, (max-width: 600px) 100vw, 600px\" \/><p id=\"caption-attachment-3144\" class=\"wp-caption-text\">USB escondido en el barrio de Benimaclet &#8211; Noticias Totenart<\/p><\/div>\n<p>&nbsp;<\/p>\n<p>Todos los Deap Drops se instalan con un \u00fanico archivo llamado\u00a0<em><strong>l\u00e9eme.txt<\/strong><\/em> \u00a0en \u00e9l se explican las instrucciones que deben tener en cuenta los participantes del proyecto.<\/p>\n<p><img loading=\"lazy\" decoding=\"async\" class=\"aligncenter size-full wp-image-3142\" src=\"https:\/\/totenart.com\/noticias\/wp-content\/uploads\/2015\/02\/dead-drop-conectate-usb-escondido-noticias-totenart.jpg\" alt=\"dead-drop-conectate-usb-escondido-noticias-totenart\" width=\"650\" height=\"975\" srcset=\"https:\/\/totenart.com\/noticias\/wp-content\/uploads\/2015\/02\/dead-drop-conectate-usb-escondido-noticias-totenart.jpg 650w, https:\/\/totenart.com\/noticias\/wp-content\/uploads\/2015\/02\/dead-drop-conectate-usb-escondido-noticias-totenart-200x300.jpg 200w\" sizes=\"auto, (max-width: 650px) 100vw, 650px\" \/><\/p>\n<p>\u00bfQu\u00e9 os ha parecido? \u00bfOs apetece acercaros a Benimaclet a ver qu\u00e9 hay ahora mismo en este \u00abUSB escondido\u00bb?<\/p>\n","protected":false},"excerpt":{"rendered":"<p>Aram Bartholl, es un artista alem\u00e1n, residente actualmente en Berl\u00edn, con una visi\u00f3n de la vida y la participaci\u00f3n muy particular. Hace cinco a\u00f1os inici\u00f3 un proyecto de participaci\u00f3n ciudadana relacion\u00e1ndolo con las nuevas tecnolog\u00edas y en concreto con la manera de poder compartir archivos y datos en soporte digital. La campa\u00f1a consist\u00eda en incrustar [&hellip;]<\/p>\n","protected":false},"author":8,"featured_media":3145,"comment_status":"open","ping_status":"open","sticky":false,"template":"","format":"standard","meta":{"footnotes":""},"categories":[1],"tags":[67,280],"class_list":["post-3064","post","type-post","status-publish","format-standard","has-post-thumbnail","hentry","category-totenart","tag-instalacion","tag-usb"],"yoast_head":"<!-- This site is optimized with the Yoast SEO plugin v27.2 - https:\/\/yoast.com\/product\/yoast-seo-wordpress\/ -->\n<title>USB escondido, un dead drop en Valencia - Noticias de Arte Totenart<\/title>\n<meta name=\"description\" content=\"El artista alem\u00e1n Aram Bartholl realiza una iniciativa basada en instalar USB escondidos en las paredes de medio mundo para compartir archivos libremente.\" \/>\n<meta name=\"robots\" content=\"index, follow, max-snippet:-1, max-image-preview:large, max-video-preview:-1\" \/>\n<link rel=\"canonical\" href=\"https:\/\/totenart.com\/noticias\/usb-escondido-un-dead-drop-en-valencia\/\" \/>\n<meta property=\"og:locale\" content=\"es_ES\" \/>\n<meta property=\"og:type\" content=\"article\" \/>\n<meta property=\"og:title\" content=\"USB escondido, un dead drop en Valencia - Noticias de Arte Totenart\" \/>\n<meta property=\"og:description\" content=\"El artista alem\u00e1n Aram Bartholl realiza una iniciativa basada en instalar USB escondidos en las paredes de medio mundo para compartir archivos libremente.\" \/>\n<meta property=\"og:url\" content=\"https:\/\/totenart.com\/noticias\/usb-escondido-un-dead-drop-en-valencia\/\" \/>\n<meta property=\"og:site_name\" content=\"Noticias de Arte Totenart\" \/>\n<meta property=\"article:published_time\" content=\"2015-02-23T11:08:05+00:00\" \/>\n<meta property=\"og:image\" content=\"https:\/\/totenart.com\/noticias\/wp-content\/uploads\/2015\/02\/dead-drop-usb-escondido-noticias-totenart.jpg\" \/>\n\t<meta property=\"og:image:width\" content=\"600\" \/>\n\t<meta property=\"og:image:height\" content=\"400\" \/>\n\t<meta property=\"og:image:type\" content=\"image\/jpeg\" \/>\n<meta name=\"author\" content=\"Paula\" \/>\n<meta name=\"twitter:label1\" content=\"Escrito por\" \/>\n\t<meta name=\"twitter:data1\" content=\"Paula\" \/>\n\t<meta name=\"twitter:label2\" content=\"Tiempo de lectura\" \/>\n\t<meta name=\"twitter:data2\" content=\"2 minutos\" \/>\n<script type=\"application\/ld+json\" class=\"yoast-schema-graph\">{\"@context\":\"https:\/\/schema.org\",\"@graph\":[{\"@type\":\"Article\",\"@id\":\"https:\/\/totenart.com\/noticias\/usb-escondido-un-dead-drop-en-valencia\/#article\",\"isPartOf\":{\"@id\":\"https:\/\/totenart.com\/noticias\/usb-escondido-un-dead-drop-en-valencia\/\"},\"author\":{\"name\":\"Paula\",\"@id\":\"https:\/\/totenart.com\/noticias\/#\/schema\/person\/39b435d7a88c1b1341476fefcf6d13cb\"},\"headline\":\"USB escondido, un dead drop en Valencia\",\"datePublished\":\"2015-02-23T11:08:05+00:00\",\"mainEntityOfPage\":{\"@id\":\"https:\/\/totenart.com\/noticias\/usb-escondido-un-dead-drop-en-valencia\/\"},\"wordCount\":322,\"commentCount\":0,\"image\":{\"@id\":\"https:\/\/totenart.com\/noticias\/usb-escondido-un-dead-drop-en-valencia\/#primaryimage\"},\"thumbnailUrl\":\"https:\/\/totenart.com\/noticias\/wp-content\/uploads\/2015\/02\/dead-drop-usb-escondido-noticias-totenart.jpg\",\"keywords\":[\"instalaci\u00f3n\",\"USB\"],\"articleSection\":[\"Totenart\"],\"inLanguage\":\"es\",\"potentialAction\":[{\"@type\":\"CommentAction\",\"name\":\"Comment\",\"target\":[\"https:\/\/totenart.com\/noticias\/usb-escondido-un-dead-drop-en-valencia\/#respond\"]}]},{\"@type\":\"WebPage\",\"@id\":\"https:\/\/totenart.com\/noticias\/usb-escondido-un-dead-drop-en-valencia\/\",\"url\":\"https:\/\/totenart.com\/noticias\/usb-escondido-un-dead-drop-en-valencia\/\",\"name\":\"USB escondido, un dead drop en Valencia - Noticias de Arte Totenart\",\"isPartOf\":{\"@id\":\"https:\/\/totenart.com\/noticias\/#website\"},\"primaryImageOfPage\":{\"@id\":\"https:\/\/totenart.com\/noticias\/usb-escondido-un-dead-drop-en-valencia\/#primaryimage\"},\"image\":{\"@id\":\"https:\/\/totenart.com\/noticias\/usb-escondido-un-dead-drop-en-valencia\/#primaryimage\"},\"thumbnailUrl\":\"https:\/\/totenart.com\/noticias\/wp-content\/uploads\/2015\/02\/dead-drop-usb-escondido-noticias-totenart.jpg\",\"datePublished\":\"2015-02-23T11:08:05+00:00\",\"author\":{\"@id\":\"https:\/\/totenart.com\/noticias\/#\/schema\/person\/39b435d7a88c1b1341476fefcf6d13cb\"},\"description\":\"El artista alem\u00e1n Aram Bartholl realiza una iniciativa basada en instalar USB escondidos en las paredes de medio mundo para compartir archivos libremente.\",\"breadcrumb\":{\"@id\":\"https:\/\/totenart.com\/noticias\/usb-escondido-un-dead-drop-en-valencia\/#breadcrumb\"},\"inLanguage\":\"es\",\"potentialAction\":[{\"@type\":\"ReadAction\",\"target\":[\"https:\/\/totenart.com\/noticias\/usb-escondido-un-dead-drop-en-valencia\/\"]}]},{\"@type\":\"ImageObject\",\"inLanguage\":\"es\",\"@id\":\"https:\/\/totenart.com\/noticias\/usb-escondido-un-dead-drop-en-valencia\/#primaryimage\",\"url\":\"https:\/\/totenart.com\/noticias\/wp-content\/uploads\/2015\/02\/dead-drop-usb-escondido-noticias-totenart.jpg\",\"contentUrl\":\"https:\/\/totenart.com\/noticias\/wp-content\/uploads\/2015\/02\/dead-drop-usb-escondido-noticias-totenart.jpg\",\"width\":600,\"height\":400,\"caption\":\"dead-drop-usb-escondido-noticias-totenart\"},{\"@type\":\"BreadcrumbList\",\"@id\":\"https:\/\/totenart.com\/noticias\/usb-escondido-un-dead-drop-en-valencia\/#breadcrumb\",\"itemListElement\":[{\"@type\":\"ListItem\",\"position\":1,\"name\":\"Portada\",\"item\":\"https:\/\/totenart.com\/noticias\/\"},{\"@type\":\"ListItem\",\"position\":2,\"name\":\"USB escondido, un dead drop en Valencia\"}]},{\"@type\":\"WebSite\",\"@id\":\"https:\/\/totenart.com\/noticias\/#website\",\"url\":\"https:\/\/totenart.com\/noticias\/\",\"name\":\"Noticias de Arte Totenart\",\"description\":\"Blog de noticias del mundo del arte: exposiciones, eventos, nuevos productos y materiales para artistas...\",\"potentialAction\":[{\"@type\":\"SearchAction\",\"target\":{\"@type\":\"EntryPoint\",\"urlTemplate\":\"https:\/\/totenart.com\/noticias\/?s={search_term_string}\"},\"query-input\":{\"@type\":\"PropertyValueSpecification\",\"valueRequired\":true,\"valueName\":\"search_term_string\"}}],\"inLanguage\":\"es\"},{\"@type\":\"Person\",\"@id\":\"https:\/\/totenart.com\/noticias\/#\/schema\/person\/39b435d7a88c1b1341476fefcf6d13cb\",\"name\":\"Paula\",\"image\":{\"@type\":\"ImageObject\",\"inLanguage\":\"es\",\"@id\":\"https:\/\/secure.gravatar.com\/avatar\/22d05c4209e1e337a4699d4a6816e571216746fa18a9406152971ce58951aa83?s=96&d=blank&r=r\",\"url\":\"https:\/\/secure.gravatar.com\/avatar\/22d05c4209e1e337a4699d4a6816e571216746fa18a9406152971ce58951aa83?s=96&d=blank&r=r\",\"contentUrl\":\"https:\/\/secure.gravatar.com\/avatar\/22d05c4209e1e337a4699d4a6816e571216746fa18a9406152971ce58951aa83?s=96&d=blank&r=r\",\"caption\":\"Paula\"},\"url\":\"https:\/\/totenart.com\/noticias\/author\/paula-herraiz\/\"}]}<\/script>\n<!-- \/ Yoast SEO plugin. -->","yoast_head_json":{"title":"USB escondido, un dead drop en Valencia - Noticias de Arte Totenart","description":"El artista alem\u00e1n Aram Bartholl realiza una iniciativa basada en instalar USB escondidos en las paredes de medio mundo para compartir archivos libremente.","robots":{"index":"index","follow":"follow","max-snippet":"max-snippet:-1","max-image-preview":"max-image-preview:large","max-video-preview":"max-video-preview:-1"},"canonical":"https:\/\/totenart.com\/noticias\/usb-escondido-un-dead-drop-en-valencia\/","og_locale":"es_ES","og_type":"article","og_title":"USB escondido, un dead drop en Valencia - Noticias de Arte Totenart","og_description":"El artista alem\u00e1n Aram Bartholl realiza una iniciativa basada en instalar USB escondidos en las paredes de medio mundo para compartir archivos libremente.","og_url":"https:\/\/totenart.com\/noticias\/usb-escondido-un-dead-drop-en-valencia\/","og_site_name":"Noticias de Arte Totenart","article_published_time":"2015-02-23T11:08:05+00:00","og_image":[{"width":600,"height":400,"url":"https:\/\/totenart.com\/noticias\/wp-content\/uploads\/2015\/02\/dead-drop-usb-escondido-noticias-totenart.jpg","type":"image\/jpeg"}],"author":"Paula","twitter_misc":{"Escrito por":"Paula","Tiempo de lectura":"2 minutos"},"schema":{"@context":"https:\/\/schema.org","@graph":[{"@type":"Article","@id":"https:\/\/totenart.com\/noticias\/usb-escondido-un-dead-drop-en-valencia\/#article","isPartOf":{"@id":"https:\/\/totenart.com\/noticias\/usb-escondido-un-dead-drop-en-valencia\/"},"author":{"name":"Paula","@id":"https:\/\/totenart.com\/noticias\/#\/schema\/person\/39b435d7a88c1b1341476fefcf6d13cb"},"headline":"USB escondido, un dead drop en Valencia","datePublished":"2015-02-23T11:08:05+00:00","mainEntityOfPage":{"@id":"https:\/\/totenart.com\/noticias\/usb-escondido-un-dead-drop-en-valencia\/"},"wordCount":322,"commentCount":0,"image":{"@id":"https:\/\/totenart.com\/noticias\/usb-escondido-un-dead-drop-en-valencia\/#primaryimage"},"thumbnailUrl":"https:\/\/totenart.com\/noticias\/wp-content\/uploads\/2015\/02\/dead-drop-usb-escondido-noticias-totenart.jpg","keywords":["instalaci\u00f3n","USB"],"articleSection":["Totenart"],"inLanguage":"es","potentialAction":[{"@type":"CommentAction","name":"Comment","target":["https:\/\/totenart.com\/noticias\/usb-escondido-un-dead-drop-en-valencia\/#respond"]}]},{"@type":"WebPage","@id":"https:\/\/totenart.com\/noticias\/usb-escondido-un-dead-drop-en-valencia\/","url":"https:\/\/totenart.com\/noticias\/usb-escondido-un-dead-drop-en-valencia\/","name":"USB escondido, un dead drop en Valencia - Noticias de Arte Totenart","isPartOf":{"@id":"https:\/\/totenart.com\/noticias\/#website"},"primaryImageOfPage":{"@id":"https:\/\/totenart.com\/noticias\/usb-escondido-un-dead-drop-en-valencia\/#primaryimage"},"image":{"@id":"https:\/\/totenart.com\/noticias\/usb-escondido-un-dead-drop-en-valencia\/#primaryimage"},"thumbnailUrl":"https:\/\/totenart.com\/noticias\/wp-content\/uploads\/2015\/02\/dead-drop-usb-escondido-noticias-totenart.jpg","datePublished":"2015-02-23T11:08:05+00:00","author":{"@id":"https:\/\/totenart.com\/noticias\/#\/schema\/person\/39b435d7a88c1b1341476fefcf6d13cb"},"description":"El artista alem\u00e1n Aram Bartholl realiza una iniciativa basada en instalar USB escondidos en las paredes de medio mundo para compartir archivos libremente.","breadcrumb":{"@id":"https:\/\/totenart.com\/noticias\/usb-escondido-un-dead-drop-en-valencia\/#breadcrumb"},"inLanguage":"es","potentialAction":[{"@type":"ReadAction","target":["https:\/\/totenart.com\/noticias\/usb-escondido-un-dead-drop-en-valencia\/"]}]},{"@type":"ImageObject","inLanguage":"es","@id":"https:\/\/totenart.com\/noticias\/usb-escondido-un-dead-drop-en-valencia\/#primaryimage","url":"https:\/\/totenart.com\/noticias\/wp-content\/uploads\/2015\/02\/dead-drop-usb-escondido-noticias-totenart.jpg","contentUrl":"https:\/\/totenart.com\/noticias\/wp-content\/uploads\/2015\/02\/dead-drop-usb-escondido-noticias-totenart.jpg","width":600,"height":400,"caption":"dead-drop-usb-escondido-noticias-totenart"},{"@type":"BreadcrumbList","@id":"https:\/\/totenart.com\/noticias\/usb-escondido-un-dead-drop-en-valencia\/#breadcrumb","itemListElement":[{"@type":"ListItem","position":1,"name":"Portada","item":"https:\/\/totenart.com\/noticias\/"},{"@type":"ListItem","position":2,"name":"USB escondido, un dead drop en Valencia"}]},{"@type":"WebSite","@id":"https:\/\/totenart.com\/noticias\/#website","url":"https:\/\/totenart.com\/noticias\/","name":"Noticias de Arte Totenart","description":"Blog de noticias del mundo del arte: exposiciones, eventos, nuevos productos y materiales para artistas...","potentialAction":[{"@type":"SearchAction","target":{"@type":"EntryPoint","urlTemplate":"https:\/\/totenart.com\/noticias\/?s={search_term_string}"},"query-input":{"@type":"PropertyValueSpecification","valueRequired":true,"valueName":"search_term_string"}}],"inLanguage":"es"},{"@type":"Person","@id":"https:\/\/totenart.com\/noticias\/#\/schema\/person\/39b435d7a88c1b1341476fefcf6d13cb","name":"Paula","image":{"@type":"ImageObject","inLanguage":"es","@id":"https:\/\/secure.gravatar.com\/avatar\/22d05c4209e1e337a4699d4a6816e571216746fa18a9406152971ce58951aa83?s=96&d=blank&r=r","url":"https:\/\/secure.gravatar.com\/avatar\/22d05c4209e1e337a4699d4a6816e571216746fa18a9406152971ce58951aa83?s=96&d=blank&r=r","contentUrl":"https:\/\/secure.gravatar.com\/avatar\/22d05c4209e1e337a4699d4a6816e571216746fa18a9406152971ce58951aa83?s=96&d=blank&r=r","caption":"Paula"},"url":"https:\/\/totenart.com\/noticias\/author\/paula-herraiz\/"}]}},"_links":{"self":[{"href":"https:\/\/totenart.com\/noticias\/wp-json\/wp\/v2\/posts\/3064","targetHints":{"allow":["GET"]}}],"collection":[{"href":"https:\/\/totenart.com\/noticias\/wp-json\/wp\/v2\/posts"}],"about":[{"href":"https:\/\/totenart.com\/noticias\/wp-json\/wp\/v2\/types\/post"}],"author":[{"embeddable":true,"href":"https:\/\/totenart.com\/noticias\/wp-json\/wp\/v2\/users\/8"}],"replies":[{"embeddable":true,"href":"https:\/\/totenart.com\/noticias\/wp-json\/wp\/v2\/comments?post=3064"}],"version-history":[{"count":0,"href":"https:\/\/totenart.com\/noticias\/wp-json\/wp\/v2\/posts\/3064\/revisions"}],"wp:featuredmedia":[{"embeddable":true,"href":"https:\/\/totenart.com\/noticias\/wp-json\/wp\/v2\/media\/3145"}],"wp:attachment":[{"href":"https:\/\/totenart.com\/noticias\/wp-json\/wp\/v2\/media?parent=3064"}],"wp:term":[{"taxonomy":"category","embeddable":true,"href":"https:\/\/totenart.com\/noticias\/wp-json\/wp\/v2\/categories?post=3064"},{"taxonomy":"post_tag","embeddable":true,"href":"https:\/\/totenart.com\/noticias\/wp-json\/wp\/v2\/tags?post=3064"}],"curies":[{"name":"wp","href":"https:\/\/api.w.org\/{rel}","templated":true}]}}