



{"id":3155,"date":"2015-03-02T15:36:06","date_gmt":"2015-03-02T14:36:06","guid":{"rendered":"http:\/\/totenart.com\/noticias\/?p=3155"},"modified":"2015-03-02T15:36:06","modified_gmt":"2015-03-02T14:36:06","slug":"alba-lopez-dibujante-polifacetica","status":"publish","type":"post","link":"https:\/\/totenart.com\/noticias\/alba-lopez-dibujante-polifacetica\/","title":{"rendered":"Alba L\u00f3pez, dibujante polifac\u00e9tica"},"content":{"rendered":"<p>\u00daltimamente hemos estado actualizando <a href=\"http:\/\/totenart.com\/directorio\/?persona-disciplina=all&amp;filter-personas-submit=Filtrar?utm_source=Noticias&amp;utm_medium=Post&amp;utm_campaign=Alba-L\u00f3pez-dibujante\" target=\"_blank\">nuestro directorio<\/a> con alguna galer\u00eda y algunos artistas m\u00e1s. Hoy queremos destacar a una ilustradora valenciana, Alba L\u00f3pez.<\/p>\n<p>La joven dibujante alicantina dej\u00f3 su Benissa natal para comenzar los estudios de Bellas Artes en la Universidad de Valencia. Fue en ese montemos de su vida cuando descubri\u00f3 que de su pasi\u00f3n pod\u00eda nacer su profesi\u00f3n.<\/p>\n<p><img loading=\"lazy\" decoding=\"async\" class=\"aligncenter size-full wp-image-3159\" src=\"https:\/\/totenart.com\/noticias\/wp-content\/uploads\/2015\/03\/alba-lopez-soler-dibujo-totenart-noticia.jpg\" alt=\"alba-lopez-soler-dibujo-totenart-noticia\" width=\"717\" height=\"960\" srcset=\"https:\/\/totenart.com\/noticias\/wp-content\/uploads\/2015\/03\/alba-lopez-soler-dibujo-totenart-noticia.jpg 717w, https:\/\/totenart.com\/noticias\/wp-content\/uploads\/2015\/03\/alba-lopez-soler-dibujo-totenart-noticia-224x300.jpg 224w\" sizes=\"auto, (max-width: 717px) 100vw, 717px\" \/><\/p>\n<p>Aunque todav\u00eda est\u00e1 forjando su estilo y su espacio profesional, y ha hecho trabajos de dibujo, ilustraci\u00f3n, dise\u00f1o, campa\u00f1as publicitarias&#8230;. No hay disciplina que se le presente que rechace.<\/p>\n<p>Entre las multitud de trabajos polifac\u00e9ticos de ha realizado, destaca la campa\u00f1a para el grupo de m\u00fasica Aspencat, para el cual dise\u00f1\u00f3 la est\u00e9tica de la campa\u00f1a de este cd:<\/p>\n<p><img loading=\"lazy\" decoding=\"async\" class=\"aligncenter size-large wp-image-3157\" src=\"https:\/\/totenart.com\/noticias\/wp-content\/uploads\/2015\/03\/alba-lopez-soler-aspencat-directorio-totenart-1024x614.jpg\" alt=\"alba-lopez-soler-aspencat-dire\" width=\"1000\" height=\"600\" srcset=\"https:\/\/totenart.com\/noticias\/wp-content\/uploads\/2015\/03\/alba-lopez-soler-aspencat-directorio-totenart-1024x614.jpg 1024w, https:\/\/totenart.com\/noticias\/wp-content\/uploads\/2015\/03\/alba-lopez-soler-aspencat-directorio-totenart-300x180.jpg 300w, https:\/\/totenart.com\/noticias\/wp-content\/uploads\/2015\/03\/alba-lopez-soler-aspencat-directorio-totenart.jpg 2000w\" sizes=\"auto, (max-width: 1000px) 100vw, 1000px\" \/><\/p>\n<p>Alba L\u00f3pez trabaja principalmente el dibujo a l\u00e1piz, pero no de manera exclusiva. Tambi\u00e9n crea obras con acuarela o estampaci\u00f3n.<\/p>\n<p><img loading=\"lazy\" decoding=\"async\" class=\"aligncenter size-full wp-image-3158\" src=\"https:\/\/totenart.com\/noticias\/wp-content\/uploads\/2015\/03\/alba-lopez-soler-cultural-teatre-totenart-directorio.jpg\" alt=\"alba-lopez-soler-cultural-teatre-totenart-directorio\" width=\"680\" height=\"450\" srcset=\"https:\/\/totenart.com\/noticias\/wp-content\/uploads\/2015\/03\/alba-lopez-soler-cultural-teatre-totenart-directorio.jpg 680w, https:\/\/totenart.com\/noticias\/wp-content\/uploads\/2015\/03\/alba-lopez-soler-cultural-teatre-totenart-directorio-300x199.jpg 300w\" sizes=\"auto, (max-width: 680px) 100vw, 680px\" \/><\/p>\n<p>De hecho, ahora mismo es posible adquirir alguno de los dise\u00f1os de Alba L\u00f3pez a trav\u00e9s de la tienda de su <a href=\"http:\/\/albalopezsoler.com\/shop\/?utm_source=Noticias&amp;utm_medium=Post&amp;utm_campaign=Alba-L\u00f3pez-dibujante\" target=\"_blank\">p\u00e1gina web<\/a>.<\/p>\n<p>Como muchos de los nuevos ilustradores a d\u00eda de hoy, Alba L\u00f3pez se apoya en Internet y las Redes Sociales para hacer promoci\u00f3n de su trabajo y su esfuerzo diario. Si conoces alg\u00fan otro joven artista que est\u00e9 en esta situaci\u00f3n, comparte su arte con todos nosotros, y d\u00e9janos conocerle. \u00bfQu\u00e9 dices?, \u00bfNos lo presentas?<\/p>\n","protected":false},"excerpt":{"rendered":"<p>\u00daltimamente hemos estado actualizando nuestro directorio con alguna galer\u00eda y algunos artistas m\u00e1s. Hoy queremos destacar a una ilustradora valenciana, Alba L\u00f3pez. La joven dibujante alicantina dej\u00f3 su Benissa natal para comenzar los estudios de Bellas Artes en la Universidad de Valencia. Fue en ese montemos de su vida cuando descubri\u00f3 que de su pasi\u00f3n [&hellip;]<\/p>\n","protected":false},"author":8,"featured_media":3160,"comment_status":"open","ping_status":"open","sticky":false,"template":"","format":"standard","meta":{"footnotes":""},"categories":[8],"tags":[49,210],"class_list":["post-3155","post","type-post","status-publish","format-standard","has-post-thumbnail","hentry","category-artista-destacado","tag-dibujo","tag-ilustracion"],"yoast_head":"<!-- This site is optimized with the Yoast SEO plugin v27.2 - https:\/\/yoast.com\/product\/yoast-seo-wordpress\/ -->\n<title>Alba L\u00f3pez, dibujante polifac\u00e9tica - Noticias de Arte Totenart<\/title>\n<meta name=\"description\" content=\"Ilustraci\u00f3n, dibujo... Alba L\u00f3pez Soler es una artista polifac\u00e9tica que trabaja por amor a la profesi\u00f3n y no tiene miedo a hacerlo en cualquier situaic\u00f3n\" \/>\n<meta name=\"robots\" content=\"index, follow, max-snippet:-1, max-image-preview:large, max-video-preview:-1\" \/>\n<link rel=\"canonical\" href=\"https:\/\/totenart.com\/noticias\/alba-lopez-dibujante-polifacetica\/\" \/>\n<meta property=\"og:locale\" content=\"es_ES\" \/>\n<meta property=\"og:type\" content=\"article\" \/>\n<meta property=\"og:title\" content=\"Alba L\u00f3pez, dibujante polifac\u00e9tica - Noticias de Arte Totenart\" \/>\n<meta property=\"og:description\" content=\"Ilustraci\u00f3n, dibujo... Alba L\u00f3pez Soler es una artista polifac\u00e9tica que trabaja por amor a la profesi\u00f3n y no tiene miedo a hacerlo en cualquier situaic\u00f3n\" \/>\n<meta property=\"og:url\" content=\"https:\/\/totenart.com\/noticias\/alba-lopez-dibujante-polifacetica\/\" \/>\n<meta property=\"og:site_name\" content=\"Noticias de Arte Totenart\" \/>\n<meta property=\"article:published_time\" content=\"2015-03-02T14:36:06+00:00\" \/>\n<meta property=\"og:image\" content=\"https:\/\/totenart.com\/noticias\/wp-content\/uploads\/2015\/03\/alba-lopez-soler-gorila-totenart-noticia1.jpg\" \/>\n\t<meta property=\"og:image:width\" content=\"680\" \/>\n\t<meta property=\"og:image:height\" content=\"450\" \/>\n\t<meta property=\"og:image:type\" content=\"image\/jpeg\" \/>\n<meta name=\"author\" content=\"Paula\" \/>\n<meta name=\"twitter:label1\" content=\"Escrito por\" \/>\n\t<meta name=\"twitter:data1\" content=\"Paula\" \/>\n\t<meta name=\"twitter:label2\" content=\"Tiempo de lectura\" \/>\n\t<meta name=\"twitter:data2\" content=\"1 minuto\" \/>\n<script type=\"application\/ld+json\" class=\"yoast-schema-graph\">{\"@context\":\"https:\/\/schema.org\",\"@graph\":[{\"@type\":\"Article\",\"@id\":\"https:\/\/totenart.com\/noticias\/alba-lopez-dibujante-polifacetica\/#article\",\"isPartOf\":{\"@id\":\"https:\/\/totenart.com\/noticias\/alba-lopez-dibujante-polifacetica\/\"},\"author\":{\"name\":\"Paula\",\"@id\":\"https:\/\/totenart.com\/noticias\/#\/schema\/person\/39b435d7a88c1b1341476fefcf6d13cb\"},\"headline\":\"Alba L\u00f3pez, dibujante polifac\u00e9tica\",\"datePublished\":\"2015-03-02T14:36:06+00:00\",\"mainEntityOfPage\":{\"@id\":\"https:\/\/totenart.com\/noticias\/alba-lopez-dibujante-polifacetica\/\"},\"wordCount\":251,\"commentCount\":0,\"image\":{\"@id\":\"https:\/\/totenart.com\/noticias\/alba-lopez-dibujante-polifacetica\/#primaryimage\"},\"thumbnailUrl\":\"https:\/\/totenart.com\/noticias\/wp-content\/uploads\/2015\/03\/alba-lopez-soler-gorila-totenart-noticia1.jpg\",\"keywords\":[\"dibujo\",\"ilustraci\u00f3n\"],\"articleSection\":[\"Artista destacado\"],\"inLanguage\":\"es\",\"potentialAction\":[{\"@type\":\"CommentAction\",\"name\":\"Comment\",\"target\":[\"https:\/\/totenart.com\/noticias\/alba-lopez-dibujante-polifacetica\/#respond\"]}]},{\"@type\":\"WebPage\",\"@id\":\"https:\/\/totenart.com\/noticias\/alba-lopez-dibujante-polifacetica\/\",\"url\":\"https:\/\/totenart.com\/noticias\/alba-lopez-dibujante-polifacetica\/\",\"name\":\"Alba L\u00f3pez, dibujante polifac\u00e9tica - Noticias de Arte Totenart\",\"isPartOf\":{\"@id\":\"https:\/\/totenart.com\/noticias\/#website\"},\"primaryImageOfPage\":{\"@id\":\"https:\/\/totenart.com\/noticias\/alba-lopez-dibujante-polifacetica\/#primaryimage\"},\"image\":{\"@id\":\"https:\/\/totenart.com\/noticias\/alba-lopez-dibujante-polifacetica\/#primaryimage\"},\"thumbnailUrl\":\"https:\/\/totenart.com\/noticias\/wp-content\/uploads\/2015\/03\/alba-lopez-soler-gorila-totenart-noticia1.jpg\",\"datePublished\":\"2015-03-02T14:36:06+00:00\",\"author\":{\"@id\":\"https:\/\/totenart.com\/noticias\/#\/schema\/person\/39b435d7a88c1b1341476fefcf6d13cb\"},\"description\":\"Ilustraci\u00f3n, dibujo... Alba L\u00f3pez Soler es una artista polifac\u00e9tica que trabaja por amor a la profesi\u00f3n y no tiene miedo a hacerlo en cualquier situaic\u00f3n\",\"breadcrumb\":{\"@id\":\"https:\/\/totenart.com\/noticias\/alba-lopez-dibujante-polifacetica\/#breadcrumb\"},\"inLanguage\":\"es\",\"potentialAction\":[{\"@type\":\"ReadAction\",\"target\":[\"https:\/\/totenart.com\/noticias\/alba-lopez-dibujante-polifacetica\/\"]}]},{\"@type\":\"ImageObject\",\"inLanguage\":\"es\",\"@id\":\"https:\/\/totenart.com\/noticias\/alba-lopez-dibujante-polifacetica\/#primaryimage\",\"url\":\"https:\/\/totenart.com\/noticias\/wp-content\/uploads\/2015\/03\/alba-lopez-soler-gorila-totenart-noticia1.jpg\",\"contentUrl\":\"https:\/\/totenart.com\/noticias\/wp-content\/uploads\/2015\/03\/alba-lopez-soler-gorila-totenart-noticia1.jpg\",\"width\":680,\"height\":450,\"caption\":\"alba-lopez-soler-gorila-totenart-noticia\"},{\"@type\":\"BreadcrumbList\",\"@id\":\"https:\/\/totenart.com\/noticias\/alba-lopez-dibujante-polifacetica\/#breadcrumb\",\"itemListElement\":[{\"@type\":\"ListItem\",\"position\":1,\"name\":\"Portada\",\"item\":\"https:\/\/totenart.com\/noticias\/\"},{\"@type\":\"ListItem\",\"position\":2,\"name\":\"Alba L\u00f3pez, dibujante polifac\u00e9tica\"}]},{\"@type\":\"WebSite\",\"@id\":\"https:\/\/totenart.com\/noticias\/#website\",\"url\":\"https:\/\/totenart.com\/noticias\/\",\"name\":\"Noticias de Arte Totenart\",\"description\":\"Blog de noticias del mundo del arte: exposiciones, eventos, nuevos productos y materiales para artistas...\",\"potentialAction\":[{\"@type\":\"SearchAction\",\"target\":{\"@type\":\"EntryPoint\",\"urlTemplate\":\"https:\/\/totenart.com\/noticias\/?s={search_term_string}\"},\"query-input\":{\"@type\":\"PropertyValueSpecification\",\"valueRequired\":true,\"valueName\":\"search_term_string\"}}],\"inLanguage\":\"es\"},{\"@type\":\"Person\",\"@id\":\"https:\/\/totenart.com\/noticias\/#\/schema\/person\/39b435d7a88c1b1341476fefcf6d13cb\",\"name\":\"Paula\",\"image\":{\"@type\":\"ImageObject\",\"inLanguage\":\"es\",\"@id\":\"https:\/\/secure.gravatar.com\/avatar\/22d05c4209e1e337a4699d4a6816e571216746fa18a9406152971ce58951aa83?s=96&d=blank&r=r\",\"url\":\"https:\/\/secure.gravatar.com\/avatar\/22d05c4209e1e337a4699d4a6816e571216746fa18a9406152971ce58951aa83?s=96&d=blank&r=r\",\"contentUrl\":\"https:\/\/secure.gravatar.com\/avatar\/22d05c4209e1e337a4699d4a6816e571216746fa18a9406152971ce58951aa83?s=96&d=blank&r=r\",\"caption\":\"Paula\"},\"url\":\"https:\/\/totenart.com\/noticias\/author\/paula-herraiz\/\"}]}<\/script>\n<!-- \/ Yoast SEO plugin. -->","yoast_head_json":{"title":"Alba L\u00f3pez, dibujante polifac\u00e9tica - Noticias de Arte Totenart","description":"Ilustraci\u00f3n, dibujo... Alba L\u00f3pez Soler es una artista polifac\u00e9tica que trabaja por amor a la profesi\u00f3n y no tiene miedo a hacerlo en cualquier situaic\u00f3n","robots":{"index":"index","follow":"follow","max-snippet":"max-snippet:-1","max-image-preview":"max-image-preview:large","max-video-preview":"max-video-preview:-1"},"canonical":"https:\/\/totenart.com\/noticias\/alba-lopez-dibujante-polifacetica\/","og_locale":"es_ES","og_type":"article","og_title":"Alba L\u00f3pez, dibujante polifac\u00e9tica - Noticias de Arte Totenart","og_description":"Ilustraci\u00f3n, dibujo... Alba L\u00f3pez Soler es una artista polifac\u00e9tica que trabaja por amor a la profesi\u00f3n y no tiene miedo a hacerlo en cualquier situaic\u00f3n","og_url":"https:\/\/totenart.com\/noticias\/alba-lopez-dibujante-polifacetica\/","og_site_name":"Noticias de Arte Totenart","article_published_time":"2015-03-02T14:36:06+00:00","og_image":[{"width":680,"height":450,"url":"https:\/\/totenart.com\/noticias\/wp-content\/uploads\/2015\/03\/alba-lopez-soler-gorila-totenart-noticia1.jpg","type":"image\/jpeg"}],"author":"Paula","twitter_misc":{"Escrito por":"Paula","Tiempo de lectura":"1 minuto"},"schema":{"@context":"https:\/\/schema.org","@graph":[{"@type":"Article","@id":"https:\/\/totenart.com\/noticias\/alba-lopez-dibujante-polifacetica\/#article","isPartOf":{"@id":"https:\/\/totenart.com\/noticias\/alba-lopez-dibujante-polifacetica\/"},"author":{"name":"Paula","@id":"https:\/\/totenart.com\/noticias\/#\/schema\/person\/39b435d7a88c1b1341476fefcf6d13cb"},"headline":"Alba L\u00f3pez, dibujante polifac\u00e9tica","datePublished":"2015-03-02T14:36:06+00:00","mainEntityOfPage":{"@id":"https:\/\/totenart.com\/noticias\/alba-lopez-dibujante-polifacetica\/"},"wordCount":251,"commentCount":0,"image":{"@id":"https:\/\/totenart.com\/noticias\/alba-lopez-dibujante-polifacetica\/#primaryimage"},"thumbnailUrl":"https:\/\/totenart.com\/noticias\/wp-content\/uploads\/2015\/03\/alba-lopez-soler-gorila-totenart-noticia1.jpg","keywords":["dibujo","ilustraci\u00f3n"],"articleSection":["Artista destacado"],"inLanguage":"es","potentialAction":[{"@type":"CommentAction","name":"Comment","target":["https:\/\/totenart.com\/noticias\/alba-lopez-dibujante-polifacetica\/#respond"]}]},{"@type":"WebPage","@id":"https:\/\/totenart.com\/noticias\/alba-lopez-dibujante-polifacetica\/","url":"https:\/\/totenart.com\/noticias\/alba-lopez-dibujante-polifacetica\/","name":"Alba L\u00f3pez, dibujante polifac\u00e9tica - Noticias de Arte Totenart","isPartOf":{"@id":"https:\/\/totenart.com\/noticias\/#website"},"primaryImageOfPage":{"@id":"https:\/\/totenart.com\/noticias\/alba-lopez-dibujante-polifacetica\/#primaryimage"},"image":{"@id":"https:\/\/totenart.com\/noticias\/alba-lopez-dibujante-polifacetica\/#primaryimage"},"thumbnailUrl":"https:\/\/totenart.com\/noticias\/wp-content\/uploads\/2015\/03\/alba-lopez-soler-gorila-totenart-noticia1.jpg","datePublished":"2015-03-02T14:36:06+00:00","author":{"@id":"https:\/\/totenart.com\/noticias\/#\/schema\/person\/39b435d7a88c1b1341476fefcf6d13cb"},"description":"Ilustraci\u00f3n, dibujo... Alba L\u00f3pez Soler es una artista polifac\u00e9tica que trabaja por amor a la profesi\u00f3n y no tiene miedo a hacerlo en cualquier situaic\u00f3n","breadcrumb":{"@id":"https:\/\/totenart.com\/noticias\/alba-lopez-dibujante-polifacetica\/#breadcrumb"},"inLanguage":"es","potentialAction":[{"@type":"ReadAction","target":["https:\/\/totenart.com\/noticias\/alba-lopez-dibujante-polifacetica\/"]}]},{"@type":"ImageObject","inLanguage":"es","@id":"https:\/\/totenart.com\/noticias\/alba-lopez-dibujante-polifacetica\/#primaryimage","url":"https:\/\/totenart.com\/noticias\/wp-content\/uploads\/2015\/03\/alba-lopez-soler-gorila-totenart-noticia1.jpg","contentUrl":"https:\/\/totenart.com\/noticias\/wp-content\/uploads\/2015\/03\/alba-lopez-soler-gorila-totenart-noticia1.jpg","width":680,"height":450,"caption":"alba-lopez-soler-gorila-totenart-noticia"},{"@type":"BreadcrumbList","@id":"https:\/\/totenart.com\/noticias\/alba-lopez-dibujante-polifacetica\/#breadcrumb","itemListElement":[{"@type":"ListItem","position":1,"name":"Portada","item":"https:\/\/totenart.com\/noticias\/"},{"@type":"ListItem","position":2,"name":"Alba L\u00f3pez, dibujante polifac\u00e9tica"}]},{"@type":"WebSite","@id":"https:\/\/totenart.com\/noticias\/#website","url":"https:\/\/totenart.com\/noticias\/","name":"Noticias de Arte Totenart","description":"Blog de noticias del mundo del arte: exposiciones, eventos, nuevos productos y materiales para artistas...","potentialAction":[{"@type":"SearchAction","target":{"@type":"EntryPoint","urlTemplate":"https:\/\/totenart.com\/noticias\/?s={search_term_string}"},"query-input":{"@type":"PropertyValueSpecification","valueRequired":true,"valueName":"search_term_string"}}],"inLanguage":"es"},{"@type":"Person","@id":"https:\/\/totenart.com\/noticias\/#\/schema\/person\/39b435d7a88c1b1341476fefcf6d13cb","name":"Paula","image":{"@type":"ImageObject","inLanguage":"es","@id":"https:\/\/secure.gravatar.com\/avatar\/22d05c4209e1e337a4699d4a6816e571216746fa18a9406152971ce58951aa83?s=96&d=blank&r=r","url":"https:\/\/secure.gravatar.com\/avatar\/22d05c4209e1e337a4699d4a6816e571216746fa18a9406152971ce58951aa83?s=96&d=blank&r=r","contentUrl":"https:\/\/secure.gravatar.com\/avatar\/22d05c4209e1e337a4699d4a6816e571216746fa18a9406152971ce58951aa83?s=96&d=blank&r=r","caption":"Paula"},"url":"https:\/\/totenart.com\/noticias\/author\/paula-herraiz\/"}]}},"_links":{"self":[{"href":"https:\/\/totenart.com\/noticias\/wp-json\/wp\/v2\/posts\/3155","targetHints":{"allow":["GET"]}}],"collection":[{"href":"https:\/\/totenart.com\/noticias\/wp-json\/wp\/v2\/posts"}],"about":[{"href":"https:\/\/totenart.com\/noticias\/wp-json\/wp\/v2\/types\/post"}],"author":[{"embeddable":true,"href":"https:\/\/totenart.com\/noticias\/wp-json\/wp\/v2\/users\/8"}],"replies":[{"embeddable":true,"href":"https:\/\/totenart.com\/noticias\/wp-json\/wp\/v2\/comments?post=3155"}],"version-history":[{"count":0,"href":"https:\/\/totenart.com\/noticias\/wp-json\/wp\/v2\/posts\/3155\/revisions"}],"wp:featuredmedia":[{"embeddable":true,"href":"https:\/\/totenart.com\/noticias\/wp-json\/wp\/v2\/media\/3160"}],"wp:attachment":[{"href":"https:\/\/totenart.com\/noticias\/wp-json\/wp\/v2\/media?parent=3155"}],"wp:term":[{"taxonomy":"category","embeddable":true,"href":"https:\/\/totenart.com\/noticias\/wp-json\/wp\/v2\/categories?post=3155"},{"taxonomy":"post_tag","embeddable":true,"href":"https:\/\/totenart.com\/noticias\/wp-json\/wp\/v2\/tags?post=3155"}],"curies":[{"name":"wp","href":"https:\/\/api.w.org\/{rel}","templated":true}]}}