



{"id":3581,"date":"2015-06-18T14:43:52","date_gmt":"2015-06-18T12:43:52","guid":{"rendered":"http:\/\/totenart.com\/noticias\/?p=3581"},"modified":"2015-06-18T14:43:52","modified_gmt":"2015-06-18T12:43:52","slug":"el-septimo-incubarte-abre-sus-puertas","status":"publish","type":"post","link":"https:\/\/totenart.com\/noticias\/el-septimo-incubarte-abre-sus-puertas\/","title":{"rendered":"El s\u00e9ptimo Incubarte abre sus puertas"},"content":{"rendered":"<p>La s\u00e9ptima edici\u00f3n de Incubarte abre sus puertas del 18 al 21 de Junio. Este festival ofrece durante cuatro d\u00edas exposiciones, proyecciones y muestras de todo tipo de arte por todo la valenciana zona de Ciutat Vella.<\/p>\n<p>Espacios p\u00fablicos y privados se llenar\u00e1n durante cuatro d\u00edas de arte internacional, este es el plano donde se concentrar\u00e1n las actividades:<\/p>\n<p><img loading=\"lazy\" decoding=\"async\" class=\"aligncenter size-full wp-image-3582\" src=\"https:\/\/totenart.com\/noticias\/wp-content\/uploads\/2015\/06\/incubarte-7-totenart-noticias-mapa.jpg\" alt=\"incubarte-7-totenart-noticias-mapa\" width=\"800\" height=\"781\" srcset=\"https:\/\/totenart.com\/noticias\/wp-content\/uploads\/2015\/06\/incubarte-7-totenart-noticias-mapa.jpg 800w, https:\/\/totenart.com\/noticias\/wp-content\/uploads\/2015\/06\/incubarte-7-totenart-noticias-mapa-300x293.jpg 300w\" sizes=\"auto, (max-width: 800px) 100vw, 800px\" \/><\/p>\n<p>Aqu\u00ed resumimos el <strong>programa<\/strong> seg\u00fan han publicado en la p\u00e1gina de <a href=\"https:\/\/www.facebook.com\/events\/389004954628247\/?utm_source=Noticias&amp;utm_medium=Post&amp;utm_campaign=Festival-Intramurs\" target=\"_blank\">Facebook de Incubarte 7<\/a><\/p>\n<h2><span class=\"ez-toc-section\" id=\"JUEVES_18\"><\/span>JUEVES 18<span class=\"ez-toc-section-end\"><\/span><\/h2>\n<ul>\n<li>\u00a017:00 &#8211;\u00a0MuVIM, Museu Valenci\u00e0 de la Il.lustraci\u00f3 i de la Modernitat<br \/>\nCONFERENCIA\u00a0&#8211; Ana Donat hablar\u00e1 sobre su proyecto \u201cTerritorios Perif\u00e9ricos\u201d<\/li>\n<li>18:00 &#8211; MuVIM<br \/>\nCONFERENCIA\u00a0&#8211; Manuel Gal\u00e1n Molina hablar\u00e1 sobre fotograf\u00eda estenopeica<\/li>\n<li>\u00a020:00 &#8211;\u00a0Institut Fran\u00e7ais de Valencia<br \/>\nINAUGURACI\u00d3N\u00a0&#8211; Inauguracci\u00f3n Selecci\u00f3n de la Biennale Internationale de Casablanca<br \/>\nPERFORMANCE\u00a0&#8211; Performance po\u00e9tica de Pascal Uccellii L\u2019\u00e9criture sans calmants<br \/>\nINVITACI\u00d3N- Invitaci\u00f3n Cervezas Heineken<\/li>\n<li>\u00a020:30 &#8211; Plaza Correo Viejo<br \/>\nINAUGURACI\u00d3N\u00a0&#8211; Presentaci\u00f3n de INCUBARTE 7, con Invitaci\u00f3n Cervezas Heineken<br \/>\nPERFORMANCE &#8211; el_ctr_radiogr_f__s. Improvisaci\u00f3n electroac\u00fastica de @Antonio Antonio Jes\u00fas S\u00e1nchez<br \/>\nMAPPING &#8211; Mapping por el colectivo Vitamin Arte<br \/>\nDJ- Cassius Tonen DJ Set<br \/>\nPERFORMANCE &#8211; Fotocall Manta \/ Performance de Isbel Messeguer<\/li>\n<\/ul>\n<h2><span class=\"ez-toc-section\" id=\"VIERNES_19\"><\/span>VIERNES 19<span class=\"ez-toc-section-end\"><\/span><\/h2>\n<ul>\n<li>11:00 \u2013 14:00 &#8211; MuVIM<br \/>\nVIDEOARTE\u00a0&#8211; Secci\u00f3n Oficial de V\u00eddeo Incubarte 7\u00a0&#8211; Selecci\u00f3n Bang Festival Internacional de Video Arte de Barcelona\u00a0&#8211; Selecci\u00f3n de la Biennale Internationale de Casablanca\u00a0&#8211; Selecci\u00f3n del Under the Subway Video Art Night. NYC.ideo de Nueva York.<br \/>\nINAUGURACI\u00d3N- Invitaci\u00f3n Cervezas Heineken<\/li>\n<li>17:00 &#8211; MuVIM<br \/>\nPRESENTACI\u00d3N PROYECTO\u00a0&#8211; Carlos Luj\u00e1n del colectivo madrile\u00f1o Nophoto y Pablo Chac\u00f3n del colectivo valenciano efefeFoto, presentar\u00e1n el proyecto \u201cD\u00daO\u201d<\/li>\n<li>\u00a018:00 &#8211;\u00a0MuVIM<br \/>\nCONFERENCIA\u00a0&#8211; Vicente Pla Vivas \u201cDel espacio apropiado al espacio vacante\u201d (Se servir\u00e1 del apoyo de obras gr\u00e1ficas que han sido expuestas en el Festival de Arte Incubarte)<\/li>\n<li>19:00 \u2013 23:00<br \/>\nINAUGURACI\u00d3N &#8211; Inauguraci\u00f3n de Espacios Expositivos Incubarte 7\u00a0&#8211; Con Invitaci\u00f3n <a href=\"https:\/\/www.facebook.com\/pages\/Cerveza-Heineken\/114675025211018\" data-gt=\"{&quot;entity_id&quot;:&quot;114675025211018&quot;,&quot;entity_path&quot;:&quot;WebEventPublicProdFeedPermalinkController&quot;}\" data-hovercard=\"\/ajax\/hovercard\/page.php?id=114675025211018&amp;extragetparams=%7B%22directed_target_id%22%3A0%7D\">Cerveza Heineken<\/a> y eventos en cada espacio.<\/li>\n<li>19:00 &#8211; Sala Ibercaja<br \/>\nPERFORMANCE\u00a0&#8211; S\u00edntoma#3 &#8211; Perfomance por Lorena Izquierdo Aparicio &#8211; Isabel G. Mondrag\u00f3n<\/li>\n<li>19:00 &#8211;\u00a0Teatro Escalante<br \/>\nPERFORMANCE\u00a0&#8211; Instalaci\u00f3n &#8211; performance de Lucinda Linderman<\/li>\n<li>20:00\u00a0&#8211; Galer\u00eda del Tossal<br \/>\nINAUGURACI\u00d3N<\/li>\n<li>20:00 &#8211; Galeria9 &#8211; INAUGURACI\u00d3N<\/li>\n<li>20:00 &#8211; Aula La Llotgeta &#8211;<br \/>\nINAUGURACI\u00d3N<br \/>\nARTE SONORO\u00a0&#8211; Performance live av a cargo de Cl\u00e1sicos de Cal\u00e7ada<\/li>\n<li>20:00 &#8211; Sala lametro<br \/>\nINAUGURACI\u00d3N<br \/>\nPERFORMANCE\u00a0&#8211; {PROB}, performance a cargo de Lagarza D\u00b4Anunnzio<\/li>\n<li>\u00a021:00 &#8211;\u00a0Plut\u00f3n.CC.<br \/>\nINAUGURACI\u00d3N\u00a0&#8211; Exposici\u00f3n artistas New Media y Vino de Honor.<\/li>\n<li>\u00a021:30 Espai d&#8217;art fotogr\u00e0fic &#8211; escuela de fotograf\u00eda<br \/>\nINAUGURACI\u00d3N<br \/>\nPERFORMANCE\u00a0&#8211; N\u00fcmar 9. Performance del Colectivo Albastru.<\/li>\n<\/ul>\n<h2><img loading=\"lazy\" decoding=\"async\" class=\"aligncenter size-full wp-image-3583\" src=\"https:\/\/totenart.com\/noticias\/wp-content\/uploads\/2015\/06\/incubarte-7-totenart-noticias-cosica.jpg\" alt=\"incubarte-7-totenart-noticias-cosica\" width=\"300\" height=\"300\" srcset=\"https:\/\/totenart.com\/noticias\/wp-content\/uploads\/2015\/06\/incubarte-7-totenart-noticias-cosica.jpg 300w, https:\/\/totenart.com\/noticias\/wp-content\/uploads\/2015\/06\/incubarte-7-totenart-noticias-cosica-150x150.jpg 150w\" sizes=\"auto, (max-width: 300px) 100vw, 300px\" \/><\/h2>\n<h2><span class=\"ez-toc-section\" id=\"SABADO_20\"><\/span>S\u00c1BADO \u00a020<span class=\"ez-toc-section-end\"><\/span><\/h2>\n<ul>\n<li>10:00 \u2013 22:00 \u00a0Art &amp; Flats &#8211;\u00a0LIVE ART<br \/>\nPERFORMANCE &#8211; Intervenci\u00f3n art\u00edstica y creativa en directo<\/li>\n<li>\u00a012:30 &#8211; Jard\u00ed Bot\u00e0nic<br \/>\nINAUGURACI\u00d3N &#8211; Inauguraci\u00f3n Proyecto Veu Days en Sala La Estufa, con Invitaci\u00f3n Cervezas Heineken.<br \/>\nPERFORMANCE\u00a0&#8211; Performance por Ulises Pistolo Eliza<br \/>\nCONCIERTO\u00a0&#8211; M\u00fasica para el Autismo MUA Band.<br \/>\nVIDEO &#8211; Video &#8211; performance por Graham Bell Tornado en colaboraci\u00f3n con Eva Pez y Jesus Peralta.<\/li>\n<li>17:00 \u2013 20:00 Jardi Bot\u00e0nic, Valencia CONCIERTOS &#8211;\u00a0Invitaci\u00f3n Cerveza Heineken!!!.<br \/>\nCONCIERTO Concierto Gravity Crew &#8211;\u00a0We Are Not Brothers (WANB)<\/li>\n<li>21:00 DeWall<br \/>\nPREMIOS &#8211; Entrega de Premios, con Invitaci\u00f3n Cervezas Heineken y Vino de Honor<br \/>\nPERFORMANCE<br \/>\nCONCIERTO &#8211;\u00a0Concierto JOP, Improvisaci\u00f3n sonora &#8211; Bartolom\u00e9 Ferrando y Truna Andr\u00e9s- Concierto de Jazz por Ester And\u00fajar Group<\/li>\n<\/ul>\n<h2><span class=\"ez-toc-section\" id=\"DOMINGO_21\"><\/span>DOMINGO 21<span class=\"ez-toc-section-end\"><\/span><\/h2>\n<p>D\u00eda Internacional del Videoarte<\/p>\n<ul>\n<li>\u00a019:30 &#8211; V\u00edbora Club<br \/>\nVIDEOARTE\u00a0&#8211; Secci\u00f3n Oficial de V\u00eddeo Incubarte 7\u00a0&#8211; Selecci\u00f3n Bang Festival Internacional de Video Arte de Barcelona\u00a0&#8211; Selecci\u00f3n de la Biennale Internationale de Casablanca\u00a0&#8211; Selecci\u00f3n del Under the Subway Video Art Night. NYC.<\/li>\n<li>\u00a022:30 &#8211; V\u00edbora Club<br \/>\nFIESTA CLAUSURA<br \/>\nDJ\u00a0&#8211; dj Madjoke y dj TinUp (Randomix)<\/li>\n<\/ul>\n<p><img loading=\"lazy\" decoding=\"async\" class=\"aligncenter size-full wp-image-3584\" src=\"https:\/\/totenart.com\/noticias\/wp-content\/uploads\/2015\/06\/incubarte-7-totenart-noticias-portada.jpg\" alt=\"incubarte-7-totenart-noticias-portada\" width=\"960\" height=\"342\" srcset=\"https:\/\/totenart.com\/noticias\/wp-content\/uploads\/2015\/06\/incubarte-7-totenart-noticias-portada.jpg 960w, https:\/\/totenart.com\/noticias\/wp-content\/uploads\/2015\/06\/incubarte-7-totenart-noticias-portada-300x107.jpg 300w\" sizes=\"auto, (max-width: 960px) 100vw, 960px\" \/><\/p>\n<p>En esta ocasi\u00f3n son muchos los y las participantes del Incubarte, de infinidad de pa\u00edses, he <a href=\"http:\/\/www.incubarte.org\/2015\/es\/incubarte\/festival\/selected\/artist\/?utm_source=noticias&amp;utm_medium=Post&amp;utm_campaign=Festival-Intramurs\" target=\"_blank\">aqu\u00ed el listado<\/a> de todos ellos. Si necesitas m\u00e1s informaci\u00f3n tambi\u00e9n puedes acudir a su p\u00e1gina web para enterarte de todos los actos y as caracter\u00edsticas de cada uno de ellos.<\/p>\n<p>Si tienes ocasi\u00f3n de acercarte a alguno de los eventos, cu\u00e9ntanos cual ha sido tu experiencia en el Festival!<\/p>\n<div id=\"ez-toc-container\" class=\"ez-toc-v2_0_82_1 counter-hierarchy ez-toc-counter ez-toc-grey ez-toc-container-direction\">\n<div class=\"ez-toc-title-container\">\n<p class=\"ez-toc-title\" style=\"cursor:inherit\">Tabla de contenidos<\/p>\n<span class=\"ez-toc-title-toggle\"><a href=\"#\" class=\"ez-toc-pull-right ez-toc-btn ez-toc-btn-xs ez-toc-btn-default ez-toc-toggle\" aria-label=\"Alternar tabla de contenidos\"><span class=\"ez-toc-js-icon-con\"><span class=\"\"><span class=\"eztoc-hide\" style=\"display:none;\">Toggle<\/span><span class=\"ez-toc-icon-toggle-span\"><svg style=\"fill: #999;color:#999\" xmlns=\"http:\/\/www.w3.org\/2000\/svg\" class=\"list-377408\" width=\"20px\" height=\"20px\" viewBox=\"0 0 24 24\" fill=\"none\"><path d=\"M6 6H4v2h2V6zm14 0H8v2h12V6zM4 11h2v2H4v-2zm16 0H8v2h12v-2zM4 16h2v2H4v-2zm16 0H8v2h12v-2z\" fill=\"currentColor\"><\/path><\/svg><svg style=\"fill: #999;color:#999\" class=\"arrow-unsorted-368013\" xmlns=\"http:\/\/www.w3.org\/2000\/svg\" width=\"10px\" height=\"10px\" viewBox=\"0 0 24 24\" version=\"1.2\" baseProfile=\"tiny\"><path d=\"M18.2 9.3l-6.2-6.3-6.2 6.3c-.2.2-.3.4-.3.7s.1.5.3.7c.2.2.4.3.7.3h11c.3 0 .5-.1.7-.3.2-.2.3-.5.3-.7s-.1-.5-.3-.7zM5.8 14.7l6.2 6.3 6.2-6.3c.2-.2.3-.5.3-.7s-.1-.5-.3-.7c-.2-.2-.4-.3-.7-.3h-11c-.3 0-.5.1-.7.3-.2.2-.3.5-.3.7s.1.5.3.7z\"\/><\/svg><\/span><\/span><\/span><\/a><\/span><\/div>\n<nav><ul class='ez-toc-list ez-toc-list-level-1 ' ><li class='ez-toc-page-1 ez-toc-heading-level-2'><a class=\"ez-toc-link ez-toc-heading-1\" href=\"https:\/\/totenart.com\/noticias\/el-septimo-incubarte-abre-sus-puertas\/#JUEVES_18\" >JUEVES 18<\/a><\/li><li class='ez-toc-page-1 ez-toc-heading-level-2'><a class=\"ez-toc-link ez-toc-heading-2\" href=\"https:\/\/totenart.com\/noticias\/el-septimo-incubarte-abre-sus-puertas\/#VIERNES_19\" >VIERNES 19<\/a><\/li><li class='ez-toc-page-1 ez-toc-heading-level-2'><a class=\"ez-toc-link ez-toc-heading-3\" href=\"https:\/\/totenart.com\/noticias\/el-septimo-incubarte-abre-sus-puertas\/#SABADO_20\" >S\u00c1BADO \u00a020<\/a><\/li><li class='ez-toc-page-1 ez-toc-heading-level-2'><a class=\"ez-toc-link ez-toc-heading-4\" href=\"https:\/\/totenart.com\/noticias\/el-septimo-incubarte-abre-sus-puertas\/#DOMINGO_21\" >DOMINGO 21<\/a><\/li><\/ul><\/nav><\/div>\n","protected":false},"excerpt":{"rendered":"<p>La s\u00e9ptima edici\u00f3n de Incubarte abre sus puertas del 18 al 21 de Junio. Este festival ofrece durante cuatro d\u00edas exposiciones, proyecciones y muestras de todo tipo de arte por todo la valenciana zona de Ciutat Vella. Espacios p\u00fablicos y privados se llenar\u00e1n durante cuatro d\u00edas de arte internacional, este es el plano donde se [&hellip;]<\/p>\n","protected":false},"author":8,"featured_media":3584,"comment_status":"open","ping_status":"open","sticky":false,"template":"","format":"standard","meta":{"footnotes":""},"categories":[1],"tags":[356,355,6],"class_list":["post-3581","post","type-post","status-publish","format-standard","has-post-thumbnail","hentry","category-totenart","tag-festival","tag-incubarte","tag-valencia"],"yoast_head":"<!-- This site is optimized with the Yoast SEO plugin v27.2 - https:\/\/yoast.com\/product\/yoast-seo-wordpress\/ -->\n<title>El s\u00e9ptimo Incubarte abre sus puertas - Noticias de Arte Totenart<\/title>\n<meta name=\"description\" content=\"La s\u00e9ptima edici\u00f3n del Incubarte ya est\u00e1 aqu\u00ed. Del 18 al 21 de Junio de 2015 la ciudad de Valencia se llena de arte en el Festival Internacional Incubarte.\" \/>\n<meta name=\"robots\" content=\"index, follow, max-snippet:-1, max-image-preview:large, max-video-preview:-1\" \/>\n<link rel=\"canonical\" href=\"https:\/\/totenart.com\/noticias\/el-septimo-incubarte-abre-sus-puertas\/\" \/>\n<meta property=\"og:locale\" content=\"es_ES\" \/>\n<meta property=\"og:type\" content=\"article\" \/>\n<meta property=\"og:title\" content=\"El s\u00e9ptimo Incubarte abre sus puertas - Noticias de Arte Totenart\" \/>\n<meta property=\"og:description\" content=\"La s\u00e9ptima edici\u00f3n del Incubarte ya est\u00e1 aqu\u00ed. Del 18 al 21 de Junio de 2015 la ciudad de Valencia se llena de arte en el Festival Internacional Incubarte.\" \/>\n<meta property=\"og:url\" content=\"https:\/\/totenart.com\/noticias\/el-septimo-incubarte-abre-sus-puertas\/\" \/>\n<meta property=\"og:site_name\" content=\"Noticias de Arte Totenart\" \/>\n<meta property=\"article:published_time\" content=\"2015-06-18T12:43:52+00:00\" \/>\n<meta property=\"og:image\" content=\"https:\/\/totenart.com\/noticias\/wp-content\/uploads\/2015\/06\/incubarte-7-totenart-noticias-portada.jpg\" \/>\n\t<meta property=\"og:image:width\" content=\"960\" \/>\n\t<meta property=\"og:image:height\" content=\"342\" \/>\n\t<meta property=\"og:image:type\" content=\"image\/jpeg\" \/>\n<meta name=\"author\" content=\"Paula\" \/>\n<meta name=\"twitter:label1\" content=\"Escrito por\" \/>\n\t<meta name=\"twitter:data1\" content=\"Paula\" \/>\n\t<meta name=\"twitter:label2\" content=\"Tiempo de lectura\" \/>\n\t<meta name=\"twitter:data2\" content=\"4 minutos\" \/>\n<script type=\"application\/ld+json\" class=\"yoast-schema-graph\">{\"@context\":\"https:\/\/schema.org\",\"@graph\":[{\"@type\":\"Article\",\"@id\":\"https:\/\/totenart.com\/noticias\/el-septimo-incubarte-abre-sus-puertas\/#article\",\"isPartOf\":{\"@id\":\"https:\/\/totenart.com\/noticias\/el-septimo-incubarte-abre-sus-puertas\/\"},\"author\":{\"name\":\"Paula\",\"@id\":\"https:\/\/totenart.com\/noticias\/#\/schema\/person\/39b435d7a88c1b1341476fefcf6d13cb\"},\"headline\":\"El s\u00e9ptimo Incubarte abre sus puertas\",\"datePublished\":\"2015-06-18T12:43:52+00:00\",\"mainEntityOfPage\":{\"@id\":\"https:\/\/totenart.com\/noticias\/el-septimo-incubarte-abre-sus-puertas\/\"},\"wordCount\":730,\"commentCount\":0,\"image\":{\"@id\":\"https:\/\/totenart.com\/noticias\/el-septimo-incubarte-abre-sus-puertas\/#primaryimage\"},\"thumbnailUrl\":\"https:\/\/totenart.com\/noticias\/wp-content\/uploads\/2015\/06\/incubarte-7-totenart-noticias-portada.jpg\",\"keywords\":[\"festival\",\"Incubarte\",\"valencia\"],\"articleSection\":[\"Totenart\"],\"inLanguage\":\"es\",\"potentialAction\":[{\"@type\":\"CommentAction\",\"name\":\"Comment\",\"target\":[\"https:\/\/totenart.com\/noticias\/el-septimo-incubarte-abre-sus-puertas\/#respond\"]}]},{\"@type\":\"WebPage\",\"@id\":\"https:\/\/totenart.com\/noticias\/el-septimo-incubarte-abre-sus-puertas\/\",\"url\":\"https:\/\/totenart.com\/noticias\/el-septimo-incubarte-abre-sus-puertas\/\",\"name\":\"El s\u00e9ptimo Incubarte abre sus puertas - Noticias de Arte Totenart\",\"isPartOf\":{\"@id\":\"https:\/\/totenart.com\/noticias\/#website\"},\"primaryImageOfPage\":{\"@id\":\"https:\/\/totenart.com\/noticias\/el-septimo-incubarte-abre-sus-puertas\/#primaryimage\"},\"image\":{\"@id\":\"https:\/\/totenart.com\/noticias\/el-septimo-incubarte-abre-sus-puertas\/#primaryimage\"},\"thumbnailUrl\":\"https:\/\/totenart.com\/noticias\/wp-content\/uploads\/2015\/06\/incubarte-7-totenart-noticias-portada.jpg\",\"datePublished\":\"2015-06-18T12:43:52+00:00\",\"author\":{\"@id\":\"https:\/\/totenart.com\/noticias\/#\/schema\/person\/39b435d7a88c1b1341476fefcf6d13cb\"},\"description\":\"La s\u00e9ptima edici\u00f3n del Incubarte ya est\u00e1 aqu\u00ed. Del 18 al 21 de Junio de 2015 la ciudad de Valencia se llena de arte en el Festival Internacional Incubarte.\",\"breadcrumb\":{\"@id\":\"https:\/\/totenart.com\/noticias\/el-septimo-incubarte-abre-sus-puertas\/#breadcrumb\"},\"inLanguage\":\"es\",\"potentialAction\":[{\"@type\":\"ReadAction\",\"target\":[\"https:\/\/totenart.com\/noticias\/el-septimo-incubarte-abre-sus-puertas\/\"]}]},{\"@type\":\"ImageObject\",\"inLanguage\":\"es\",\"@id\":\"https:\/\/totenart.com\/noticias\/el-septimo-incubarte-abre-sus-puertas\/#primaryimage\",\"url\":\"https:\/\/totenart.com\/noticias\/wp-content\/uploads\/2015\/06\/incubarte-7-totenart-noticias-portada.jpg\",\"contentUrl\":\"https:\/\/totenart.com\/noticias\/wp-content\/uploads\/2015\/06\/incubarte-7-totenart-noticias-portada.jpg\",\"width\":960,\"height\":342,\"caption\":\"incubarte-7-totenart-noticias-portada\"},{\"@type\":\"BreadcrumbList\",\"@id\":\"https:\/\/totenart.com\/noticias\/el-septimo-incubarte-abre-sus-puertas\/#breadcrumb\",\"itemListElement\":[{\"@type\":\"ListItem\",\"position\":1,\"name\":\"Portada\",\"item\":\"https:\/\/totenart.com\/noticias\/\"},{\"@type\":\"ListItem\",\"position\":2,\"name\":\"El s\u00e9ptimo Incubarte abre sus puertas\"}]},{\"@type\":\"WebSite\",\"@id\":\"https:\/\/totenart.com\/noticias\/#website\",\"url\":\"https:\/\/totenart.com\/noticias\/\",\"name\":\"Noticias de Arte Totenart\",\"description\":\"Blog de noticias del mundo del arte: exposiciones, eventos, nuevos productos y materiales para artistas...\",\"potentialAction\":[{\"@type\":\"SearchAction\",\"target\":{\"@type\":\"EntryPoint\",\"urlTemplate\":\"https:\/\/totenart.com\/noticias\/?s={search_term_string}\"},\"query-input\":{\"@type\":\"PropertyValueSpecification\",\"valueRequired\":true,\"valueName\":\"search_term_string\"}}],\"inLanguage\":\"es\"},{\"@type\":\"Person\",\"@id\":\"https:\/\/totenart.com\/noticias\/#\/schema\/person\/39b435d7a88c1b1341476fefcf6d13cb\",\"name\":\"Paula\",\"image\":{\"@type\":\"ImageObject\",\"inLanguage\":\"es\",\"@id\":\"https:\/\/secure.gravatar.com\/avatar\/22d05c4209e1e337a4699d4a6816e571216746fa18a9406152971ce58951aa83?s=96&d=blank&r=r\",\"url\":\"https:\/\/secure.gravatar.com\/avatar\/22d05c4209e1e337a4699d4a6816e571216746fa18a9406152971ce58951aa83?s=96&d=blank&r=r\",\"contentUrl\":\"https:\/\/secure.gravatar.com\/avatar\/22d05c4209e1e337a4699d4a6816e571216746fa18a9406152971ce58951aa83?s=96&d=blank&r=r\",\"caption\":\"Paula\"},\"url\":\"https:\/\/totenart.com\/noticias\/author\/paula-herraiz\/\"}]}<\/script>\n<!-- \/ Yoast SEO plugin. -->","yoast_head_json":{"title":"El s\u00e9ptimo Incubarte abre sus puertas - Noticias de Arte Totenart","description":"La s\u00e9ptima edici\u00f3n del Incubarte ya est\u00e1 aqu\u00ed. Del 18 al 21 de Junio de 2015 la ciudad de Valencia se llena de arte en el Festival Internacional Incubarte.","robots":{"index":"index","follow":"follow","max-snippet":"max-snippet:-1","max-image-preview":"max-image-preview:large","max-video-preview":"max-video-preview:-1"},"canonical":"https:\/\/totenart.com\/noticias\/el-septimo-incubarte-abre-sus-puertas\/","og_locale":"es_ES","og_type":"article","og_title":"El s\u00e9ptimo Incubarte abre sus puertas - Noticias de Arte Totenart","og_description":"La s\u00e9ptima edici\u00f3n del Incubarte ya est\u00e1 aqu\u00ed. Del 18 al 21 de Junio de 2015 la ciudad de Valencia se llena de arte en el Festival Internacional Incubarte.","og_url":"https:\/\/totenart.com\/noticias\/el-septimo-incubarte-abre-sus-puertas\/","og_site_name":"Noticias de Arte Totenart","article_published_time":"2015-06-18T12:43:52+00:00","og_image":[{"width":960,"height":342,"url":"https:\/\/totenart.com\/noticias\/wp-content\/uploads\/2015\/06\/incubarte-7-totenart-noticias-portada.jpg","type":"image\/jpeg"}],"author":"Paula","twitter_misc":{"Escrito por":"Paula","Tiempo de lectura":"4 minutos"},"schema":{"@context":"https:\/\/schema.org","@graph":[{"@type":"Article","@id":"https:\/\/totenart.com\/noticias\/el-septimo-incubarte-abre-sus-puertas\/#article","isPartOf":{"@id":"https:\/\/totenart.com\/noticias\/el-septimo-incubarte-abre-sus-puertas\/"},"author":{"name":"Paula","@id":"https:\/\/totenart.com\/noticias\/#\/schema\/person\/39b435d7a88c1b1341476fefcf6d13cb"},"headline":"El s\u00e9ptimo Incubarte abre sus puertas","datePublished":"2015-06-18T12:43:52+00:00","mainEntityOfPage":{"@id":"https:\/\/totenart.com\/noticias\/el-septimo-incubarte-abre-sus-puertas\/"},"wordCount":730,"commentCount":0,"image":{"@id":"https:\/\/totenart.com\/noticias\/el-septimo-incubarte-abre-sus-puertas\/#primaryimage"},"thumbnailUrl":"https:\/\/totenart.com\/noticias\/wp-content\/uploads\/2015\/06\/incubarte-7-totenart-noticias-portada.jpg","keywords":["festival","Incubarte","valencia"],"articleSection":["Totenart"],"inLanguage":"es","potentialAction":[{"@type":"CommentAction","name":"Comment","target":["https:\/\/totenart.com\/noticias\/el-septimo-incubarte-abre-sus-puertas\/#respond"]}]},{"@type":"WebPage","@id":"https:\/\/totenart.com\/noticias\/el-septimo-incubarte-abre-sus-puertas\/","url":"https:\/\/totenart.com\/noticias\/el-septimo-incubarte-abre-sus-puertas\/","name":"El s\u00e9ptimo Incubarte abre sus puertas - Noticias de Arte Totenart","isPartOf":{"@id":"https:\/\/totenart.com\/noticias\/#website"},"primaryImageOfPage":{"@id":"https:\/\/totenart.com\/noticias\/el-septimo-incubarte-abre-sus-puertas\/#primaryimage"},"image":{"@id":"https:\/\/totenart.com\/noticias\/el-septimo-incubarte-abre-sus-puertas\/#primaryimage"},"thumbnailUrl":"https:\/\/totenart.com\/noticias\/wp-content\/uploads\/2015\/06\/incubarte-7-totenart-noticias-portada.jpg","datePublished":"2015-06-18T12:43:52+00:00","author":{"@id":"https:\/\/totenart.com\/noticias\/#\/schema\/person\/39b435d7a88c1b1341476fefcf6d13cb"},"description":"La s\u00e9ptima edici\u00f3n del Incubarte ya est\u00e1 aqu\u00ed. Del 18 al 21 de Junio de 2015 la ciudad de Valencia se llena de arte en el Festival Internacional Incubarte.","breadcrumb":{"@id":"https:\/\/totenart.com\/noticias\/el-septimo-incubarte-abre-sus-puertas\/#breadcrumb"},"inLanguage":"es","potentialAction":[{"@type":"ReadAction","target":["https:\/\/totenart.com\/noticias\/el-septimo-incubarte-abre-sus-puertas\/"]}]},{"@type":"ImageObject","inLanguage":"es","@id":"https:\/\/totenart.com\/noticias\/el-septimo-incubarte-abre-sus-puertas\/#primaryimage","url":"https:\/\/totenart.com\/noticias\/wp-content\/uploads\/2015\/06\/incubarte-7-totenart-noticias-portada.jpg","contentUrl":"https:\/\/totenart.com\/noticias\/wp-content\/uploads\/2015\/06\/incubarte-7-totenart-noticias-portada.jpg","width":960,"height":342,"caption":"incubarte-7-totenart-noticias-portada"},{"@type":"BreadcrumbList","@id":"https:\/\/totenart.com\/noticias\/el-septimo-incubarte-abre-sus-puertas\/#breadcrumb","itemListElement":[{"@type":"ListItem","position":1,"name":"Portada","item":"https:\/\/totenart.com\/noticias\/"},{"@type":"ListItem","position":2,"name":"El s\u00e9ptimo Incubarte abre sus puertas"}]},{"@type":"WebSite","@id":"https:\/\/totenart.com\/noticias\/#website","url":"https:\/\/totenart.com\/noticias\/","name":"Noticias de Arte Totenart","description":"Blog de noticias del mundo del arte: exposiciones, eventos, nuevos productos y materiales para artistas...","potentialAction":[{"@type":"SearchAction","target":{"@type":"EntryPoint","urlTemplate":"https:\/\/totenart.com\/noticias\/?s={search_term_string}"},"query-input":{"@type":"PropertyValueSpecification","valueRequired":true,"valueName":"search_term_string"}}],"inLanguage":"es"},{"@type":"Person","@id":"https:\/\/totenart.com\/noticias\/#\/schema\/person\/39b435d7a88c1b1341476fefcf6d13cb","name":"Paula","image":{"@type":"ImageObject","inLanguage":"es","@id":"https:\/\/secure.gravatar.com\/avatar\/22d05c4209e1e337a4699d4a6816e571216746fa18a9406152971ce58951aa83?s=96&d=blank&r=r","url":"https:\/\/secure.gravatar.com\/avatar\/22d05c4209e1e337a4699d4a6816e571216746fa18a9406152971ce58951aa83?s=96&d=blank&r=r","contentUrl":"https:\/\/secure.gravatar.com\/avatar\/22d05c4209e1e337a4699d4a6816e571216746fa18a9406152971ce58951aa83?s=96&d=blank&r=r","caption":"Paula"},"url":"https:\/\/totenart.com\/noticias\/author\/paula-herraiz\/"}]}},"_links":{"self":[{"href":"https:\/\/totenart.com\/noticias\/wp-json\/wp\/v2\/posts\/3581","targetHints":{"allow":["GET"]}}],"collection":[{"href":"https:\/\/totenart.com\/noticias\/wp-json\/wp\/v2\/posts"}],"about":[{"href":"https:\/\/totenart.com\/noticias\/wp-json\/wp\/v2\/types\/post"}],"author":[{"embeddable":true,"href":"https:\/\/totenart.com\/noticias\/wp-json\/wp\/v2\/users\/8"}],"replies":[{"embeddable":true,"href":"https:\/\/totenart.com\/noticias\/wp-json\/wp\/v2\/comments?post=3581"}],"version-history":[{"count":0,"href":"https:\/\/totenart.com\/noticias\/wp-json\/wp\/v2\/posts\/3581\/revisions"}],"wp:featuredmedia":[{"embeddable":true,"href":"https:\/\/totenart.com\/noticias\/wp-json\/wp\/v2\/media\/3584"}],"wp:attachment":[{"href":"https:\/\/totenart.com\/noticias\/wp-json\/wp\/v2\/media?parent=3581"}],"wp:term":[{"taxonomy":"category","embeddable":true,"href":"https:\/\/totenart.com\/noticias\/wp-json\/wp\/v2\/categories?post=3581"},{"taxonomy":"post_tag","embeddable":true,"href":"https:\/\/totenart.com\/noticias\/wp-json\/wp\/v2\/tags?post=3581"}],"curies":[{"name":"wp","href":"https:\/\/api.w.org\/{rel}","templated":true}]}}