



{"id":3801,"date":"2015-08-26T10:06:24","date_gmt":"2015-08-26T08:06:24","guid":{"rendered":"http:\/\/totenart.com\/noticias\/?p=3801"},"modified":"2015-08-27T17:19:09","modified_gmt":"2015-08-27T15:19:09","slug":"dismaland-banksy-vuelve-al-conflicto","status":"publish","type":"post","link":"https:\/\/totenart.com\/noticias\/dismaland-banksy-vuelve-al-conflicto\/","title":{"rendered":"Dismaland: Banksy vuelve al conflicto"},"content":{"rendered":"<p>Si durante un tiempo ha parecido que el grafitero Banksy estaba menos activo o tal vez ten\u00eda un numero algo menor de nuevas intervenciones y pinturas, era porque estaba \u00abtramando algo\u00bb, algo muy grande y que no ha dejado indiferente a nadie.<\/p>\n<p>Dismaland es una brutal cr\u00edtica a todos los parques tem\u00e1ticos, con mayor \u00e9nfasis en Disneyland del que coge parte del nombre y el estilo de las letras corporativas de la marca de la factor\u00eda infantil.<\/p>\n<p><img loading=\"lazy\" decoding=\"async\" class=\"aligncenter size-large wp-image-3806\" src=\"https:\/\/totenart.com\/noticias\/wp-content\/uploads\/2015\/08\/bansky-dismaland-totenart-noticias-1024x768.jpg\" alt=\"bansky-dismaland-totenart-noticias\" width=\"1000\" height=\"750\" srcset=\"https:\/\/totenart.com\/noticias\/wp-content\/uploads\/2015\/08\/bansky-dismaland-totenart-noticias-1024x768.jpg 1024w, https:\/\/totenart.com\/noticias\/wp-content\/uploads\/2015\/08\/bansky-dismaland-totenart-noticias-300x225.jpg 300w\" sizes=\"auto, (max-width: 1000px) 100vw, 1000px\" \/><\/p>\n<p>&nbsp;<\/p>\n<p>Para ponernos en situaci\u00f3n, el parque parece estar completamente en ruinas, aunque est\u00e9 a pleno rendimiento, pues se estren\u00f3 a mediados de este mes de Agosto, y todos sus trabajadores van caracterizados con las mismas pintas aparentes de dejadez, mugre y miseria, aunque todo forma parte de la maravillosa puesta en escena del desconocido y misterioso Banksy.<\/p>\n<p>A la entrada del parque, como en muchos de ellos y otros sitios p\u00fablicos se pasa por un control de equipaje. El cacheo\u00a0de rigor se realiza en unas dependencias realizadas a base de\u00a0cart\u00f3n blanco y POSCA negro. Tanto los \u00ablectores\u00bb, como los \u00abesc\u00e1neres\u00bb como las camisas de los agentes siguen la misma l\u00ednea y llevan, obviamente, la misma firma. Todos los empleados cumplen escrupulosamente su papel y se muestran asqueados, al borde de la depresi\u00f3n, desquiciados por tanto p\u00fablico y manifestando sus quejas constantemente.<\/p>\n<p><img loading=\"lazy\" decoding=\"async\" class=\"aligncenter size-full wp-image-3803\" src=\"https:\/\/totenart.com\/noticias\/wp-content\/uploads\/2015\/08\/banksy-dismaland-noticias-totenart-control.jpeg\" alt=\"banksy-dismaland-noticias-totenart-control\" width=\"700\" height=\"467\" srcset=\"https:\/\/totenart.com\/noticias\/wp-content\/uploads\/2015\/08\/banksy-dismaland-noticias-totenart-control.jpeg 700w, https:\/\/totenart.com\/noticias\/wp-content\/uploads\/2015\/08\/banksy-dismaland-noticias-totenart-control-300x200.jpeg 300w\" sizes=\"auto, (max-width: 700px) 100vw, 700px\" \/><\/p>\n<p>Una vez se accede al recinto tem\u00e1tico, como no pod\u00eda ser de otra forma, se encuentra el mapa y una noria, en cada rinc\u00f3n del parque se encuentran elementos que bien podr\u00edan estar en el mejor parque de atracciones del mundo y, a su vez, un elemento realista que obliga al visitante a ir m\u00e1s all\u00e1 de lo que est\u00e1 viendo.<\/p>\n<p>Una cenicienta ha sufrido un accidente de carruaje en el interior de un t\u00fanel y yace en mitad del suelo mientras una patera con decenas de ni\u00f1os harapientos navegan en mitad de una fuente sin movimiento ni vida alguna en sus aguas. Entre l\u00edneas podemos entresacar el misterio de la princesa Lady Diana reflejada en la cenicienta y la cantidad de ni\u00f1os y adultos que navegan contra viento y marea en botes con pocas esperanzas de \u00e9xito para poder cumplir \u00abel sue\u00f1o europeo\u00bb.<\/p>\n<p><img loading=\"lazy\" decoding=\"async\" class=\"aligncenter size-large wp-image-3802\" src=\"https:\/\/totenart.com\/noticias\/wp-content\/uploads\/2015\/08\/dismaland-cenicienta-banksy-noticias-totenart-1024x614.jpg\" alt=\"dismaland-cenicienta-banksy-noticias-totenart\" width=\"1000\" height=\"600\" srcset=\"https:\/\/totenart.com\/noticias\/wp-content\/uploads\/2015\/08\/dismaland-cenicienta-banksy-noticias-totenart-1024x614.jpg 1024w, https:\/\/totenart.com\/noticias\/wp-content\/uploads\/2015\/08\/dismaland-cenicienta-banksy-noticias-totenart-300x180.jpg 300w, https:\/\/totenart.com\/noticias\/wp-content\/uploads\/2015\/08\/dismaland-cenicienta-banksy-noticias-totenart.jpg 1920w\" sizes=\"auto, (max-width: 1000px) 100vw, 1000px\" \/><\/p>\n<p>Banksy, el artista que ha pintado el muro de gaza, que ha conseguido crear una marca sin rostro, que es capaz de colarse en los muros de todas las ciudades&#8230; ha conseguido superarse en esta ocasi\u00f3n rompiendo con todos los estereotipos de parque de atracciones.<\/p>\n<p>Pese a lo deprimente del entorno, son muchas las instalaciones y obras de arte que se concentran en Dismaland, la mayor\u00eda de Banksy, pero no todas. Para este proyecto ha contado con la colaboraci\u00f3n de muchos artistas entre los que se encuentran <strong>los espa\u00f1oles ESCIF y Paco Pomet,<\/strong> entre otros grandes del Street Art como\u00a0<strong>Damien<\/strong>\u00a0<strong>Hirst o Jenny Holzer.\u00a0<\/strong><\/p>\n<p>El enclave escogido para la ocasi\u00f3n fue, hasta el a\u00f1o 2000 Tropicana, un parque de atracciones que como muchos otros tuvo que cerrar sus puertas debido a la falta de ingresos.<\/p>\n<p><img loading=\"lazy\" decoding=\"async\" class=\"aligncenter size-full wp-image-3804\" src=\"https:\/\/totenart.com\/noticias\/wp-content\/uploads\/2015\/08\/bansky-dimaland-portada1.jpg\" alt=\"bansky-dimaland-portada\" width=\"490\" height=\"348\" srcset=\"https:\/\/totenart.com\/noticias\/wp-content\/uploads\/2015\/08\/bansky-dimaland-portada1.jpg 490w, https:\/\/totenart.com\/noticias\/wp-content\/uploads\/2015\/08\/bansky-dimaland-portada1-300x213.jpg 300w\" sizes=\"auto, (max-width: 490px) 100vw, 490px\" \/><\/p>\n<p>Todo el proyecto se ha llevado en secreto, incluso para los vecinos del lugar d\u00f3nde se ha levantado a quienes se les hab\u00eda comunicado que el revuelo dentro de la antigua Tropicana era debido a que en su interior se iba a rodar unas escenas de una pel\u00edcula de Hollywood.<\/p>\n<p>Si quieres visitar esta megainstalaci\u00f3n del grafitero, tienes que darte prisa y volar hasta <strong>Weston-super-Mare <\/strong>en<strong> Bristol, Inglaterra<\/strong>, pues el Dismaland solo estar\u00e1 disponible hasta el 27 de Septiembre.\u00a0La entrada cuesta apenas 3 libras esterlinas y hay unas 4000 entradas al d\u00eda para el p\u00fablico de la calle que quiera visitarlo.<\/p>\n<p><img loading=\"lazy\" decoding=\"async\" class=\"aligncenter size-full wp-image-3805\" src=\"https:\/\/totenart.com\/noticias\/wp-content\/uploads\/2015\/08\/bansky-dismaland-imbecile-noticias-totenart.jpg\" alt=\"bansky-dismaland-imbecile-noticias-totenart\" width=\"720\" height=\"477\" srcset=\"https:\/\/totenart.com\/noticias\/wp-content\/uploads\/2015\/08\/bansky-dismaland-imbecile-noticias-totenart.jpg 720w, https:\/\/totenart.com\/noticias\/wp-content\/uploads\/2015\/08\/bansky-dismaland-imbecile-noticias-totenart-300x199.jpg 300w\" sizes=\"auto, (max-width: 720px) 100vw, 720px\" \/><\/p>\n<p>A dem\u00e1s, el atractivo tur\u00edstico puede ser otro&#8230;. y es que probablemente, uno de los rostros que est\u00e1n trabajando en este parque sea el propio Banksy, \u00bfser\u00e1 el polic\u00eda de la entrada?, \u00bfla gu\u00eda de la noria?, \u00bfel soldado imperial que desfila sin rompo por las calles de Dismaland?, o \u00bftal vez esta chica que sujeta los globos de \u00abI am an imbecile\u00bb? &#8230;<\/p>\n<p>\u00bfQu\u00e9 os ha parecido el proyecto? \u00bfPens\u00e1is viajar? Si lo tuvierais m\u00e1s cerca de casa, \u00bfos acercar\u00edais?<\/p>\n","protected":false},"excerpt":{"rendered":"<p>Si durante un tiempo ha parecido que el grafitero Banksy estaba menos activo o tal vez ten\u00eda un numero algo menor de nuevas intervenciones y pinturas, era porque estaba \u00abtramando algo\u00bb, algo muy grande y que no ha dejado indiferente a nadie. Dismaland es una brutal cr\u00edtica a todos los parques tem\u00e1ticos, con mayor \u00e9nfasis [&hellip;]<\/p>\n","protected":false},"author":8,"featured_media":3802,"comment_status":"open","ping_status":"open","sticky":false,"template":"","format":"standard","meta":{"footnotes":""},"categories":[8],"tags":[399,401,400,271],"class_list":["post-3801","post","type-post","status-publish","format-standard","has-post-thumbnail","hentry","category-artista-destacado","tag-bansky","tag-dismaland","tag-parque-tematico","tag-street-art"],"yoast_head":"<!-- This site is optimized with the Yoast SEO plugin v27.2 - https:\/\/yoast.com\/product\/yoast-seo-wordpress\/ -->\n<title>Dismaland: Banksy vuelve al conflicto - Noticias de Arte Totenart<\/title>\n<meta name=\"description\" content=\"El anti-parque tem\u00e1tico, Dismaland atenta contra todo lo establecido, todo tiene un doble sentido, un trasfondo, un por qu\u00e9... de nuevo, el gran Banksy.\" \/>\n<meta name=\"robots\" content=\"index, follow, max-snippet:-1, max-image-preview:large, max-video-preview:-1\" \/>\n<link rel=\"canonical\" href=\"https:\/\/totenart.com\/noticias\/dismaland-banksy-vuelve-al-conflicto\/\" \/>\n<meta property=\"og:locale\" content=\"es_ES\" \/>\n<meta property=\"og:type\" content=\"article\" \/>\n<meta property=\"og:title\" content=\"Dismaland: Banksy vuelve al conflicto - Noticias de Arte Totenart\" \/>\n<meta property=\"og:description\" content=\"El anti-parque tem\u00e1tico, Dismaland atenta contra todo lo establecido, todo tiene un doble sentido, un trasfondo, un por qu\u00e9... de nuevo, el gran Banksy.\" \/>\n<meta property=\"og:url\" content=\"https:\/\/totenart.com\/noticias\/dismaland-banksy-vuelve-al-conflicto\/\" \/>\n<meta property=\"og:site_name\" content=\"Noticias de Arte Totenart\" \/>\n<meta property=\"article:published_time\" content=\"2015-08-26T08:06:24+00:00\" \/>\n<meta property=\"article:modified_time\" content=\"2015-08-27T15:19:09+00:00\" \/>\n<meta property=\"og:image\" content=\"https:\/\/totenart.com\/noticias\/wp-content\/uploads\/2015\/08\/dismaland-cenicienta-banksy-noticias-totenart.jpg\" \/>\n\t<meta property=\"og:image:width\" content=\"1920\" \/>\n\t<meta property=\"og:image:height\" content=\"1152\" \/>\n\t<meta property=\"og:image:type\" content=\"image\/jpeg\" \/>\n<meta name=\"author\" content=\"Paula\" \/>\n<meta name=\"twitter:label1\" content=\"Escrito por\" \/>\n\t<meta name=\"twitter:data1\" content=\"Paula\" \/>\n\t<meta name=\"twitter:label2\" content=\"Tiempo de lectura\" \/>\n\t<meta name=\"twitter:data2\" content=\"4 minutos\" \/>\n<script type=\"application\/ld+json\" class=\"yoast-schema-graph\">{\"@context\":\"https:\/\/schema.org\",\"@graph\":[{\"@type\":\"Article\",\"@id\":\"https:\/\/totenart.com\/noticias\/dismaland-banksy-vuelve-al-conflicto\/#article\",\"isPartOf\":{\"@id\":\"https:\/\/totenart.com\/noticias\/dismaland-banksy-vuelve-al-conflicto\/\"},\"author\":{\"name\":\"Paula\",\"@id\":\"https:\/\/totenart.com\/noticias\/#\/schema\/person\/39b435d7a88c1b1341476fefcf6d13cb\"},\"headline\":\"Dismaland: Banksy vuelve al conflicto\",\"datePublished\":\"2015-08-26T08:06:24+00:00\",\"dateModified\":\"2015-08-27T15:19:09+00:00\",\"mainEntityOfPage\":{\"@id\":\"https:\/\/totenart.com\/noticias\/dismaland-banksy-vuelve-al-conflicto\/\"},\"wordCount\":725,\"commentCount\":4,\"image\":{\"@id\":\"https:\/\/totenart.com\/noticias\/dismaland-banksy-vuelve-al-conflicto\/#primaryimage\"},\"thumbnailUrl\":\"https:\/\/totenart.com\/noticias\/wp-content\/uploads\/2015\/08\/dismaland-cenicienta-banksy-noticias-totenart.jpg\",\"keywords\":[\"Bansky\",\"Dismaland\",\"parque tem\u00e1tico\",\"street art\"],\"articleSection\":[\"Artista destacado\"],\"inLanguage\":\"es\",\"potentialAction\":[{\"@type\":\"CommentAction\",\"name\":\"Comment\",\"target\":[\"https:\/\/totenart.com\/noticias\/dismaland-banksy-vuelve-al-conflicto\/#respond\"]}]},{\"@type\":\"WebPage\",\"@id\":\"https:\/\/totenart.com\/noticias\/dismaland-banksy-vuelve-al-conflicto\/\",\"url\":\"https:\/\/totenart.com\/noticias\/dismaland-banksy-vuelve-al-conflicto\/\",\"name\":\"Dismaland: Banksy vuelve al conflicto - Noticias de Arte Totenart\",\"isPartOf\":{\"@id\":\"https:\/\/totenart.com\/noticias\/#website\"},\"primaryImageOfPage\":{\"@id\":\"https:\/\/totenart.com\/noticias\/dismaland-banksy-vuelve-al-conflicto\/#primaryimage\"},\"image\":{\"@id\":\"https:\/\/totenart.com\/noticias\/dismaland-banksy-vuelve-al-conflicto\/#primaryimage\"},\"thumbnailUrl\":\"https:\/\/totenart.com\/noticias\/wp-content\/uploads\/2015\/08\/dismaland-cenicienta-banksy-noticias-totenart.jpg\",\"datePublished\":\"2015-08-26T08:06:24+00:00\",\"dateModified\":\"2015-08-27T15:19:09+00:00\",\"author\":{\"@id\":\"https:\/\/totenart.com\/noticias\/#\/schema\/person\/39b435d7a88c1b1341476fefcf6d13cb\"},\"description\":\"El anti-parque tem\u00e1tico, Dismaland atenta contra todo lo establecido, todo tiene un doble sentido, un trasfondo, un por qu\u00e9... de nuevo, el gran Banksy.\",\"breadcrumb\":{\"@id\":\"https:\/\/totenart.com\/noticias\/dismaland-banksy-vuelve-al-conflicto\/#breadcrumb\"},\"inLanguage\":\"es\",\"potentialAction\":[{\"@type\":\"ReadAction\",\"target\":[\"https:\/\/totenart.com\/noticias\/dismaland-banksy-vuelve-al-conflicto\/\"]}]},{\"@type\":\"ImageObject\",\"inLanguage\":\"es\",\"@id\":\"https:\/\/totenart.com\/noticias\/dismaland-banksy-vuelve-al-conflicto\/#primaryimage\",\"url\":\"https:\/\/totenart.com\/noticias\/wp-content\/uploads\/2015\/08\/dismaland-cenicienta-banksy-noticias-totenart.jpg\",\"contentUrl\":\"https:\/\/totenart.com\/noticias\/wp-content\/uploads\/2015\/08\/dismaland-cenicienta-banksy-noticias-totenart.jpg\",\"width\":1920,\"height\":1152,\"caption\":\"dismaland-cenicienta-banksy-noticias-totenart\"},{\"@type\":\"BreadcrumbList\",\"@id\":\"https:\/\/totenart.com\/noticias\/dismaland-banksy-vuelve-al-conflicto\/#breadcrumb\",\"itemListElement\":[{\"@type\":\"ListItem\",\"position\":1,\"name\":\"Portada\",\"item\":\"https:\/\/totenart.com\/noticias\/\"},{\"@type\":\"ListItem\",\"position\":2,\"name\":\"Dismaland: Banksy vuelve al conflicto\"}]},{\"@type\":\"WebSite\",\"@id\":\"https:\/\/totenart.com\/noticias\/#website\",\"url\":\"https:\/\/totenart.com\/noticias\/\",\"name\":\"Noticias de Arte Totenart\",\"description\":\"Blog de noticias del mundo del arte: exposiciones, eventos, nuevos productos y materiales para artistas...\",\"potentialAction\":[{\"@type\":\"SearchAction\",\"target\":{\"@type\":\"EntryPoint\",\"urlTemplate\":\"https:\/\/totenart.com\/noticias\/?s={search_term_string}\"},\"query-input\":{\"@type\":\"PropertyValueSpecification\",\"valueRequired\":true,\"valueName\":\"search_term_string\"}}],\"inLanguage\":\"es\"},{\"@type\":\"Person\",\"@id\":\"https:\/\/totenart.com\/noticias\/#\/schema\/person\/39b435d7a88c1b1341476fefcf6d13cb\",\"name\":\"Paula\",\"image\":{\"@type\":\"ImageObject\",\"inLanguage\":\"es\",\"@id\":\"https:\/\/secure.gravatar.com\/avatar\/22d05c4209e1e337a4699d4a6816e571216746fa18a9406152971ce58951aa83?s=96&d=blank&r=r\",\"url\":\"https:\/\/secure.gravatar.com\/avatar\/22d05c4209e1e337a4699d4a6816e571216746fa18a9406152971ce58951aa83?s=96&d=blank&r=r\",\"contentUrl\":\"https:\/\/secure.gravatar.com\/avatar\/22d05c4209e1e337a4699d4a6816e571216746fa18a9406152971ce58951aa83?s=96&d=blank&r=r\",\"caption\":\"Paula\"},\"url\":\"https:\/\/totenart.com\/noticias\/author\/paula-herraiz\/\"}]}<\/script>\n<!-- \/ Yoast SEO plugin. -->","yoast_head_json":{"title":"Dismaland: Banksy vuelve al conflicto - Noticias de Arte Totenart","description":"El anti-parque tem\u00e1tico, Dismaland atenta contra todo lo establecido, todo tiene un doble sentido, un trasfondo, un por qu\u00e9... de nuevo, el gran Banksy.","robots":{"index":"index","follow":"follow","max-snippet":"max-snippet:-1","max-image-preview":"max-image-preview:large","max-video-preview":"max-video-preview:-1"},"canonical":"https:\/\/totenart.com\/noticias\/dismaland-banksy-vuelve-al-conflicto\/","og_locale":"es_ES","og_type":"article","og_title":"Dismaland: Banksy vuelve al conflicto - Noticias de Arte Totenart","og_description":"El anti-parque tem\u00e1tico, Dismaland atenta contra todo lo establecido, todo tiene un doble sentido, un trasfondo, un por qu\u00e9... de nuevo, el gran Banksy.","og_url":"https:\/\/totenart.com\/noticias\/dismaland-banksy-vuelve-al-conflicto\/","og_site_name":"Noticias de Arte Totenart","article_published_time":"2015-08-26T08:06:24+00:00","article_modified_time":"2015-08-27T15:19:09+00:00","og_image":[{"width":1920,"height":1152,"url":"https:\/\/totenart.com\/noticias\/wp-content\/uploads\/2015\/08\/dismaland-cenicienta-banksy-noticias-totenart.jpg","type":"image\/jpeg"}],"author":"Paula","twitter_misc":{"Escrito por":"Paula","Tiempo de lectura":"4 minutos"},"schema":{"@context":"https:\/\/schema.org","@graph":[{"@type":"Article","@id":"https:\/\/totenart.com\/noticias\/dismaland-banksy-vuelve-al-conflicto\/#article","isPartOf":{"@id":"https:\/\/totenart.com\/noticias\/dismaland-banksy-vuelve-al-conflicto\/"},"author":{"name":"Paula","@id":"https:\/\/totenart.com\/noticias\/#\/schema\/person\/39b435d7a88c1b1341476fefcf6d13cb"},"headline":"Dismaland: Banksy vuelve al conflicto","datePublished":"2015-08-26T08:06:24+00:00","dateModified":"2015-08-27T15:19:09+00:00","mainEntityOfPage":{"@id":"https:\/\/totenart.com\/noticias\/dismaland-banksy-vuelve-al-conflicto\/"},"wordCount":725,"commentCount":4,"image":{"@id":"https:\/\/totenart.com\/noticias\/dismaland-banksy-vuelve-al-conflicto\/#primaryimage"},"thumbnailUrl":"https:\/\/totenart.com\/noticias\/wp-content\/uploads\/2015\/08\/dismaland-cenicienta-banksy-noticias-totenart.jpg","keywords":["Bansky","Dismaland","parque tem\u00e1tico","street art"],"articleSection":["Artista destacado"],"inLanguage":"es","potentialAction":[{"@type":"CommentAction","name":"Comment","target":["https:\/\/totenart.com\/noticias\/dismaland-banksy-vuelve-al-conflicto\/#respond"]}]},{"@type":"WebPage","@id":"https:\/\/totenart.com\/noticias\/dismaland-banksy-vuelve-al-conflicto\/","url":"https:\/\/totenart.com\/noticias\/dismaland-banksy-vuelve-al-conflicto\/","name":"Dismaland: Banksy vuelve al conflicto - Noticias de Arte Totenart","isPartOf":{"@id":"https:\/\/totenart.com\/noticias\/#website"},"primaryImageOfPage":{"@id":"https:\/\/totenart.com\/noticias\/dismaland-banksy-vuelve-al-conflicto\/#primaryimage"},"image":{"@id":"https:\/\/totenart.com\/noticias\/dismaland-banksy-vuelve-al-conflicto\/#primaryimage"},"thumbnailUrl":"https:\/\/totenart.com\/noticias\/wp-content\/uploads\/2015\/08\/dismaland-cenicienta-banksy-noticias-totenart.jpg","datePublished":"2015-08-26T08:06:24+00:00","dateModified":"2015-08-27T15:19:09+00:00","author":{"@id":"https:\/\/totenart.com\/noticias\/#\/schema\/person\/39b435d7a88c1b1341476fefcf6d13cb"},"description":"El anti-parque tem\u00e1tico, Dismaland atenta contra todo lo establecido, todo tiene un doble sentido, un trasfondo, un por qu\u00e9... de nuevo, el gran Banksy.","breadcrumb":{"@id":"https:\/\/totenart.com\/noticias\/dismaland-banksy-vuelve-al-conflicto\/#breadcrumb"},"inLanguage":"es","potentialAction":[{"@type":"ReadAction","target":["https:\/\/totenart.com\/noticias\/dismaland-banksy-vuelve-al-conflicto\/"]}]},{"@type":"ImageObject","inLanguage":"es","@id":"https:\/\/totenart.com\/noticias\/dismaland-banksy-vuelve-al-conflicto\/#primaryimage","url":"https:\/\/totenart.com\/noticias\/wp-content\/uploads\/2015\/08\/dismaland-cenicienta-banksy-noticias-totenart.jpg","contentUrl":"https:\/\/totenart.com\/noticias\/wp-content\/uploads\/2015\/08\/dismaland-cenicienta-banksy-noticias-totenart.jpg","width":1920,"height":1152,"caption":"dismaland-cenicienta-banksy-noticias-totenart"},{"@type":"BreadcrumbList","@id":"https:\/\/totenart.com\/noticias\/dismaland-banksy-vuelve-al-conflicto\/#breadcrumb","itemListElement":[{"@type":"ListItem","position":1,"name":"Portada","item":"https:\/\/totenart.com\/noticias\/"},{"@type":"ListItem","position":2,"name":"Dismaland: Banksy vuelve al conflicto"}]},{"@type":"WebSite","@id":"https:\/\/totenart.com\/noticias\/#website","url":"https:\/\/totenart.com\/noticias\/","name":"Noticias de Arte Totenart","description":"Blog de noticias del mundo del arte: exposiciones, eventos, nuevos productos y materiales para artistas...","potentialAction":[{"@type":"SearchAction","target":{"@type":"EntryPoint","urlTemplate":"https:\/\/totenart.com\/noticias\/?s={search_term_string}"},"query-input":{"@type":"PropertyValueSpecification","valueRequired":true,"valueName":"search_term_string"}}],"inLanguage":"es"},{"@type":"Person","@id":"https:\/\/totenart.com\/noticias\/#\/schema\/person\/39b435d7a88c1b1341476fefcf6d13cb","name":"Paula","image":{"@type":"ImageObject","inLanguage":"es","@id":"https:\/\/secure.gravatar.com\/avatar\/22d05c4209e1e337a4699d4a6816e571216746fa18a9406152971ce58951aa83?s=96&d=blank&r=r","url":"https:\/\/secure.gravatar.com\/avatar\/22d05c4209e1e337a4699d4a6816e571216746fa18a9406152971ce58951aa83?s=96&d=blank&r=r","contentUrl":"https:\/\/secure.gravatar.com\/avatar\/22d05c4209e1e337a4699d4a6816e571216746fa18a9406152971ce58951aa83?s=96&d=blank&r=r","caption":"Paula"},"url":"https:\/\/totenart.com\/noticias\/author\/paula-herraiz\/"}]}},"_links":{"self":[{"href":"https:\/\/totenart.com\/noticias\/wp-json\/wp\/v2\/posts\/3801","targetHints":{"allow":["GET"]}}],"collection":[{"href":"https:\/\/totenart.com\/noticias\/wp-json\/wp\/v2\/posts"}],"about":[{"href":"https:\/\/totenart.com\/noticias\/wp-json\/wp\/v2\/types\/post"}],"author":[{"embeddable":true,"href":"https:\/\/totenart.com\/noticias\/wp-json\/wp\/v2\/users\/8"}],"replies":[{"embeddable":true,"href":"https:\/\/totenart.com\/noticias\/wp-json\/wp\/v2\/comments?post=3801"}],"version-history":[{"count":0,"href":"https:\/\/totenart.com\/noticias\/wp-json\/wp\/v2\/posts\/3801\/revisions"}],"wp:featuredmedia":[{"embeddable":true,"href":"https:\/\/totenart.com\/noticias\/wp-json\/wp\/v2\/media\/3802"}],"wp:attachment":[{"href":"https:\/\/totenart.com\/noticias\/wp-json\/wp\/v2\/media?parent=3801"}],"wp:term":[{"taxonomy":"category","embeddable":true,"href":"https:\/\/totenart.com\/noticias\/wp-json\/wp\/v2\/categories?post=3801"},{"taxonomy":"post_tag","embeddable":true,"href":"https:\/\/totenart.com\/noticias\/wp-json\/wp\/v2\/tags?post=3801"}],"curies":[{"name":"wp","href":"https:\/\/api.w.org\/{rel}","templated":true}]}}