



{"id":3846,"date":"2015-09-07T18:42:27","date_gmt":"2015-09-07T16:42:27","guid":{"rendered":"http:\/\/totenart.com\/noticias\/?p=3846"},"modified":"2015-09-07T18:42:27","modified_gmt":"2015-09-07T16:42:27","slug":"the-crayon-initiative-reciclaje-de-crayones","status":"publish","type":"post","link":"https:\/\/totenart.com\/noticias\/the-crayon-initiative-reciclaje-de-crayones\/","title":{"rendered":"The Crayon Initiative, reciclaje de crayones"},"content":{"rendered":"<p>\u00bfC\u00f3mo hacer de miles de trocitos de ceras en una herramienta de \u00e1nimo y motor econ\u00f3mico para los ni\u00f1os enfermos? \u00a0La respuesta la tiene\u00a0<a href=\"http:\/\/thecrayoninitiative.org\/?utm_source=Noticias&amp;utm_medium=Post&amp;utm_campaign=Reciclando-crayones\" target=\"_blank\">The Crayon Initiative<\/a>\u00a0un proyecto social que ataca varios cabos bajo un \u00fanico paraguas, el del reciclaje.<\/p>\n<p><img loading=\"lazy\" decoding=\"async\" class=\"aligncenter size-full wp-image-3851\" src=\"https:\/\/totenart.com\/noticias\/wp-content\/uploads\/2015\/09\/crayon-initiative-noticias-totenart-ni\u00f1a.jpg\" alt=\"crayon-initiative-noticias-totenart-ni\u00f1a\" width=\"600\" height=\"670\" srcset=\"https:\/\/totenart.com\/noticias\/wp-content\/uploads\/2015\/09\/crayon-initiative-noticias-totenart-ni\u00f1a.jpg 600w, https:\/\/totenart.com\/noticias\/wp-content\/uploads\/2015\/09\/crayon-initiative-noticias-totenart-ni\u00f1a-269x300.jpg 269w\" sizes=\"auto, (max-width: 600px) 100vw, 600px\" \/><\/p>\n<h2><span class=\"ez-toc-section\" id=\"Origen_de_The_Crayon_Initiative\"><\/span>Origen de The Crayon Initiative<span class=\"ez-toc-section-end\"><\/span><\/h2>\n<p>El creador de este proyecto es Bryan Ware, padre de dos hijos a los que, como a la mayor\u00eda de ni\u00f1os, les gusta pintar y dibujar. Una noche, cenando en un restaurante sus hijos pintaban con unas ceras de colores y \u00e9l se pregunt\u00f3 cual era el destino de todos los crayones que apenas se hab\u00edan utilizado por los ni\u00f1os del restaurante.<\/p>\n<p>Al descubrir que todas esas ceras se iban a la basura en miles de restaurantes y otros comercios supo que ten\u00eda que hacer algo para evitar tal despilfarro. Con esta idea en la cabeza naci\u00f3 The Crayon Initiative, aunque poco a poco fue ampliando sus horizontes hasta ser un gran apoyo para los ni\u00f1os ingresados en hospitales.<\/p>\n<p><img loading=\"lazy\" decoding=\"async\" class=\"aligncenter size-full wp-image-3852\" src=\"https:\/\/totenart.com\/noticias\/wp-content\/uploads\/2015\/09\/crayon-initiative-noticias-totenart-ni\u00f1as.jpg\" alt=\"crayon-initiative-noticias-totenart-ni\u00f1as\" width=\"600\" height=\"450\" srcset=\"https:\/\/totenart.com\/noticias\/wp-content\/uploads\/2015\/09\/crayon-initiative-noticias-totenart-ni\u00f1as.jpg 600w, https:\/\/totenart.com\/noticias\/wp-content\/uploads\/2015\/09\/crayon-initiative-noticias-totenart-ni\u00f1as-300x225.jpg 300w\" sizes=\"auto, (max-width: 600px) 100vw, 600px\" \/><\/p>\n<h2><span class=\"ez-toc-section\" id=\"Paso_a_paso\"><\/span>Paso a paso<span class=\"ez-toc-section-end\"><\/span><\/h2>\n<ol>\n<li>Recaudar todos las ceras de colores posibles que ya no se usen. No importa lo gastada que est\u00e9. Actualmente Ware, el creador, acude a todo tipo de restaurantes, escuelas, casas privadas o cualquier lugar sonde le indiquen que han recogido ceras para\u00a0The Crayon Initiative.<\/li>\n<li>Separar los crayones por colores, eliminar todo tipo de papel o encoltorio (siempre que es posible).\n<p><img loading=\"lazy\" decoding=\"async\" class=\"aligncenter size-full wp-image-3850\" src=\"https:\/\/totenart.com\/noticias\/wp-content\/uploads\/2015\/09\/crayon-initiative-noticias-totenart-horno.jpg\" alt=\"crayon-initiative-noticias-totenart-horno\" width=\"600\" height=\"450\" srcset=\"https:\/\/totenart.com\/noticias\/wp-content\/uploads\/2015\/09\/crayon-initiative-noticias-totenart-horno.jpg 600w, https:\/\/totenart.com\/noticias\/wp-content\/uploads\/2015\/09\/crayon-initiative-noticias-totenart-horno-300x225.jpg 300w\" sizes=\"auto, (max-width: 600px) 100vw, 600px\" \/><\/li>\n<li>Fundir los crayones en bandejas u ollas seg\u00fan color y verter la nueva pasta en los moldes dise\u00f1ados para\u00a0The Crayon Initiative.\n<p><img loading=\"lazy\" decoding=\"async\" class=\"aligncenter size-full wp-image-3848\" src=\"https:\/\/totenart.com\/noticias\/wp-content\/uploads\/2015\/09\/crayon-initiative-noticias-totenart-amarillo.jpg\" alt=\"crayon-initiative-noticias-totenart-amarillo\" width=\"540\" height=\"720\" srcset=\"https:\/\/totenart.com\/noticias\/wp-content\/uploads\/2015\/09\/crayon-initiative-noticias-totenart-amarillo.jpg 540w, https:\/\/totenart.com\/noticias\/wp-content\/uploads\/2015\/09\/crayon-initiative-noticias-totenart-amarillo-225x300.jpg 225w\" sizes=\"auto, (max-width: 540px) 100vw, 540px\" \/><\/li>\n<li>Empaquetar en las cajas corporativas de \u00ab<a id=\"wpseosnippet_title\" class=\"title\" href=\"http:\/\/totenart.com\/noticias\/wp-admin\/post-new.php#\">The Crayon Initiative<\/a>\u00bb para que todos los ni\u00f1os puedan abrir y estrenar una caja como si estuviera reci\u00e9n comprada.<\/li>\n<\/ol>\n<h2><span class=\"ez-toc-section\" id=\"Estetica_de_los_crayones\"><\/span>Est\u00e9tica de los crayones<span class=\"ez-toc-section-end\"><\/span><\/h2>\n<p>En origen todos los crayones eran para que los ni\u00f1os hospitalizados pudieran tener pinturas sin que les supusiera coste alguno a sus hospitales, pero no todos los crayones comerciales pueden ser usados por todos los ni\u00f1os.<\/p>\n<p>De hecho para confeccionar el estilismo de \u00e9stas ceras el creador cont\u00f3 con el apoyo y las recomendaciones de varios expertos.<\/p>\n<p><img loading=\"lazy\" decoding=\"async\" class=\"aligncenter size-full wp-image-3847\" src=\"https:\/\/totenart.com\/noticias\/wp-content\/uploads\/2015\/09\/crayon-initiative-noticias-totenart.jpg\" alt=\"crayon-initiative-noticias-totenart\" width=\"600\" height=\"450\" srcset=\"https:\/\/totenart.com\/noticias\/wp-content\/uploads\/2015\/09\/crayon-initiative-noticias-totenart.jpg 600w, https:\/\/totenart.com\/noticias\/wp-content\/uploads\/2015\/09\/crayon-initiative-noticias-totenart-300x225.jpg 300w\" sizes=\"auto, (max-width: 600px) 100vw, 600px\" \/><\/p>\n<p>Tal y como aparece en esta imagen, las ceras de The Crayon Initiative son algo m\u00e1s gruesas que las de las marcas comerciales y no est\u00e1n envueltas, pues el papel o pl\u00e1stico que en ocasiones las cubren pueden complicarles la tarea a los ni\u00f1os que tienen que dibujar tumbados o aquellos que tienen enfermedades infecciosas.<\/p>\n<p>Las pinturas son lavables y, por supuesto&#8230; 100% reciclables!<\/p>\n<p>\u00bfQu\u00e9 os parece la iniciativa? \u00bfOs gustar\u00eda participar en un proyecto como The Crayon Initiative y ayudar a los ni\u00f1os hospitalizados en vuestra ciudad?<\/p>\n<p>Si quieres participar en el proyecto puede<a href=\"http:\/\/thecrayoninitiative.org\/?utm_source=Noticias&amp;utm_medium=Post&amp;utm_campaign=Reciclando-crayones\" target=\"_blank\"> visitar su web<\/a>, donde exponen diferntes formas de contcto o de ser voluntario o, directamente en su perfil en <a href=\"https:\/\/www.facebook.com\/thecrayoninitiative?utm_source=Noticias&amp;utm_medium=post&amp;utm_campaign=Reciclando-crayones\" target=\"_blank\">facebook<\/a><\/p>\n<p>&nbsp;<\/p>\n<div id=\"ez-toc-container\" class=\"ez-toc-v2_0_82_1 counter-hierarchy ez-toc-counter ez-toc-grey ez-toc-container-direction\">\n<div class=\"ez-toc-title-container\">\n<p class=\"ez-toc-title\" style=\"cursor:inherit\">Tabla de contenidos<\/p>\n<span class=\"ez-toc-title-toggle\"><a href=\"#\" class=\"ez-toc-pull-right ez-toc-btn ez-toc-btn-xs ez-toc-btn-default ez-toc-toggle\" aria-label=\"Alternar tabla de contenidos\"><span class=\"ez-toc-js-icon-con\"><span class=\"\"><span class=\"eztoc-hide\" style=\"display:none;\">Toggle<\/span><span class=\"ez-toc-icon-toggle-span\"><svg style=\"fill: #999;color:#999\" xmlns=\"http:\/\/www.w3.org\/2000\/svg\" class=\"list-377408\" width=\"20px\" height=\"20px\" viewBox=\"0 0 24 24\" fill=\"none\"><path d=\"M6 6H4v2h2V6zm14 0H8v2h12V6zM4 11h2v2H4v-2zm16 0H8v2h12v-2zM4 16h2v2H4v-2zm16 0H8v2h12v-2z\" fill=\"currentColor\"><\/path><\/svg><svg style=\"fill: #999;color:#999\" class=\"arrow-unsorted-368013\" xmlns=\"http:\/\/www.w3.org\/2000\/svg\" width=\"10px\" height=\"10px\" viewBox=\"0 0 24 24\" version=\"1.2\" baseProfile=\"tiny\"><path d=\"M18.2 9.3l-6.2-6.3-6.2 6.3c-.2.2-.3.4-.3.7s.1.5.3.7c.2.2.4.3.7.3h11c.3 0 .5-.1.7-.3.2-.2.3-.5.3-.7s-.1-.5-.3-.7zM5.8 14.7l6.2 6.3 6.2-6.3c.2-.2.3-.5.3-.7s-.1-.5-.3-.7c-.2-.2-.4-.3-.7-.3h-11c-.3 0-.5.1-.7.3-.2.2-.3.5-.3.7s.1.5.3.7z\"\/><\/svg><\/span><\/span><\/span><\/a><\/span><\/div>\n<nav><ul class='ez-toc-list ez-toc-list-level-1 ' ><li class='ez-toc-page-1 ez-toc-heading-level-2'><a class=\"ez-toc-link ez-toc-heading-1\" href=\"https:\/\/totenart.com\/noticias\/the-crayon-initiative-reciclaje-de-crayones\/#Origen_de_The_Crayon_Initiative\" >Origen de The Crayon Initiative<\/a><\/li><li class='ez-toc-page-1 ez-toc-heading-level-2'><a class=\"ez-toc-link ez-toc-heading-2\" href=\"https:\/\/totenart.com\/noticias\/the-crayon-initiative-reciclaje-de-crayones\/#Paso_a_paso\" >Paso a paso<\/a><\/li><li class='ez-toc-page-1 ez-toc-heading-level-2'><a class=\"ez-toc-link ez-toc-heading-3\" href=\"https:\/\/totenart.com\/noticias\/the-crayon-initiative-reciclaje-de-crayones\/#Estetica_de_los_crayones\" >Est\u00e9tica de los crayones<\/a><\/li><\/ul><\/nav><\/div>\n","protected":false},"excerpt":{"rendered":"<p>\u00bfC\u00f3mo hacer de miles de trocitos de ceras en una herramienta de \u00e1nimo y motor econ\u00f3mico para los ni\u00f1os enfermos? \u00a0La respuesta la tiene\u00a0The Crayon Initiative\u00a0un proyecto social que ataca varios cabos bajo un \u00fanico paraguas, el del reciclaje. Origen de The Crayon Initiative El creador de este proyecto es Bryan Ware, padre de dos [&hellip;]<\/p>\n","protected":false},"author":8,"featured_media":3848,"comment_status":"open","ping_status":"open","sticky":false,"template":"","format":"standard","meta":{"footnotes":""},"categories":[1],"tags":[410,409,378],"class_list":["post-3846","post","type-post","status-publish","format-standard","has-post-thumbnail","hentry","category-totenart","tag-ceras-de-colores","tag-crayon","tag-reciclaje"],"yoast_head":"<!-- This site is optimized with the Yoast SEO plugin v27.2 - https:\/\/yoast.com\/product\/yoast-seo-wordpress\/ -->\n<title>The Crayon Initiative, reciclaje de crayones - Noticias de Arte Totenart<\/title>\n<meta name=\"description\" content=\"\u00bfTe has preguntado qu\u00e9 se hace con las ceras de colores medio gastadas? El creador de The Crayon Initiative reflexion\u00f3 sobre ello e hizo algo sorprendente!!\" \/>\n<meta name=\"robots\" content=\"index, follow, max-snippet:-1, max-image-preview:large, max-video-preview:-1\" \/>\n<link rel=\"canonical\" href=\"https:\/\/totenart.com\/noticias\/the-crayon-initiative-reciclaje-de-crayones\/\" \/>\n<meta property=\"og:locale\" content=\"es_ES\" \/>\n<meta property=\"og:type\" content=\"article\" \/>\n<meta property=\"og:title\" content=\"The Crayon Initiative, reciclaje de crayones - Noticias de Arte Totenart\" \/>\n<meta property=\"og:description\" content=\"\u00bfTe has preguntado qu\u00e9 se hace con las ceras de colores medio gastadas? El creador de The Crayon Initiative reflexion\u00f3 sobre ello e hizo algo sorprendente!!\" \/>\n<meta property=\"og:url\" content=\"https:\/\/totenart.com\/noticias\/the-crayon-initiative-reciclaje-de-crayones\/\" \/>\n<meta property=\"og:site_name\" content=\"Noticias de Arte Totenart\" \/>\n<meta property=\"article:published_time\" content=\"2015-09-07T16:42:27+00:00\" \/>\n<meta property=\"og:image\" content=\"https:\/\/totenart.com\/noticias\/wp-content\/uploads\/2015\/09\/crayon-initiative-noticias-totenart-amarillo.jpg\" \/>\n\t<meta property=\"og:image:width\" content=\"540\" \/>\n\t<meta property=\"og:image:height\" content=\"720\" \/>\n\t<meta property=\"og:image:type\" content=\"image\/jpeg\" \/>\n<meta name=\"author\" content=\"Paula\" \/>\n<meta name=\"twitter:label1\" content=\"Escrito por\" \/>\n\t<meta name=\"twitter:data1\" content=\"Paula\" \/>\n\t<meta name=\"twitter:label2\" content=\"Tiempo de lectura\" \/>\n\t<meta name=\"twitter:data2\" content=\"2 minutos\" \/>\n<script type=\"application\/ld+json\" class=\"yoast-schema-graph\">{\"@context\":\"https:\/\/schema.org\",\"@graph\":[{\"@type\":\"Article\",\"@id\":\"https:\/\/totenart.com\/noticias\/the-crayon-initiative-reciclaje-de-crayones\/#article\",\"isPartOf\":{\"@id\":\"https:\/\/totenart.com\/noticias\/the-crayon-initiative-reciclaje-de-crayones\/\"},\"author\":{\"name\":\"Paula\",\"@id\":\"https:\/\/totenart.com\/noticias\/#\/schema\/person\/39b435d7a88c1b1341476fefcf6d13cb\"},\"headline\":\"The Crayon Initiative, reciclaje de crayones\",\"datePublished\":\"2015-09-07T16:42:27+00:00\",\"mainEntityOfPage\":{\"@id\":\"https:\/\/totenart.com\/noticias\/the-crayon-initiative-reciclaje-de-crayones\/\"},\"wordCount\":480,\"commentCount\":1,\"image\":{\"@id\":\"https:\/\/totenart.com\/noticias\/the-crayon-initiative-reciclaje-de-crayones\/#primaryimage\"},\"thumbnailUrl\":\"https:\/\/totenart.com\/noticias\/wp-content\/uploads\/2015\/09\/crayon-initiative-noticias-totenart-amarillo.jpg\",\"keywords\":[\"ceras de colores\",\"Crayon\",\"Reciclaje\"],\"articleSection\":[\"Totenart\"],\"inLanguage\":\"es\",\"potentialAction\":[{\"@type\":\"CommentAction\",\"name\":\"Comment\",\"target\":[\"https:\/\/totenart.com\/noticias\/the-crayon-initiative-reciclaje-de-crayones\/#respond\"]}]},{\"@type\":\"WebPage\",\"@id\":\"https:\/\/totenart.com\/noticias\/the-crayon-initiative-reciclaje-de-crayones\/\",\"url\":\"https:\/\/totenart.com\/noticias\/the-crayon-initiative-reciclaje-de-crayones\/\",\"name\":\"The Crayon Initiative, reciclaje de crayones - Noticias de Arte Totenart\",\"isPartOf\":{\"@id\":\"https:\/\/totenart.com\/noticias\/#website\"},\"primaryImageOfPage\":{\"@id\":\"https:\/\/totenart.com\/noticias\/the-crayon-initiative-reciclaje-de-crayones\/#primaryimage\"},\"image\":{\"@id\":\"https:\/\/totenart.com\/noticias\/the-crayon-initiative-reciclaje-de-crayones\/#primaryimage\"},\"thumbnailUrl\":\"https:\/\/totenart.com\/noticias\/wp-content\/uploads\/2015\/09\/crayon-initiative-noticias-totenart-amarillo.jpg\",\"datePublished\":\"2015-09-07T16:42:27+00:00\",\"author\":{\"@id\":\"https:\/\/totenart.com\/noticias\/#\/schema\/person\/39b435d7a88c1b1341476fefcf6d13cb\"},\"description\":\"\u00bfTe has preguntado qu\u00e9 se hace con las ceras de colores medio gastadas? El creador de The Crayon Initiative reflexion\u00f3 sobre ello e hizo algo sorprendente!!\",\"breadcrumb\":{\"@id\":\"https:\/\/totenart.com\/noticias\/the-crayon-initiative-reciclaje-de-crayones\/#breadcrumb\"},\"inLanguage\":\"es\",\"potentialAction\":[{\"@type\":\"ReadAction\",\"target\":[\"https:\/\/totenart.com\/noticias\/the-crayon-initiative-reciclaje-de-crayones\/\"]}]},{\"@type\":\"ImageObject\",\"inLanguage\":\"es\",\"@id\":\"https:\/\/totenart.com\/noticias\/the-crayon-initiative-reciclaje-de-crayones\/#primaryimage\",\"url\":\"https:\/\/totenart.com\/noticias\/wp-content\/uploads\/2015\/09\/crayon-initiative-noticias-totenart-amarillo.jpg\",\"contentUrl\":\"https:\/\/totenart.com\/noticias\/wp-content\/uploads\/2015\/09\/crayon-initiative-noticias-totenart-amarillo.jpg\",\"width\":540,\"height\":720,\"caption\":\"crayon-initiative-noticias-totenart-amarillo\"},{\"@type\":\"BreadcrumbList\",\"@id\":\"https:\/\/totenart.com\/noticias\/the-crayon-initiative-reciclaje-de-crayones\/#breadcrumb\",\"itemListElement\":[{\"@type\":\"ListItem\",\"position\":1,\"name\":\"Portada\",\"item\":\"https:\/\/totenart.com\/noticias\/\"},{\"@type\":\"ListItem\",\"position\":2,\"name\":\"The Crayon Initiative, reciclaje de crayones\"}]},{\"@type\":\"WebSite\",\"@id\":\"https:\/\/totenart.com\/noticias\/#website\",\"url\":\"https:\/\/totenart.com\/noticias\/\",\"name\":\"Noticias de Arte Totenart\",\"description\":\"Blog de noticias del mundo del arte: exposiciones, eventos, nuevos productos y materiales para artistas...\",\"potentialAction\":[{\"@type\":\"SearchAction\",\"target\":{\"@type\":\"EntryPoint\",\"urlTemplate\":\"https:\/\/totenart.com\/noticias\/?s={search_term_string}\"},\"query-input\":{\"@type\":\"PropertyValueSpecification\",\"valueRequired\":true,\"valueName\":\"search_term_string\"}}],\"inLanguage\":\"es\"},{\"@type\":\"Person\",\"@id\":\"https:\/\/totenart.com\/noticias\/#\/schema\/person\/39b435d7a88c1b1341476fefcf6d13cb\",\"name\":\"Paula\",\"image\":{\"@type\":\"ImageObject\",\"inLanguage\":\"es\",\"@id\":\"https:\/\/secure.gravatar.com\/avatar\/22d05c4209e1e337a4699d4a6816e571216746fa18a9406152971ce58951aa83?s=96&d=blank&r=r\",\"url\":\"https:\/\/secure.gravatar.com\/avatar\/22d05c4209e1e337a4699d4a6816e571216746fa18a9406152971ce58951aa83?s=96&d=blank&r=r\",\"contentUrl\":\"https:\/\/secure.gravatar.com\/avatar\/22d05c4209e1e337a4699d4a6816e571216746fa18a9406152971ce58951aa83?s=96&d=blank&r=r\",\"caption\":\"Paula\"},\"url\":\"https:\/\/totenart.com\/noticias\/author\/paula-herraiz\/\"}]}<\/script>\n<!-- \/ Yoast SEO plugin. -->","yoast_head_json":{"title":"The Crayon Initiative, reciclaje de crayones - Noticias de Arte Totenart","description":"\u00bfTe has preguntado qu\u00e9 se hace con las ceras de colores medio gastadas? El creador de The Crayon Initiative reflexion\u00f3 sobre ello e hizo algo sorprendente!!","robots":{"index":"index","follow":"follow","max-snippet":"max-snippet:-1","max-image-preview":"max-image-preview:large","max-video-preview":"max-video-preview:-1"},"canonical":"https:\/\/totenart.com\/noticias\/the-crayon-initiative-reciclaje-de-crayones\/","og_locale":"es_ES","og_type":"article","og_title":"The Crayon Initiative, reciclaje de crayones - Noticias de Arte Totenart","og_description":"\u00bfTe has preguntado qu\u00e9 se hace con las ceras de colores medio gastadas? El creador de The Crayon Initiative reflexion\u00f3 sobre ello e hizo algo sorprendente!!","og_url":"https:\/\/totenart.com\/noticias\/the-crayon-initiative-reciclaje-de-crayones\/","og_site_name":"Noticias de Arte Totenart","article_published_time":"2015-09-07T16:42:27+00:00","og_image":[{"width":540,"height":720,"url":"https:\/\/totenart.com\/noticias\/wp-content\/uploads\/2015\/09\/crayon-initiative-noticias-totenart-amarillo.jpg","type":"image\/jpeg"}],"author":"Paula","twitter_misc":{"Escrito por":"Paula","Tiempo de lectura":"2 minutos"},"schema":{"@context":"https:\/\/schema.org","@graph":[{"@type":"Article","@id":"https:\/\/totenart.com\/noticias\/the-crayon-initiative-reciclaje-de-crayones\/#article","isPartOf":{"@id":"https:\/\/totenart.com\/noticias\/the-crayon-initiative-reciclaje-de-crayones\/"},"author":{"name":"Paula","@id":"https:\/\/totenart.com\/noticias\/#\/schema\/person\/39b435d7a88c1b1341476fefcf6d13cb"},"headline":"The Crayon Initiative, reciclaje de crayones","datePublished":"2015-09-07T16:42:27+00:00","mainEntityOfPage":{"@id":"https:\/\/totenart.com\/noticias\/the-crayon-initiative-reciclaje-de-crayones\/"},"wordCount":480,"commentCount":1,"image":{"@id":"https:\/\/totenart.com\/noticias\/the-crayon-initiative-reciclaje-de-crayones\/#primaryimage"},"thumbnailUrl":"https:\/\/totenart.com\/noticias\/wp-content\/uploads\/2015\/09\/crayon-initiative-noticias-totenart-amarillo.jpg","keywords":["ceras de colores","Crayon","Reciclaje"],"articleSection":["Totenart"],"inLanguage":"es","potentialAction":[{"@type":"CommentAction","name":"Comment","target":["https:\/\/totenart.com\/noticias\/the-crayon-initiative-reciclaje-de-crayones\/#respond"]}]},{"@type":"WebPage","@id":"https:\/\/totenart.com\/noticias\/the-crayon-initiative-reciclaje-de-crayones\/","url":"https:\/\/totenart.com\/noticias\/the-crayon-initiative-reciclaje-de-crayones\/","name":"The Crayon Initiative, reciclaje de crayones - Noticias de Arte Totenart","isPartOf":{"@id":"https:\/\/totenart.com\/noticias\/#website"},"primaryImageOfPage":{"@id":"https:\/\/totenart.com\/noticias\/the-crayon-initiative-reciclaje-de-crayones\/#primaryimage"},"image":{"@id":"https:\/\/totenart.com\/noticias\/the-crayon-initiative-reciclaje-de-crayones\/#primaryimage"},"thumbnailUrl":"https:\/\/totenart.com\/noticias\/wp-content\/uploads\/2015\/09\/crayon-initiative-noticias-totenart-amarillo.jpg","datePublished":"2015-09-07T16:42:27+00:00","author":{"@id":"https:\/\/totenart.com\/noticias\/#\/schema\/person\/39b435d7a88c1b1341476fefcf6d13cb"},"description":"\u00bfTe has preguntado qu\u00e9 se hace con las ceras de colores medio gastadas? El creador de The Crayon Initiative reflexion\u00f3 sobre ello e hizo algo sorprendente!!","breadcrumb":{"@id":"https:\/\/totenart.com\/noticias\/the-crayon-initiative-reciclaje-de-crayones\/#breadcrumb"},"inLanguage":"es","potentialAction":[{"@type":"ReadAction","target":["https:\/\/totenart.com\/noticias\/the-crayon-initiative-reciclaje-de-crayones\/"]}]},{"@type":"ImageObject","inLanguage":"es","@id":"https:\/\/totenart.com\/noticias\/the-crayon-initiative-reciclaje-de-crayones\/#primaryimage","url":"https:\/\/totenart.com\/noticias\/wp-content\/uploads\/2015\/09\/crayon-initiative-noticias-totenart-amarillo.jpg","contentUrl":"https:\/\/totenart.com\/noticias\/wp-content\/uploads\/2015\/09\/crayon-initiative-noticias-totenart-amarillo.jpg","width":540,"height":720,"caption":"crayon-initiative-noticias-totenart-amarillo"},{"@type":"BreadcrumbList","@id":"https:\/\/totenart.com\/noticias\/the-crayon-initiative-reciclaje-de-crayones\/#breadcrumb","itemListElement":[{"@type":"ListItem","position":1,"name":"Portada","item":"https:\/\/totenart.com\/noticias\/"},{"@type":"ListItem","position":2,"name":"The Crayon Initiative, reciclaje de crayones"}]},{"@type":"WebSite","@id":"https:\/\/totenart.com\/noticias\/#website","url":"https:\/\/totenart.com\/noticias\/","name":"Noticias de Arte Totenart","description":"Blog de noticias del mundo del arte: exposiciones, eventos, nuevos productos y materiales para artistas...","potentialAction":[{"@type":"SearchAction","target":{"@type":"EntryPoint","urlTemplate":"https:\/\/totenart.com\/noticias\/?s={search_term_string}"},"query-input":{"@type":"PropertyValueSpecification","valueRequired":true,"valueName":"search_term_string"}}],"inLanguage":"es"},{"@type":"Person","@id":"https:\/\/totenart.com\/noticias\/#\/schema\/person\/39b435d7a88c1b1341476fefcf6d13cb","name":"Paula","image":{"@type":"ImageObject","inLanguage":"es","@id":"https:\/\/secure.gravatar.com\/avatar\/22d05c4209e1e337a4699d4a6816e571216746fa18a9406152971ce58951aa83?s=96&d=blank&r=r","url":"https:\/\/secure.gravatar.com\/avatar\/22d05c4209e1e337a4699d4a6816e571216746fa18a9406152971ce58951aa83?s=96&d=blank&r=r","contentUrl":"https:\/\/secure.gravatar.com\/avatar\/22d05c4209e1e337a4699d4a6816e571216746fa18a9406152971ce58951aa83?s=96&d=blank&r=r","caption":"Paula"},"url":"https:\/\/totenart.com\/noticias\/author\/paula-herraiz\/"}]}},"_links":{"self":[{"href":"https:\/\/totenart.com\/noticias\/wp-json\/wp\/v2\/posts\/3846","targetHints":{"allow":["GET"]}}],"collection":[{"href":"https:\/\/totenart.com\/noticias\/wp-json\/wp\/v2\/posts"}],"about":[{"href":"https:\/\/totenart.com\/noticias\/wp-json\/wp\/v2\/types\/post"}],"author":[{"embeddable":true,"href":"https:\/\/totenart.com\/noticias\/wp-json\/wp\/v2\/users\/8"}],"replies":[{"embeddable":true,"href":"https:\/\/totenart.com\/noticias\/wp-json\/wp\/v2\/comments?post=3846"}],"version-history":[{"count":0,"href":"https:\/\/totenart.com\/noticias\/wp-json\/wp\/v2\/posts\/3846\/revisions"}],"wp:featuredmedia":[{"embeddable":true,"href":"https:\/\/totenart.com\/noticias\/wp-json\/wp\/v2\/media\/3848"}],"wp:attachment":[{"href":"https:\/\/totenart.com\/noticias\/wp-json\/wp\/v2\/media?parent=3846"}],"wp:term":[{"taxonomy":"category","embeddable":true,"href":"https:\/\/totenart.com\/noticias\/wp-json\/wp\/v2\/categories?post=3846"},{"taxonomy":"post_tag","embeddable":true,"href":"https:\/\/totenart.com\/noticias\/wp-json\/wp\/v2\/tags?post=3846"}],"curies":[{"name":"wp","href":"https:\/\/api.w.org\/{rel}","templated":true}]}}