



{"id":3868,"date":"2015-09-16T19:23:58","date_gmt":"2015-09-16T17:23:58","guid":{"rendered":"http:\/\/totenart.com\/noticias\/?p=3868"},"modified":"2023-10-03T08:53:13","modified_gmt":"2023-10-03T06:53:13","slug":"curso-de-carpinteria-en-godella-valencia","status":"publish","type":"post","link":"https:\/\/totenart.com\/noticias\/curso-de-carpinteria-en-godella-valencia\/","title":{"rendered":"Curso de carpinter\u00eda en Godella, Valencia"},"content":{"rendered":"<h1><span class=\"ez-toc-section\" id=\"Curso_de_carpinteria\"><\/span>Curso de carpinter\u00eda<span class=\"ez-toc-section-end\"><\/span><\/h1>\n<p>Este curso ya ha terminado pero te recomendamos que visites la p\u00e1gina web de <a href=\"https:\/\/amesuralaescuela.com\/\" target=\"_blank\" rel=\"noopener\">amesuraescuela<\/a> para conocer m\u00e1s sobre sus cursos. Adem\u00e1s, si lo que buscas es algo m\u00e1s accesible, te recomendamos que te pases por el curso de\u00a0<strong>carpinter\u00eda profesional para principiantes. <\/strong>Gracias a Patricio Ortega (Mader\u00edstica) aprender\u00e1s conceptos, t\u00e9cnicas y herramientas para trabajar la madera como un experto. Aprende a tu ritmo y desde cualquier dispositivo como ya han hecho m\u00e1s de 100000 estudiantes:<\/p>\n<p style=\"text-align: center;\"><a href=\"https:\/\/domestika.sjv.io\/VmRa0M\" class=\"button \" target=\"_blank\">Accede aqu\u00ed al curso de carpinter\u00eda <\/a><\/p>\n<h2><span class=\"ez-toc-section\" id=\"Curso_de_carpinteria_en_Godella_Finalizado\"><\/span>Curso de carpinter\u00eda en Godella [Finalizado]<span class=\"ez-toc-section-end\"><\/span><\/h2>\n<p>Nos hemos propuesto que teng\u00e1is un inicio de temporada lo m\u00e1s activo posible, por ello estamos intentando hacer eco de todos los cursos y concursos que encontramos interesantes. Para que cada artista pueda perfeccionar o ampliar sus habilidades art\u00edsticas.<\/p>\n<p>En este post os compartimos una iniciativa diferente, un <strong>Curso de Carpinter\u00eda,\u00a0<\/strong>\u00a0que pretende \u00abacercarnos a un material ligado al ser humano de manera ancestral\u00bb, la madera.<\/p>\n<p>Durante estas clases se ense\u00f1ar\u00e1n las t\u00e9cnicas b\u00e1sicas para poder trabajar, entender y respetar la madera.<\/p>\n<p><img loading=\"lazy\" decoding=\"async\" class=\"aligncenter  wp-image-3870\" src=\"https:\/\/totenart.com\/noticias\/wp-content\/uploads\/2015\/09\/curso-madera-godella-noticias-totenart.jpg\" alt=\"curso-madera-godella-noticias-totenart\" width=\"795\" height=\"716\" srcset=\"https:\/\/totenart.com\/noticias\/wp-content\/uploads\/2015\/09\/curso-madera-godella-noticias-totenart.jpg 960w, https:\/\/totenart.com\/noticias\/wp-content\/uploads\/2015\/09\/curso-madera-godella-noticias-totenart-300x270.jpg 300w\" sizes=\"auto, (max-width: 795px) 100vw, 795px\" \/><\/p>\n<h2><span class=\"ez-toc-section\" id=\"Estructura_del_curso_de_carpinteria\"><\/span>Estructura del curso de carpinter\u00eda<span class=\"ez-toc-section-end\"><\/span><\/h2>\n<p>Seg\u00fan las palabras de la organizaci\u00f3n: \u00abEl curso de carpinter\u00eda esta dividido en doce unidades did\u00e1cticas en las que trataremos de conseguir que el alumno aprenda a entender la nobleza de este material mediante el desarrollo de un peque\u00f1o proyecto que comprende desde la fase de desarrollo del dise\u00f1o, a la construcci\u00f3n y acabado del mismo\u00bb.<\/p>\n<p>Las clases tendr\u00e1n una duraci\u00f3n de dos horas en las que se combinar\u00e1n una parte te\u00f3rica y otra pr\u00e1ctica.<\/p>\n<h2><span class=\"ez-toc-section\" id=\"Profesorado\"><\/span>Profesorado<span class=\"ez-toc-section-end\"><\/span><\/h2>\n<p>El encargado de impartir este curso es el experimentado Xavi Llorens. Este artista, nacido en el seno de un a familia de carpinteros lucha activamente, desde hace m\u00e1s de 20 a\u00f1os, por la conservaci\u00f3n y el cuidado de un sector que est\u00e1 en v\u00edas de desaparici\u00f3n.<\/p>\n<p>Con este curso pretenden hacer llegar las herramientas necesarias a los alumnos para mostrarles la belleza y las infinitas posibilidades de la carpinter\u00eda, as\u00ed como el amor por las nobles maderas.<\/p>\n<p><img loading=\"lazy\" decoding=\"async\" class=\"aligncenter size-full wp-image-3869\" src=\"https:\/\/totenart.com\/noticias\/wp-content\/uploads\/2015\/09\/curso-madera-creativa-godella-noticias-totenart.jpg\" alt=\"curso-madera-creativa-godella-noticias-totenart\" width=\"480\" height=\"479\" srcset=\"https:\/\/totenart.com\/noticias\/wp-content\/uploads\/2015\/09\/curso-madera-creativa-godella-noticias-totenart.jpg 480w, https:\/\/totenart.com\/noticias\/wp-content\/uploads\/2015\/09\/curso-madera-creativa-godella-noticias-totenart-150x150.jpg 150w, https:\/\/totenart.com\/noticias\/wp-content\/uploads\/2015\/09\/curso-madera-creativa-godella-noticias-totenart-300x300.jpg 300w\" sizes=\"auto, (max-width: 480px) 100vw, 480px\" \/><\/p>\n<h2><span class=\"ez-toc-section\" id=\"Horario_y_duracion\"><\/span>Horario y duraci\u00f3n<span class=\"ez-toc-section-end\"><\/span><\/h2>\n<ul>\n<li>Duraci\u00f3n: Total 24 horas<\/li>\n<li>Horario: Mi\u00e9rcoles de 19h a 21h<\/li>\n<li>Inicio a partir de Octubre.<\/li>\n<\/ul>\n<p>Para m\u00e1s informaci\u00f3n pod\u00e9is acudir al <a href=\"https:\/\/www.facebook.com\/events\/1662082444078133\/\" target=\"_blank\" rel=\"noopener\">evento creado<\/a> para la ocasi\u00f3n en facebook \u00bfQu\u00e9 dec\u00eds? \u00bfHab\u00e9is trabajado muchas veces con madera? \u00bfOs apetece probar?<\/p>\n<div id=\"ez-toc-container\" class=\"ez-toc-v2_0_82_1 counter-hierarchy ez-toc-counter ez-toc-grey ez-toc-container-direction\">\n<div class=\"ez-toc-title-container\">\n<p class=\"ez-toc-title\" style=\"cursor:inherit\">Tabla de contenidos<\/p>\n<span class=\"ez-toc-title-toggle\"><a href=\"#\" class=\"ez-toc-pull-right ez-toc-btn ez-toc-btn-xs ez-toc-btn-default ez-toc-toggle\" aria-label=\"Alternar tabla de contenidos\"><span class=\"ez-toc-js-icon-con\"><span class=\"\"><span class=\"eztoc-hide\" style=\"display:none;\">Toggle<\/span><span class=\"ez-toc-icon-toggle-span\"><svg style=\"fill: #999;color:#999\" xmlns=\"http:\/\/www.w3.org\/2000\/svg\" class=\"list-377408\" width=\"20px\" height=\"20px\" viewBox=\"0 0 24 24\" fill=\"none\"><path d=\"M6 6H4v2h2V6zm14 0H8v2h12V6zM4 11h2v2H4v-2zm16 0H8v2h12v-2zM4 16h2v2H4v-2zm16 0H8v2h12v-2z\" fill=\"currentColor\"><\/path><\/svg><svg style=\"fill: #999;color:#999\" class=\"arrow-unsorted-368013\" xmlns=\"http:\/\/www.w3.org\/2000\/svg\" width=\"10px\" height=\"10px\" viewBox=\"0 0 24 24\" version=\"1.2\" baseProfile=\"tiny\"><path d=\"M18.2 9.3l-6.2-6.3-6.2 6.3c-.2.2-.3.4-.3.7s.1.5.3.7c.2.2.4.3.7.3h11c.3 0 .5-.1.7-.3.2-.2.3-.5.3-.7s-.1-.5-.3-.7zM5.8 14.7l6.2 6.3 6.2-6.3c.2-.2.3-.5.3-.7s-.1-.5-.3-.7c-.2-.2-.4-.3-.7-.3h-11c-.3 0-.5.1-.7.3-.2.2-.3.5-.3.7s.1.5.3.7z\"\/><\/svg><\/span><\/span><\/span><\/a><\/span><\/div>\n<nav><ul class='ez-toc-list ez-toc-list-level-1 ' ><li class='ez-toc-page-1 ez-toc-heading-level-1'><a class=\"ez-toc-link ez-toc-heading-1\" href=\"https:\/\/totenart.com\/noticias\/curso-de-carpinteria-en-godella-valencia\/#Curso_de_carpinteria\" >Curso de carpinter\u00eda<\/a><ul class='ez-toc-list-level-2' ><li class='ez-toc-heading-level-2'><a class=\"ez-toc-link ez-toc-heading-2\" href=\"https:\/\/totenart.com\/noticias\/curso-de-carpinteria-en-godella-valencia\/#Curso_de_carpinteria_en_Godella_Finalizado\" >Curso de carpinter\u00eda en Godella [Finalizado]<\/a><\/li><li class='ez-toc-page-1 ez-toc-heading-level-2'><a class=\"ez-toc-link ez-toc-heading-3\" href=\"https:\/\/totenart.com\/noticias\/curso-de-carpinteria-en-godella-valencia\/#Estructura_del_curso_de_carpinteria\" >Estructura del curso de carpinter\u00eda<\/a><\/li><li class='ez-toc-page-1 ez-toc-heading-level-2'><a class=\"ez-toc-link ez-toc-heading-4\" href=\"https:\/\/totenart.com\/noticias\/curso-de-carpinteria-en-godella-valencia\/#Profesorado\" >Profesorado<\/a><\/li><li class='ez-toc-page-1 ez-toc-heading-level-2'><a class=\"ez-toc-link ez-toc-heading-5\" href=\"https:\/\/totenart.com\/noticias\/curso-de-carpinteria-en-godella-valencia\/#Horario_y_duracion\" >Horario y duraci\u00f3n<\/a><\/li><\/ul><\/li><\/ul><\/nav><\/div>\n","protected":false},"excerpt":{"rendered":"<p>Curso de carpinter\u00eda Este curso ya ha terminado pero te recomendamos que visites la p\u00e1gina web de amesuraescuela para conocer m\u00e1s sobre sus cursos. Adem\u00e1s, si lo que buscas es algo m\u00e1s accesible, te recomendamos que te pases por el curso de\u00a0carpinter\u00eda profesional para principiantes. Gracias a Patricio Ortega (Mader\u00edstica) aprender\u00e1s conceptos, t\u00e9cnicas y herramientas [&hellip;]<\/p>\n","protected":false},"author":8,"featured_media":3869,"comment_status":"open","ping_status":"open","sticky":false,"template":"","format":"standard","meta":{"footnotes":""},"categories":[9],"tags":[417,416,71],"class_list":["post-3868","post","type-post","status-publish","format-standard","has-post-thumbnail","hentry","category-formacion","tag-carpinteria","tag-curso","tag-madera"],"yoast_head":"<!-- This site is optimized with the Yoast SEO plugin v27.2 - https:\/\/yoast.com\/product\/yoast-seo-wordpress\/ -->\n<title>Curso de carpinter\u00eda en Godella, Valencia - Noticias de Arte Totenart<\/title>\n<meta name=\"description\" content=\"Xavi Llorens es el encargado de impartir el curso de carpinter\u00eda en Godella. Este curso de carpinter\u00eda te mostrar\u00e1 t\u00e9cnicas y estilos de trabajar la madera.\" \/>\n<meta name=\"robots\" content=\"index, follow, max-snippet:-1, max-image-preview:large, max-video-preview:-1\" \/>\n<link rel=\"canonical\" href=\"https:\/\/totenart.com\/noticias\/curso-de-carpinteria-en-godella-valencia\/\" \/>\n<meta property=\"og:locale\" content=\"es_ES\" \/>\n<meta property=\"og:type\" content=\"article\" \/>\n<meta property=\"og:title\" content=\"Curso de carpinter\u00eda en Godella, Valencia - Noticias de Arte Totenart\" \/>\n<meta property=\"og:description\" content=\"Xavi Llorens es el encargado de impartir el curso de carpinter\u00eda en Godella. Este curso de carpinter\u00eda te mostrar\u00e1 t\u00e9cnicas y estilos de trabajar la madera.\" \/>\n<meta property=\"og:url\" content=\"https:\/\/totenart.com\/noticias\/curso-de-carpinteria-en-godella-valencia\/\" \/>\n<meta property=\"og:site_name\" content=\"Noticias de Arte Totenart\" \/>\n<meta property=\"article:published_time\" content=\"2015-09-16T17:23:58+00:00\" \/>\n<meta property=\"article:modified_time\" content=\"2023-10-03T06:53:13+00:00\" \/>\n<meta property=\"og:image\" content=\"https:\/\/totenart.com\/noticias\/wp-content\/uploads\/2015\/09\/curso-madera-creativa-godella-noticias-totenart.jpg\" \/>\n\t<meta property=\"og:image:width\" content=\"480\" \/>\n\t<meta property=\"og:image:height\" content=\"479\" \/>\n\t<meta property=\"og:image:type\" content=\"image\/jpeg\" \/>\n<meta name=\"author\" content=\"Paula\" \/>\n<meta name=\"twitter:label1\" content=\"Escrito por\" \/>\n\t<meta name=\"twitter:data1\" content=\"Paula\" \/>\n\t<meta name=\"twitter:label2\" content=\"Tiempo de lectura\" \/>\n\t<meta name=\"twitter:data2\" content=\"3 minutos\" \/>\n<script type=\"application\/ld+json\" class=\"yoast-schema-graph\">{\"@context\":\"https:\/\/schema.org\",\"@graph\":[{\"@type\":\"Article\",\"@id\":\"https:\/\/totenart.com\/noticias\/curso-de-carpinteria-en-godella-valencia\/#article\",\"isPartOf\":{\"@id\":\"https:\/\/totenart.com\/noticias\/curso-de-carpinteria-en-godella-valencia\/\"},\"author\":{\"name\":\"Paula\",\"@id\":\"https:\/\/totenart.com\/noticias\/#\/schema\/person\/39b435d7a88c1b1341476fefcf6d13cb\"},\"headline\":\"Curso de carpinter\u00eda en Godella, Valencia\",\"datePublished\":\"2015-09-16T17:23:58+00:00\",\"dateModified\":\"2023-10-03T06:53:13+00:00\",\"mainEntityOfPage\":{\"@id\":\"https:\/\/totenart.com\/noticias\/curso-de-carpinteria-en-godella-valencia\/\"},\"wordCount\":436,\"commentCount\":11,\"image\":{\"@id\":\"https:\/\/totenart.com\/noticias\/curso-de-carpinteria-en-godella-valencia\/#primaryimage\"},\"thumbnailUrl\":\"https:\/\/totenart.com\/noticias\/wp-content\/uploads\/2015\/09\/curso-madera-creativa-godella-noticias-totenart.jpg\",\"keywords\":[\"carpinter\u00eda\",\"curso\",\"madera\"],\"articleSection\":[\"Formaci\u00f3n\"],\"inLanguage\":\"es\",\"potentialAction\":[{\"@type\":\"CommentAction\",\"name\":\"Comment\",\"target\":[\"https:\/\/totenart.com\/noticias\/curso-de-carpinteria-en-godella-valencia\/#respond\"]}]},{\"@type\":\"WebPage\",\"@id\":\"https:\/\/totenart.com\/noticias\/curso-de-carpinteria-en-godella-valencia\/\",\"url\":\"https:\/\/totenart.com\/noticias\/curso-de-carpinteria-en-godella-valencia\/\",\"name\":\"Curso de carpinter\u00eda en Godella, Valencia - Noticias de Arte Totenart\",\"isPartOf\":{\"@id\":\"https:\/\/totenart.com\/noticias\/#website\"},\"primaryImageOfPage\":{\"@id\":\"https:\/\/totenart.com\/noticias\/curso-de-carpinteria-en-godella-valencia\/#primaryimage\"},\"image\":{\"@id\":\"https:\/\/totenart.com\/noticias\/curso-de-carpinteria-en-godella-valencia\/#primaryimage\"},\"thumbnailUrl\":\"https:\/\/totenart.com\/noticias\/wp-content\/uploads\/2015\/09\/curso-madera-creativa-godella-noticias-totenart.jpg\",\"datePublished\":\"2015-09-16T17:23:58+00:00\",\"dateModified\":\"2023-10-03T06:53:13+00:00\",\"author\":{\"@id\":\"https:\/\/totenart.com\/noticias\/#\/schema\/person\/39b435d7a88c1b1341476fefcf6d13cb\"},\"description\":\"Xavi Llorens es el encargado de impartir el curso de carpinter\u00eda en Godella. Este curso de carpinter\u00eda te mostrar\u00e1 t\u00e9cnicas y estilos de trabajar la madera.\",\"breadcrumb\":{\"@id\":\"https:\/\/totenart.com\/noticias\/curso-de-carpinteria-en-godella-valencia\/#breadcrumb\"},\"inLanguage\":\"es\",\"potentialAction\":[{\"@type\":\"ReadAction\",\"target\":[\"https:\/\/totenart.com\/noticias\/curso-de-carpinteria-en-godella-valencia\/\"]}]},{\"@type\":\"ImageObject\",\"inLanguage\":\"es\",\"@id\":\"https:\/\/totenart.com\/noticias\/curso-de-carpinteria-en-godella-valencia\/#primaryimage\",\"url\":\"https:\/\/totenart.com\/noticias\/wp-content\/uploads\/2015\/09\/curso-madera-creativa-godella-noticias-totenart.jpg\",\"contentUrl\":\"https:\/\/totenart.com\/noticias\/wp-content\/uploads\/2015\/09\/curso-madera-creativa-godella-noticias-totenart.jpg\",\"width\":480,\"height\":479,\"caption\":\"curso-madera-creativa-godella-noticias-totenart\"},{\"@type\":\"BreadcrumbList\",\"@id\":\"https:\/\/totenart.com\/noticias\/curso-de-carpinteria-en-godella-valencia\/#breadcrumb\",\"itemListElement\":[{\"@type\":\"ListItem\",\"position\":1,\"name\":\"Portada\",\"item\":\"https:\/\/totenart.com\/noticias\/\"},{\"@type\":\"ListItem\",\"position\":2,\"name\":\"Curso de carpinter\u00eda en Godella, Valencia\"}]},{\"@type\":\"WebSite\",\"@id\":\"https:\/\/totenart.com\/noticias\/#website\",\"url\":\"https:\/\/totenart.com\/noticias\/\",\"name\":\"Noticias de Arte Totenart\",\"description\":\"Blog de noticias del mundo del arte: exposiciones, eventos, nuevos productos y materiales para artistas...\",\"potentialAction\":[{\"@type\":\"SearchAction\",\"target\":{\"@type\":\"EntryPoint\",\"urlTemplate\":\"https:\/\/totenart.com\/noticias\/?s={search_term_string}\"},\"query-input\":{\"@type\":\"PropertyValueSpecification\",\"valueRequired\":true,\"valueName\":\"search_term_string\"}}],\"inLanguage\":\"es\"},{\"@type\":\"Person\",\"@id\":\"https:\/\/totenart.com\/noticias\/#\/schema\/person\/39b435d7a88c1b1341476fefcf6d13cb\",\"name\":\"Paula\",\"image\":{\"@type\":\"ImageObject\",\"inLanguage\":\"es\",\"@id\":\"https:\/\/secure.gravatar.com\/avatar\/22d05c4209e1e337a4699d4a6816e571216746fa18a9406152971ce58951aa83?s=96&d=blank&r=r\",\"url\":\"https:\/\/secure.gravatar.com\/avatar\/22d05c4209e1e337a4699d4a6816e571216746fa18a9406152971ce58951aa83?s=96&d=blank&r=r\",\"contentUrl\":\"https:\/\/secure.gravatar.com\/avatar\/22d05c4209e1e337a4699d4a6816e571216746fa18a9406152971ce58951aa83?s=96&d=blank&r=r\",\"caption\":\"Paula\"},\"url\":\"https:\/\/totenart.com\/noticias\/author\/paula-herraiz\/\"}]}<\/script>\n<!-- \/ Yoast SEO plugin. -->","yoast_head_json":{"title":"Curso de carpinter\u00eda en Godella, Valencia - Noticias de Arte Totenart","description":"Xavi Llorens es el encargado de impartir el curso de carpinter\u00eda en Godella. Este curso de carpinter\u00eda te mostrar\u00e1 t\u00e9cnicas y estilos de trabajar la madera.","robots":{"index":"index","follow":"follow","max-snippet":"max-snippet:-1","max-image-preview":"max-image-preview:large","max-video-preview":"max-video-preview:-1"},"canonical":"https:\/\/totenart.com\/noticias\/curso-de-carpinteria-en-godella-valencia\/","og_locale":"es_ES","og_type":"article","og_title":"Curso de carpinter\u00eda en Godella, Valencia - Noticias de Arte Totenart","og_description":"Xavi Llorens es el encargado de impartir el curso de carpinter\u00eda en Godella. Este curso de carpinter\u00eda te mostrar\u00e1 t\u00e9cnicas y estilos de trabajar la madera.","og_url":"https:\/\/totenart.com\/noticias\/curso-de-carpinteria-en-godella-valencia\/","og_site_name":"Noticias de Arte Totenart","article_published_time":"2015-09-16T17:23:58+00:00","article_modified_time":"2023-10-03T06:53:13+00:00","og_image":[{"width":480,"height":479,"url":"https:\/\/totenart.com\/noticias\/wp-content\/uploads\/2015\/09\/curso-madera-creativa-godella-noticias-totenart.jpg","type":"image\/jpeg"}],"author":"Paula","twitter_misc":{"Escrito por":"Paula","Tiempo de lectura":"3 minutos"},"schema":{"@context":"https:\/\/schema.org","@graph":[{"@type":"Article","@id":"https:\/\/totenart.com\/noticias\/curso-de-carpinteria-en-godella-valencia\/#article","isPartOf":{"@id":"https:\/\/totenart.com\/noticias\/curso-de-carpinteria-en-godella-valencia\/"},"author":{"name":"Paula","@id":"https:\/\/totenart.com\/noticias\/#\/schema\/person\/39b435d7a88c1b1341476fefcf6d13cb"},"headline":"Curso de carpinter\u00eda en Godella, Valencia","datePublished":"2015-09-16T17:23:58+00:00","dateModified":"2023-10-03T06:53:13+00:00","mainEntityOfPage":{"@id":"https:\/\/totenart.com\/noticias\/curso-de-carpinteria-en-godella-valencia\/"},"wordCount":436,"commentCount":11,"image":{"@id":"https:\/\/totenart.com\/noticias\/curso-de-carpinteria-en-godella-valencia\/#primaryimage"},"thumbnailUrl":"https:\/\/totenart.com\/noticias\/wp-content\/uploads\/2015\/09\/curso-madera-creativa-godella-noticias-totenart.jpg","keywords":["carpinter\u00eda","curso","madera"],"articleSection":["Formaci\u00f3n"],"inLanguage":"es","potentialAction":[{"@type":"CommentAction","name":"Comment","target":["https:\/\/totenart.com\/noticias\/curso-de-carpinteria-en-godella-valencia\/#respond"]}]},{"@type":"WebPage","@id":"https:\/\/totenart.com\/noticias\/curso-de-carpinteria-en-godella-valencia\/","url":"https:\/\/totenart.com\/noticias\/curso-de-carpinteria-en-godella-valencia\/","name":"Curso de carpinter\u00eda en Godella, Valencia - Noticias de Arte Totenart","isPartOf":{"@id":"https:\/\/totenart.com\/noticias\/#website"},"primaryImageOfPage":{"@id":"https:\/\/totenart.com\/noticias\/curso-de-carpinteria-en-godella-valencia\/#primaryimage"},"image":{"@id":"https:\/\/totenart.com\/noticias\/curso-de-carpinteria-en-godella-valencia\/#primaryimage"},"thumbnailUrl":"https:\/\/totenart.com\/noticias\/wp-content\/uploads\/2015\/09\/curso-madera-creativa-godella-noticias-totenart.jpg","datePublished":"2015-09-16T17:23:58+00:00","dateModified":"2023-10-03T06:53:13+00:00","author":{"@id":"https:\/\/totenart.com\/noticias\/#\/schema\/person\/39b435d7a88c1b1341476fefcf6d13cb"},"description":"Xavi Llorens es el encargado de impartir el curso de carpinter\u00eda en Godella. Este curso de carpinter\u00eda te mostrar\u00e1 t\u00e9cnicas y estilos de trabajar la madera.","breadcrumb":{"@id":"https:\/\/totenart.com\/noticias\/curso-de-carpinteria-en-godella-valencia\/#breadcrumb"},"inLanguage":"es","potentialAction":[{"@type":"ReadAction","target":["https:\/\/totenart.com\/noticias\/curso-de-carpinteria-en-godella-valencia\/"]}]},{"@type":"ImageObject","inLanguage":"es","@id":"https:\/\/totenart.com\/noticias\/curso-de-carpinteria-en-godella-valencia\/#primaryimage","url":"https:\/\/totenart.com\/noticias\/wp-content\/uploads\/2015\/09\/curso-madera-creativa-godella-noticias-totenart.jpg","contentUrl":"https:\/\/totenart.com\/noticias\/wp-content\/uploads\/2015\/09\/curso-madera-creativa-godella-noticias-totenart.jpg","width":480,"height":479,"caption":"curso-madera-creativa-godella-noticias-totenart"},{"@type":"BreadcrumbList","@id":"https:\/\/totenart.com\/noticias\/curso-de-carpinteria-en-godella-valencia\/#breadcrumb","itemListElement":[{"@type":"ListItem","position":1,"name":"Portada","item":"https:\/\/totenart.com\/noticias\/"},{"@type":"ListItem","position":2,"name":"Curso de carpinter\u00eda en Godella, Valencia"}]},{"@type":"WebSite","@id":"https:\/\/totenart.com\/noticias\/#website","url":"https:\/\/totenart.com\/noticias\/","name":"Noticias de Arte Totenart","description":"Blog de noticias del mundo del arte: exposiciones, eventos, nuevos productos y materiales para artistas...","potentialAction":[{"@type":"SearchAction","target":{"@type":"EntryPoint","urlTemplate":"https:\/\/totenart.com\/noticias\/?s={search_term_string}"},"query-input":{"@type":"PropertyValueSpecification","valueRequired":true,"valueName":"search_term_string"}}],"inLanguage":"es"},{"@type":"Person","@id":"https:\/\/totenart.com\/noticias\/#\/schema\/person\/39b435d7a88c1b1341476fefcf6d13cb","name":"Paula","image":{"@type":"ImageObject","inLanguage":"es","@id":"https:\/\/secure.gravatar.com\/avatar\/22d05c4209e1e337a4699d4a6816e571216746fa18a9406152971ce58951aa83?s=96&d=blank&r=r","url":"https:\/\/secure.gravatar.com\/avatar\/22d05c4209e1e337a4699d4a6816e571216746fa18a9406152971ce58951aa83?s=96&d=blank&r=r","contentUrl":"https:\/\/secure.gravatar.com\/avatar\/22d05c4209e1e337a4699d4a6816e571216746fa18a9406152971ce58951aa83?s=96&d=blank&r=r","caption":"Paula"},"url":"https:\/\/totenart.com\/noticias\/author\/paula-herraiz\/"}]}},"_links":{"self":[{"href":"https:\/\/totenart.com\/noticias\/wp-json\/wp\/v2\/posts\/3868","targetHints":{"allow":["GET"]}}],"collection":[{"href":"https:\/\/totenart.com\/noticias\/wp-json\/wp\/v2\/posts"}],"about":[{"href":"https:\/\/totenart.com\/noticias\/wp-json\/wp\/v2\/types\/post"}],"author":[{"embeddable":true,"href":"https:\/\/totenart.com\/noticias\/wp-json\/wp\/v2\/users\/8"}],"replies":[{"embeddable":true,"href":"https:\/\/totenart.com\/noticias\/wp-json\/wp\/v2\/comments?post=3868"}],"version-history":[{"count":2,"href":"https:\/\/totenart.com\/noticias\/wp-json\/wp\/v2\/posts\/3868\/revisions"}],"predecessor-version":[{"id":22372,"href":"https:\/\/totenart.com\/noticias\/wp-json\/wp\/v2\/posts\/3868\/revisions\/22372"}],"wp:featuredmedia":[{"embeddable":true,"href":"https:\/\/totenart.com\/noticias\/wp-json\/wp\/v2\/media\/3869"}],"wp:attachment":[{"href":"https:\/\/totenart.com\/noticias\/wp-json\/wp\/v2\/media?parent=3868"}],"wp:term":[{"taxonomy":"category","embeddable":true,"href":"https:\/\/totenart.com\/noticias\/wp-json\/wp\/v2\/categories?post=3868"},{"taxonomy":"post_tag","embeddable":true,"href":"https:\/\/totenart.com\/noticias\/wp-json\/wp\/v2\/tags?post=3868"}],"curies":[{"name":"wp","href":"https:\/\/api.w.org\/{rel}","templated":true}]}}