



{"id":3901,"date":"2015-09-18T18:28:08","date_gmt":"2015-09-18T16:28:08","guid":{"rendered":"http:\/\/totenart.com\/noticias\/?p=3901"},"modified":"2015-09-18T18:28:08","modified_gmt":"2015-09-18T16:28:08","slug":"we-are-fair-afterwork-arco-2016","status":"publish","type":"post","link":"https:\/\/totenart.com\/noticias\/we-are-fair-afterwork-arco-2016\/","title":{"rendered":"We Are Fair, el afterwork de ARCO 2016"},"content":{"rendered":"<p>Comienzan a desvelarse algunas de las miles de inc\u00f3gnitas y nuevas propuestas que acompa\u00f1ar\u00e1n a la Feria ARCO 2016.<\/p>\n<p>Durante la semana de ARCO, la \u00faltima de febrero, la ciudad de Madrid podr\u00e1 disfrutar de otra feria, m\u00e1s atrevida y reivindicativa para demostrar un mismo sentimiento por el arte contempor\u00e1neo.<\/p>\n<p>Los mismos creadores de<strong> <a href=\"http:\/\/www.factoriarte.com\/?utm_source=Noticias&amp;utm_medium=Post&amp;utm_campaign=we-are-fair\" target=\"_blank\">Factor\u00eda de Arte y Desarrollo<\/a><\/strong> y<strong> Art &amp; Breakfast\u00a0<\/strong>defienden este proyecto se\u00f1alando que ofrecen un producto distinto que complementar\u00e1 muy bien a ARCO.<\/p>\n<p><img loading=\"lazy\" decoding=\"async\" class=\"aligncenter size-full wp-image-3903\" src=\"https:\/\/totenart.com\/noticias\/wp-content\/uploads\/2015\/09\/logo_we_are_fair_noticias_totenart.png\" alt=\"logo_we_are_fair_noticias_totenart\" width=\"942\" height=\"350\" srcset=\"https:\/\/totenart.com\/noticias\/wp-content\/uploads\/2015\/09\/logo_we_are_fair_noticias_totenart.png 942w, https:\/\/totenart.com\/noticias\/wp-content\/uploads\/2015\/09\/logo_we_are_fair_noticias_totenart-300x111.png 300w\" sizes=\"auto, (max-width: 942px) 100vw, 942px\" \/><\/p>\n<p>We Art Fair pretende ser una feria canalla que cierre a las 2 de la madrugada, ofreciendo as\u00ed un espacio distendido donde cada uno pueda disfrutar al terminar la jornada laboral, o bien, establecer nuevas v\u00edas laborales&#8230; quien sabe.<\/p>\n<p>En este espacio se prev\u00e9 ofrecer una gran cantidad de espacios donde poder reunirse, tomar unas copas y disfrutar del arte contempor\u00e1neo del momento. Esta feria se\u00a0realizar\u00e1 en el hotel Exe Central, en el coraz\u00f3n de Madrid. Algunas habitaciones se convertir\u00e1n en microsalas de exposici\u00f3n y las zonas comunes mutar\u00e1n en nuevos espacios para esta ocasi\u00f3n.<\/p>\n<div id=\"attachment_3906\" style=\"width: 651px\" class=\"wp-caption aligncenter\"><img loading=\"lazy\" decoding=\"async\" aria-describedby=\"caption-attachment-3906\" class=\"wp-image-3906 size-full\" src=\"https:\/\/totenart.com\/noticias\/wp-content\/uploads\/2015\/09\/we_are_fair_noticias_totenart-hotel.jpg\" alt=\"we_are_fair_noticias_totenart-hotel\" width=\"641\" height=\"569\" srcset=\"https:\/\/totenart.com\/noticias\/wp-content\/uploads\/2015\/09\/we_are_fair_noticias_totenart-hotel.jpg 641w, https:\/\/totenart.com\/noticias\/wp-content\/uploads\/2015\/09\/we_are_fair_noticias_totenart-hotel-300x266.jpg 300w\" sizes=\"auto, (max-width: 641px) 100vw, 641px\" \/><p id=\"caption-attachment-3906\" class=\"wp-caption-text\">Fachada Hotel Exe Central &#8211; Sede We Are Fair &#8211; Noticias Totenart<\/p><\/div>\n<p>El perfil del artista que participar\u00e1 en We Are Fair son aquellos que demuestren talento pero no est\u00e9n a\u00fan consolidados en este mundo. Es necesario tener amplia experiencia y un destacado curriculum art\u00edstico para poder ser escogido para participar en We Are Fair y de ah\u00ed conseguir el billete para el \u00e9xito ;).<\/p>\n<h2>C\u00f3mo participar en We Are Fair<\/h2>\n<p>Habr\u00e1 varias modalidades de participaci\u00f3n y ser\u00e1 la organizaci\u00f3n de la Feria quien decidir\u00e1 a los artistas y galeristas que optar\u00e1n a participar.<\/p>\n<p><strong>Here We Are <\/strong>ser\u00e1 la modalidad m\u00e1s ambiciosa, la que tomar\u00e1 como espacios de exposici\u00f3n las habitaciones del Exe Central.\u00a0El precio aproximado del stand y de la habitaci\u00f3n del artista estar\u00e1 por unos 850 euros aproximadamente.<\/p>\n<div id=\"attachment_3905\" style=\"width: 850px\" class=\"wp-caption aligncenter\"><img loading=\"lazy\" decoding=\"async\" aria-describedby=\"caption-attachment-3905\" class=\"wp-image-3905 size-full\" src=\"https:\/\/totenart.com\/noticias\/wp-content\/uploads\/2015\/09\/we_are_fair_noticias_totenart-habitacion.jpg\" alt=\"we_are_fair_noticias_totenart-habitacion\" width=\"840\" height=\"460\" srcset=\"https:\/\/totenart.com\/noticias\/wp-content\/uploads\/2015\/09\/we_are_fair_noticias_totenart-habitacion.jpg 840w, https:\/\/totenart.com\/noticias\/wp-content\/uploads\/2015\/09\/we_are_fair_noticias_totenart-habitacion-300x164.jpg 300w\" sizes=\"auto, (max-width: 840px) 100vw, 840px\" \/><p id=\"caption-attachment-3905\" class=\"wp-caption-text\">Habitaci\u00f3n Exe Central, sede We Are Fair &#8211; Noticias Totenart<\/p><\/div>\n<p>Otras modalidades m\u00e1s econ\u00f3micas son <strong>It&#8217;s Me,\u00a0<\/strong>que exhibir\u00e1 las obras de colectivos;\u00a0<strong>We Are Kids,\u00a0<\/strong>que abanderar\u00e1 el talento de j\u00f3venes, ni\u00f1os y familias \u00a0y por \u00faltimo\u00a0<strong>Black on White!\u00a0<\/strong>espacio dedicado a la literatura, a libros, fanzines, autoediciones y obras escritas en general.\u00a0 En estos casos el precio de participaci\u00f3n ser\u00e1 375 euros aproximadamente.<\/p>\n<p>Si os anim\u00e1is a participar y necesit\u00e1is m\u00e1s informaci\u00f3n os dejamos aqu\u00ed el enlace a la <a href=\"http:\/\/www.wearefair.es\/?utm_source=Noticias&amp;utm_medium=Post&amp;utm_campaign=we-are-fair\" target=\"_blank\">web del proyecto<\/a>.<\/p>\n<p><img loading=\"lazy\" decoding=\"async\" class=\"aligncenter size-full wp-image-3902\" src=\"https:\/\/totenart.com\/noticias\/wp-content\/uploads\/2015\/09\/logo_we_are_fair_noticias_totenart.jpg\" alt=\"logo_we_are_fair_noticias_totenart\" width=\"146\" height=\"110\" \/><\/p>\n<p>\u00bfTe parece interesante la propuesta? \u00bfTe gusta la idea de poder tomarte algo despu\u00e9s de pasear todo el d\u00eda por ARCO y seguir con la din\u00e1mica? Com\u00e9ntanos qu\u00e9 te ha parecido y si te parece que alg\u00fan artista encaja con el perfil buscado!<\/p>\n","protected":false},"excerpt":{"rendered":"<p>Comienzan a desvelarse algunas de las miles de inc\u00f3gnitas y nuevas propuestas que acompa\u00f1ar\u00e1n a la Feria ARCO 2016. Durante la semana de ARCO, la \u00faltima de febrero, la ciudad de Madrid podr\u00e1 disfrutar de otra feria, m\u00e1s atrevida y reivindicativa para demostrar un mismo sentimiento por el arte contempor\u00e1neo. Los mismos creadores de Factor\u00eda [&hellip;]<\/p>\n","protected":false},"author":8,"featured_media":3903,"comment_status":"open","ping_status":"open","sticky":false,"template":"","format":"standard","meta":{"footnotes":""},"categories":[1],"tags":[284,424,65,79,425],"class_list":["post-3901","post","type-post","status-publish","format-standard","has-post-thumbnail","hentry","category-totenart","tag-arco","tag-arco-2016","tag-arte-contemporaneo","tag-madrid","tag-we-are-fair"],"yoast_head":"<!-- This site is optimized with the Yoast SEO plugin v27.2 - https:\/\/yoast.com\/product\/yoast-seo-wordpress\/ -->\n<title>We Are Fair, el afterwork de ARCO 2016 - Noticias de Arte Totenart<\/title>\n<meta name=\"description\" content=\"Nuevas propuestas se dar\u00e1n cita en la pr\u00f3xima edici\u00f3n de ARCO, entre ellas We Are Fair. Un espacio &quot;canalla&quot; que quiere impulsar a los nuevos artistas.\" \/>\n<meta name=\"robots\" content=\"index, follow, max-snippet:-1, max-image-preview:large, max-video-preview:-1\" \/>\n<link rel=\"canonical\" href=\"https:\/\/totenart.com\/noticias\/we-are-fair-afterwork-arco-2016\/\" \/>\n<meta property=\"og:locale\" content=\"es_ES\" \/>\n<meta property=\"og:type\" content=\"article\" \/>\n<meta property=\"og:title\" content=\"We Are Fair, el afterwork de ARCO 2016 - Noticias de Arte Totenart\" \/>\n<meta property=\"og:description\" content=\"Nuevas propuestas se dar\u00e1n cita en la pr\u00f3xima edici\u00f3n de ARCO, entre ellas We Are Fair. Un espacio &quot;canalla&quot; que quiere impulsar a los nuevos artistas.\" \/>\n<meta property=\"og:url\" content=\"https:\/\/totenart.com\/noticias\/we-are-fair-afterwork-arco-2016\/\" \/>\n<meta property=\"og:site_name\" content=\"Noticias de Arte Totenart\" \/>\n<meta property=\"article:published_time\" content=\"2015-09-18T16:28:08+00:00\" \/>\n<meta property=\"og:image\" content=\"https:\/\/totenart.com\/noticias\/wp-content\/uploads\/2015\/09\/logo_we_are_fair_noticias_totenart.png\" \/>\n\t<meta property=\"og:image:width\" content=\"942\" \/>\n\t<meta property=\"og:image:height\" content=\"350\" \/>\n\t<meta property=\"og:image:type\" content=\"image\/png\" \/>\n<meta name=\"author\" content=\"Paula\" \/>\n<meta name=\"twitter:label1\" content=\"Escrito por\" \/>\n\t<meta name=\"twitter:data1\" content=\"Paula\" \/>\n\t<meta name=\"twitter:label2\" content=\"Tiempo de lectura\" \/>\n\t<meta name=\"twitter:data2\" content=\"2 minutos\" \/>\n<script type=\"application\/ld+json\" class=\"yoast-schema-graph\">{\"@context\":\"https:\/\/schema.org\",\"@graph\":[{\"@type\":\"Article\",\"@id\":\"https:\/\/totenart.com\/noticias\/we-are-fair-afterwork-arco-2016\/#article\",\"isPartOf\":{\"@id\":\"https:\/\/totenart.com\/noticias\/we-are-fair-afterwork-arco-2016\/\"},\"author\":{\"name\":\"Paula\",\"@id\":\"https:\/\/totenart.com\/noticias\/#\/schema\/person\/39b435d7a88c1b1341476fefcf6d13cb\"},\"headline\":\"We Are Fair, el afterwork de ARCO 2016\",\"datePublished\":\"2015-09-18T16:28:08+00:00\",\"mainEntityOfPage\":{\"@id\":\"https:\/\/totenart.com\/noticias\/we-are-fair-afterwork-arco-2016\/\"},\"wordCount\":488,\"commentCount\":0,\"image\":{\"@id\":\"https:\/\/totenart.com\/noticias\/we-are-fair-afterwork-arco-2016\/#primaryimage\"},\"thumbnailUrl\":\"https:\/\/totenart.com\/noticias\/wp-content\/uploads\/2015\/09\/logo_we_are_fair_noticias_totenart.png\",\"keywords\":[\"ARCO\",\"ARCO 2016\",\"arte contempor\u00e1neo\",\"Madrid\",\"We Are Fair\"],\"articleSection\":[\"Totenart\"],\"inLanguage\":\"es\",\"potentialAction\":[{\"@type\":\"CommentAction\",\"name\":\"Comment\",\"target\":[\"https:\/\/totenart.com\/noticias\/we-are-fair-afterwork-arco-2016\/#respond\"]}]},{\"@type\":\"WebPage\",\"@id\":\"https:\/\/totenart.com\/noticias\/we-are-fair-afterwork-arco-2016\/\",\"url\":\"https:\/\/totenart.com\/noticias\/we-are-fair-afterwork-arco-2016\/\",\"name\":\"We Are Fair, el afterwork de ARCO 2016 - Noticias de Arte Totenart\",\"isPartOf\":{\"@id\":\"https:\/\/totenart.com\/noticias\/#website\"},\"primaryImageOfPage\":{\"@id\":\"https:\/\/totenart.com\/noticias\/we-are-fair-afterwork-arco-2016\/#primaryimage\"},\"image\":{\"@id\":\"https:\/\/totenart.com\/noticias\/we-are-fair-afterwork-arco-2016\/#primaryimage\"},\"thumbnailUrl\":\"https:\/\/totenart.com\/noticias\/wp-content\/uploads\/2015\/09\/logo_we_are_fair_noticias_totenart.png\",\"datePublished\":\"2015-09-18T16:28:08+00:00\",\"author\":{\"@id\":\"https:\/\/totenart.com\/noticias\/#\/schema\/person\/39b435d7a88c1b1341476fefcf6d13cb\"},\"description\":\"Nuevas propuestas se dar\u00e1n cita en la pr\u00f3xima edici\u00f3n de ARCO, entre ellas We Are Fair. Un espacio \\\"canalla\\\" que quiere impulsar a los nuevos artistas.\",\"breadcrumb\":{\"@id\":\"https:\/\/totenart.com\/noticias\/we-are-fair-afterwork-arco-2016\/#breadcrumb\"},\"inLanguage\":\"es\",\"potentialAction\":[{\"@type\":\"ReadAction\",\"target\":[\"https:\/\/totenart.com\/noticias\/we-are-fair-afterwork-arco-2016\/\"]}]},{\"@type\":\"ImageObject\",\"inLanguage\":\"es\",\"@id\":\"https:\/\/totenart.com\/noticias\/we-are-fair-afterwork-arco-2016\/#primaryimage\",\"url\":\"https:\/\/totenart.com\/noticias\/wp-content\/uploads\/2015\/09\/logo_we_are_fair_noticias_totenart.png\",\"contentUrl\":\"https:\/\/totenart.com\/noticias\/wp-content\/uploads\/2015\/09\/logo_we_are_fair_noticias_totenart.png\",\"width\":942,\"height\":350,\"caption\":\"logo_we_are_fair_noticias_totenart\"},{\"@type\":\"BreadcrumbList\",\"@id\":\"https:\/\/totenart.com\/noticias\/we-are-fair-afterwork-arco-2016\/#breadcrumb\",\"itemListElement\":[{\"@type\":\"ListItem\",\"position\":1,\"name\":\"Portada\",\"item\":\"https:\/\/totenart.com\/noticias\/\"},{\"@type\":\"ListItem\",\"position\":2,\"name\":\"We Are Fair, el afterwork de ARCO 2016\"}]},{\"@type\":\"WebSite\",\"@id\":\"https:\/\/totenart.com\/noticias\/#website\",\"url\":\"https:\/\/totenart.com\/noticias\/\",\"name\":\"Noticias de Arte Totenart\",\"description\":\"Blog de noticias del mundo del arte: exposiciones, eventos, nuevos productos y materiales para artistas...\",\"potentialAction\":[{\"@type\":\"SearchAction\",\"target\":{\"@type\":\"EntryPoint\",\"urlTemplate\":\"https:\/\/totenart.com\/noticias\/?s={search_term_string}\"},\"query-input\":{\"@type\":\"PropertyValueSpecification\",\"valueRequired\":true,\"valueName\":\"search_term_string\"}}],\"inLanguage\":\"es\"},{\"@type\":\"Person\",\"@id\":\"https:\/\/totenart.com\/noticias\/#\/schema\/person\/39b435d7a88c1b1341476fefcf6d13cb\",\"name\":\"Paula\",\"image\":{\"@type\":\"ImageObject\",\"inLanguage\":\"es\",\"@id\":\"https:\/\/secure.gravatar.com\/avatar\/22d05c4209e1e337a4699d4a6816e571216746fa18a9406152971ce58951aa83?s=96&d=blank&r=r\",\"url\":\"https:\/\/secure.gravatar.com\/avatar\/22d05c4209e1e337a4699d4a6816e571216746fa18a9406152971ce58951aa83?s=96&d=blank&r=r\",\"contentUrl\":\"https:\/\/secure.gravatar.com\/avatar\/22d05c4209e1e337a4699d4a6816e571216746fa18a9406152971ce58951aa83?s=96&d=blank&r=r\",\"caption\":\"Paula\"},\"url\":\"https:\/\/totenart.com\/noticias\/author\/paula-herraiz\/\"}]}<\/script>\n<!-- \/ Yoast SEO plugin. -->","yoast_head_json":{"title":"We Are Fair, el afterwork de ARCO 2016 - Noticias de Arte Totenart","description":"Nuevas propuestas se dar\u00e1n cita en la pr\u00f3xima edici\u00f3n de ARCO, entre ellas We Are Fair. Un espacio \"canalla\" que quiere impulsar a los nuevos artistas.","robots":{"index":"index","follow":"follow","max-snippet":"max-snippet:-1","max-image-preview":"max-image-preview:large","max-video-preview":"max-video-preview:-1"},"canonical":"https:\/\/totenart.com\/noticias\/we-are-fair-afterwork-arco-2016\/","og_locale":"es_ES","og_type":"article","og_title":"We Are Fair, el afterwork de ARCO 2016 - Noticias de Arte Totenart","og_description":"Nuevas propuestas se dar\u00e1n cita en la pr\u00f3xima edici\u00f3n de ARCO, entre ellas We Are Fair. Un espacio \"canalla\" que quiere impulsar a los nuevos artistas.","og_url":"https:\/\/totenart.com\/noticias\/we-are-fair-afterwork-arco-2016\/","og_site_name":"Noticias de Arte Totenart","article_published_time":"2015-09-18T16:28:08+00:00","og_image":[{"width":942,"height":350,"url":"https:\/\/totenart.com\/noticias\/wp-content\/uploads\/2015\/09\/logo_we_are_fair_noticias_totenart.png","type":"image\/png"}],"author":"Paula","twitter_misc":{"Escrito por":"Paula","Tiempo de lectura":"2 minutos"},"schema":{"@context":"https:\/\/schema.org","@graph":[{"@type":"Article","@id":"https:\/\/totenart.com\/noticias\/we-are-fair-afterwork-arco-2016\/#article","isPartOf":{"@id":"https:\/\/totenart.com\/noticias\/we-are-fair-afterwork-arco-2016\/"},"author":{"name":"Paula","@id":"https:\/\/totenart.com\/noticias\/#\/schema\/person\/39b435d7a88c1b1341476fefcf6d13cb"},"headline":"We Are Fair, el afterwork de ARCO 2016","datePublished":"2015-09-18T16:28:08+00:00","mainEntityOfPage":{"@id":"https:\/\/totenart.com\/noticias\/we-are-fair-afterwork-arco-2016\/"},"wordCount":488,"commentCount":0,"image":{"@id":"https:\/\/totenart.com\/noticias\/we-are-fair-afterwork-arco-2016\/#primaryimage"},"thumbnailUrl":"https:\/\/totenart.com\/noticias\/wp-content\/uploads\/2015\/09\/logo_we_are_fair_noticias_totenart.png","keywords":["ARCO","ARCO 2016","arte contempor\u00e1neo","Madrid","We Are Fair"],"articleSection":["Totenart"],"inLanguage":"es","potentialAction":[{"@type":"CommentAction","name":"Comment","target":["https:\/\/totenart.com\/noticias\/we-are-fair-afterwork-arco-2016\/#respond"]}]},{"@type":"WebPage","@id":"https:\/\/totenart.com\/noticias\/we-are-fair-afterwork-arco-2016\/","url":"https:\/\/totenart.com\/noticias\/we-are-fair-afterwork-arco-2016\/","name":"We Are Fair, el afterwork de ARCO 2016 - Noticias de Arte Totenart","isPartOf":{"@id":"https:\/\/totenart.com\/noticias\/#website"},"primaryImageOfPage":{"@id":"https:\/\/totenart.com\/noticias\/we-are-fair-afterwork-arco-2016\/#primaryimage"},"image":{"@id":"https:\/\/totenart.com\/noticias\/we-are-fair-afterwork-arco-2016\/#primaryimage"},"thumbnailUrl":"https:\/\/totenart.com\/noticias\/wp-content\/uploads\/2015\/09\/logo_we_are_fair_noticias_totenart.png","datePublished":"2015-09-18T16:28:08+00:00","author":{"@id":"https:\/\/totenart.com\/noticias\/#\/schema\/person\/39b435d7a88c1b1341476fefcf6d13cb"},"description":"Nuevas propuestas se dar\u00e1n cita en la pr\u00f3xima edici\u00f3n de ARCO, entre ellas We Are Fair. Un espacio \"canalla\" que quiere impulsar a los nuevos artistas.","breadcrumb":{"@id":"https:\/\/totenart.com\/noticias\/we-are-fair-afterwork-arco-2016\/#breadcrumb"},"inLanguage":"es","potentialAction":[{"@type":"ReadAction","target":["https:\/\/totenart.com\/noticias\/we-are-fair-afterwork-arco-2016\/"]}]},{"@type":"ImageObject","inLanguage":"es","@id":"https:\/\/totenart.com\/noticias\/we-are-fair-afterwork-arco-2016\/#primaryimage","url":"https:\/\/totenart.com\/noticias\/wp-content\/uploads\/2015\/09\/logo_we_are_fair_noticias_totenart.png","contentUrl":"https:\/\/totenart.com\/noticias\/wp-content\/uploads\/2015\/09\/logo_we_are_fair_noticias_totenart.png","width":942,"height":350,"caption":"logo_we_are_fair_noticias_totenart"},{"@type":"BreadcrumbList","@id":"https:\/\/totenart.com\/noticias\/we-are-fair-afterwork-arco-2016\/#breadcrumb","itemListElement":[{"@type":"ListItem","position":1,"name":"Portada","item":"https:\/\/totenart.com\/noticias\/"},{"@type":"ListItem","position":2,"name":"We Are Fair, el afterwork de ARCO 2016"}]},{"@type":"WebSite","@id":"https:\/\/totenart.com\/noticias\/#website","url":"https:\/\/totenart.com\/noticias\/","name":"Noticias de Arte Totenart","description":"Blog de noticias del mundo del arte: exposiciones, eventos, nuevos productos y materiales para artistas...","potentialAction":[{"@type":"SearchAction","target":{"@type":"EntryPoint","urlTemplate":"https:\/\/totenart.com\/noticias\/?s={search_term_string}"},"query-input":{"@type":"PropertyValueSpecification","valueRequired":true,"valueName":"search_term_string"}}],"inLanguage":"es"},{"@type":"Person","@id":"https:\/\/totenart.com\/noticias\/#\/schema\/person\/39b435d7a88c1b1341476fefcf6d13cb","name":"Paula","image":{"@type":"ImageObject","inLanguage":"es","@id":"https:\/\/secure.gravatar.com\/avatar\/22d05c4209e1e337a4699d4a6816e571216746fa18a9406152971ce58951aa83?s=96&d=blank&r=r","url":"https:\/\/secure.gravatar.com\/avatar\/22d05c4209e1e337a4699d4a6816e571216746fa18a9406152971ce58951aa83?s=96&d=blank&r=r","contentUrl":"https:\/\/secure.gravatar.com\/avatar\/22d05c4209e1e337a4699d4a6816e571216746fa18a9406152971ce58951aa83?s=96&d=blank&r=r","caption":"Paula"},"url":"https:\/\/totenart.com\/noticias\/author\/paula-herraiz\/"}]}},"_links":{"self":[{"href":"https:\/\/totenart.com\/noticias\/wp-json\/wp\/v2\/posts\/3901","targetHints":{"allow":["GET"]}}],"collection":[{"href":"https:\/\/totenart.com\/noticias\/wp-json\/wp\/v2\/posts"}],"about":[{"href":"https:\/\/totenart.com\/noticias\/wp-json\/wp\/v2\/types\/post"}],"author":[{"embeddable":true,"href":"https:\/\/totenart.com\/noticias\/wp-json\/wp\/v2\/users\/8"}],"replies":[{"embeddable":true,"href":"https:\/\/totenart.com\/noticias\/wp-json\/wp\/v2\/comments?post=3901"}],"version-history":[{"count":0,"href":"https:\/\/totenart.com\/noticias\/wp-json\/wp\/v2\/posts\/3901\/revisions"}],"wp:featuredmedia":[{"embeddable":true,"href":"https:\/\/totenart.com\/noticias\/wp-json\/wp\/v2\/media\/3903"}],"wp:attachment":[{"href":"https:\/\/totenart.com\/noticias\/wp-json\/wp\/v2\/media?parent=3901"}],"wp:term":[{"taxonomy":"category","embeddable":true,"href":"https:\/\/totenart.com\/noticias\/wp-json\/wp\/v2\/categories?post=3901"},{"taxonomy":"post_tag","embeddable":true,"href":"https:\/\/totenart.com\/noticias\/wp-json\/wp\/v2\/tags?post=3901"}],"curies":[{"name":"wp","href":"https:\/\/api.w.org\/{rel}","templated":true}]}}