



{"id":3957,"date":"2015-10-07T20:46:19","date_gmt":"2015-10-07T18:46:19","guid":{"rendered":"http:\/\/totenart.com\/noticias\/?p=3957"},"modified":"2015-10-07T20:46:19","modified_gmt":"2015-10-07T18:46:19","slug":"la-national-gallery-acoge-a-goya","status":"publish","type":"post","link":"https:\/\/totenart.com\/noticias\/la-national-gallery-acoge-a-goya\/","title":{"rendered":"La National Gallery acoge a Goya"},"content":{"rendered":"<p>Desde sus primeros retratos de corte hasta sus \u00faltimas etapas,\u00a070 retratos de Francisco de Goya se exponen en la National Gallery de Londres hasta el pr\u00f3ximo 10 de Enero.<\/p>\n<p>La exposici\u00f3n, comisariada por Xavier Bray explica que esta retrospectiva es una manera de viajar a lo largo de su vida a trav\u00e9s de lo que los recuadros nos cuentan sobre Goya, de hecho, en sus declaraciones hac\u00eda un simil como si se estuviera entrevistando a cada un o de los personajes.<\/p>\n<p><img loading=\"lazy\" decoding=\"async\" class=\"aligncenter size-large wp-image-3959\" src=\"https:\/\/totenart.com\/noticias\/wp-content\/uploads\/2015\/10\/francisco-goya-aytoratrato-national-gallery-noticia-totenart-776x1024.jpg\" alt=\"francisco-goya-aytoratrato-national-gallery-noticia-totenart\" width=\"776\" height=\"1024\" srcset=\"https:\/\/totenart.com\/noticias\/wp-content\/uploads\/2015\/10\/francisco-goya-aytoratrato-national-gallery-noticia-totenart-776x1024.jpg 776w, https:\/\/totenart.com\/noticias\/wp-content\/uploads\/2015\/10\/francisco-goya-aytoratrato-national-gallery-noticia-totenart-227x300.jpg 227w, https:\/\/totenart.com\/noticias\/wp-content\/uploads\/2015\/10\/francisco-goya-aytoratrato-national-gallery-noticia-totenart.jpg 944w\" sizes=\"auto, (max-width: 776px) 100vw, 776px\" \/><\/p>\n<p>Goya: the portraits (Goya: Los retratos) parece como una de las colecciones m\u00e1s importants e interesnates que se conocen de la obra del pintor. La totalidad de su legado acumula al rededor de 150 obras, de las cuales 70 se van a dar cita en esta muestra. \u00a0Muchas de estas obras tienen su casa permanente en museos espa\u00f1oles que han cedido tales lienzos para la ocasi\u00f3n.<\/p>\n<p><img loading=\"lazy\" decoding=\"async\" class=\"aligncenter size-large wp-image-3960\" src=\"https:\/\/totenart.com\/noticias\/wp-content\/uploads\/2015\/10\/francisco-goya-national-gallery-noticia-totenart-659x1024.jpg\" alt=\"francisco-goya-national-gallery-noticia-totenart\" width=\"659\" height=\"1024\" srcset=\"https:\/\/totenart.com\/noticias\/wp-content\/uploads\/2015\/10\/francisco-goya-national-gallery-noticia-totenart-659x1024.jpg 659w, https:\/\/totenart.com\/noticias\/wp-content\/uploads\/2015\/10\/francisco-goya-national-gallery-noticia-totenart-193x300.jpg 193w, https:\/\/totenart.com\/noticias\/wp-content\/uploads\/2015\/10\/francisco-goya-national-gallery-noticia-totenart.jpg 901w\" sizes=\"auto, (max-width: 659px) 100vw, 659px\" \/><\/p>\n<p>Los retratos, entre ellos alg\u00fan autoretrato, permiten conocer no s\u00f3lo m\u00e1s cuestiones sobre los trazos del navarro, si no que tambi\u00e9n ha permitido conocer el grado de compromiso que Goya tomaba para cada obra. El pintor siempre se esforz\u00f3 por conocer a sus retratados, cuesti\u00f3n que le permit\u00eda ser m\u00e1s consciente de los peque\u00f1os detalles de cada personalidad para poder plasmar toda su esencia en el lienzo.<\/p>\n<p>De entre todas las obras destaca el retrato que Goya pint\u00f3 en 1797 para la Duquesa de Alba, el a\u00f1o posterior a la muerte del Duque. La Duquesa fue una de las grandes musas del pintor, por ello es uno de los cuadros m\u00e1s especiales y destacados de esta muestra.<\/p>\n<p><img loading=\"lazy\" decoding=\"async\" class=\"aligncenter size-large wp-image-3958\" src=\"https:\/\/totenart.com\/noticias\/wp-content\/uploads\/2015\/10\/duquesa-alba-francisco-goya-national-gallery-noticia-totenart-698x1024.jpg\" alt=\"duquesa-alba-francisco-goya-national-gallery-noticia-totenart\" width=\"698\" height=\"1024\" srcset=\"https:\/\/totenart.com\/noticias\/wp-content\/uploads\/2015\/10\/duquesa-alba-francisco-goya-national-gallery-noticia-totenart-698x1024.jpg 698w, https:\/\/totenart.com\/noticias\/wp-content\/uploads\/2015\/10\/duquesa-alba-francisco-goya-national-gallery-noticia-totenart-204x300.jpg 204w, https:\/\/totenart.com\/noticias\/wp-content\/uploads\/2015\/10\/duquesa-alba-francisco-goya-national-gallery-noticia-totenart.jpg 944w\" sizes=\"auto, (max-width: 698px) 100vw, 698px\" \/><\/p>\n<p>Si est\u00e1is por Londres, o ten\u00e9is la oportunidad de acercaros a la National Gallery&#8230; reservar un par de horas en vuestra agenda para poder ver con detenimiento este precioso y complet\u00edsimo museo y, por supuesto&#8230; para poder disfrutar de todas y cada una de las obras de esta excepcional colecci\u00f3n de Goya.<\/p>\n<p><a href=\"http:\/\/totenart.com\/noticias\/wp-content\/uploads\/2015\/10\/goya-national-gallery-noticia-totenart.jpg\"><img loading=\"lazy\" decoding=\"async\" class=\"aligncenter size-large wp-image-3961\" src=\"https:\/\/totenart.com\/noticias\/wp-content\/uploads\/2015\/10\/goya-national-gallery-noticia-totenart-755x1024.jpg\" alt=\"goya-national-gallery-noticia-totenart\" width=\"755\" height=\"1024\" srcset=\"https:\/\/totenart.com\/noticias\/wp-content\/uploads\/2015\/10\/goya-national-gallery-noticia-totenart-755x1024.jpg 755w, https:\/\/totenart.com\/noticias\/wp-content\/uploads\/2015\/10\/goya-national-gallery-noticia-totenart-221x300.jpg 221w, https:\/\/totenart.com\/noticias\/wp-content\/uploads\/2015\/10\/goya-national-gallery-noticia-totenart.jpg 944w\" sizes=\"auto, (max-width: 755px) 100vw, 755px\" \/><\/a><\/p>\n<p>Si la visit\u00e1is, comentarnos qu\u00e9 os ha parecido y si se la recomendar\u00edais a alguien m\u00e1s.<\/p>\n","protected":false},"excerpt":{"rendered":"<p>Desde sus primeros retratos de corte hasta sus \u00faltimas etapas,\u00a070 retratos de Francisco de Goya se exponen en la National Gallery de Londres hasta el pr\u00f3ximo 10 de Enero. La exposici\u00f3n, comisariada por Xavier Bray explica que esta retrospectiva es una manera de viajar a lo largo de su vida a trav\u00e9s de lo que [&hellip;]<\/p>\n","protected":false},"author":8,"featured_media":3959,"comment_status":"open","ping_status":"open","sticky":false,"template":"","format":"standard","meta":{"footnotes":""},"categories":[1],"tags":[132,440,228,442,441,218],"class_list":["post-3957","post","type-post","status-publish","format-standard","has-post-thumbnail","hentry","category-totenart","tag-exposicion","tag-francisco-goya","tag-goya","tag-londres","tag-national-gallery","tag-pintor"],"yoast_head":"<!-- This site is optimized with the Yoast SEO plugin v27.2 - https:\/\/yoast.com\/product\/yoast-seo-wordpress\/ -->\n<title>La National Gallery acoge a Goya - Noticias de Arte Totenart<\/title>\n<meta name=\"description\" content=\"Tres siglos despu\u00e9s, Francisco de Goya sigue despertando gran inter\u00e9s en todo el mundo. En esta ocasi\u00f3n, la National Gallery (Londres) rinde homenaje a Goya\" \/>\n<meta name=\"robots\" content=\"index, follow, max-snippet:-1, max-image-preview:large, max-video-preview:-1\" \/>\n<link rel=\"canonical\" href=\"https:\/\/totenart.com\/noticias\/la-national-gallery-acoge-a-goya\/\" \/>\n<meta property=\"og:locale\" content=\"es_ES\" \/>\n<meta property=\"og:type\" content=\"article\" \/>\n<meta property=\"og:title\" content=\"La National Gallery acoge a Goya - Noticias de Arte Totenart\" \/>\n<meta property=\"og:description\" content=\"Tres siglos despu\u00e9s, Francisco de Goya sigue despertando gran inter\u00e9s en todo el mundo. En esta ocasi\u00f3n, la National Gallery (Londres) rinde homenaje a Goya\" \/>\n<meta property=\"og:url\" content=\"https:\/\/totenart.com\/noticias\/la-national-gallery-acoge-a-goya\/\" \/>\n<meta property=\"og:site_name\" content=\"Noticias de Arte Totenart\" \/>\n<meta property=\"article:published_time\" content=\"2015-10-07T18:46:19+00:00\" \/>\n<meta property=\"og:image\" content=\"https:\/\/totenart.com\/noticias\/wp-content\/uploads\/2015\/10\/francisco-goya-aytoratrato-national-gallery-noticia-totenart.jpg\" \/>\n\t<meta property=\"og:image:width\" content=\"944\" \/>\n\t<meta property=\"og:image:height\" content=\"1245\" \/>\n\t<meta property=\"og:image:type\" content=\"image\/jpeg\" \/>\n<meta name=\"author\" content=\"Paula\" \/>\n<meta name=\"twitter:label1\" content=\"Escrito por\" \/>\n\t<meta name=\"twitter:data1\" content=\"Paula\" \/>\n\t<meta name=\"twitter:label2\" content=\"Tiempo de lectura\" \/>\n\t<meta name=\"twitter:data2\" content=\"2 minutos\" \/>\n<script type=\"application\/ld+json\" class=\"yoast-schema-graph\">{\"@context\":\"https:\/\/schema.org\",\"@graph\":[{\"@type\":\"Article\",\"@id\":\"https:\/\/totenart.com\/noticias\/la-national-gallery-acoge-a-goya\/#article\",\"isPartOf\":{\"@id\":\"https:\/\/totenart.com\/noticias\/la-national-gallery-acoge-a-goya\/\"},\"author\":{\"name\":\"Paula\",\"@id\":\"https:\/\/totenart.com\/noticias\/#\/schema\/person\/39b435d7a88c1b1341476fefcf6d13cb\"},\"headline\":\"La National Gallery acoge a Goya\",\"datePublished\":\"2015-10-07T18:46:19+00:00\",\"mainEntityOfPage\":{\"@id\":\"https:\/\/totenart.com\/noticias\/la-national-gallery-acoge-a-goya\/\"},\"wordCount\":358,\"commentCount\":0,\"image\":{\"@id\":\"https:\/\/totenart.com\/noticias\/la-national-gallery-acoge-a-goya\/#primaryimage\"},\"thumbnailUrl\":\"https:\/\/totenart.com\/noticias\/wp-content\/uploads\/2015\/10\/francisco-goya-aytoratrato-national-gallery-noticia-totenart.jpg\",\"keywords\":[\"exposici\u00f3n\",\"francisco goya\",\"goya\",\"londres\",\"national gallery\",\"pintor\"],\"articleSection\":[\"Totenart\"],\"inLanguage\":\"es\",\"potentialAction\":[{\"@type\":\"CommentAction\",\"name\":\"Comment\",\"target\":[\"https:\/\/totenart.com\/noticias\/la-national-gallery-acoge-a-goya\/#respond\"]}]},{\"@type\":\"WebPage\",\"@id\":\"https:\/\/totenart.com\/noticias\/la-national-gallery-acoge-a-goya\/\",\"url\":\"https:\/\/totenart.com\/noticias\/la-national-gallery-acoge-a-goya\/\",\"name\":\"La National Gallery acoge a Goya - Noticias de Arte Totenart\",\"isPartOf\":{\"@id\":\"https:\/\/totenart.com\/noticias\/#website\"},\"primaryImageOfPage\":{\"@id\":\"https:\/\/totenart.com\/noticias\/la-national-gallery-acoge-a-goya\/#primaryimage\"},\"image\":{\"@id\":\"https:\/\/totenart.com\/noticias\/la-national-gallery-acoge-a-goya\/#primaryimage\"},\"thumbnailUrl\":\"https:\/\/totenart.com\/noticias\/wp-content\/uploads\/2015\/10\/francisco-goya-aytoratrato-national-gallery-noticia-totenart.jpg\",\"datePublished\":\"2015-10-07T18:46:19+00:00\",\"author\":{\"@id\":\"https:\/\/totenart.com\/noticias\/#\/schema\/person\/39b435d7a88c1b1341476fefcf6d13cb\"},\"description\":\"Tres siglos despu\u00e9s, Francisco de Goya sigue despertando gran inter\u00e9s en todo el mundo. En esta ocasi\u00f3n, la National Gallery (Londres) rinde homenaje a Goya\",\"breadcrumb\":{\"@id\":\"https:\/\/totenart.com\/noticias\/la-national-gallery-acoge-a-goya\/#breadcrumb\"},\"inLanguage\":\"es\",\"potentialAction\":[{\"@type\":\"ReadAction\",\"target\":[\"https:\/\/totenart.com\/noticias\/la-national-gallery-acoge-a-goya\/\"]}]},{\"@type\":\"ImageObject\",\"inLanguage\":\"es\",\"@id\":\"https:\/\/totenart.com\/noticias\/la-national-gallery-acoge-a-goya\/#primaryimage\",\"url\":\"https:\/\/totenart.com\/noticias\/wp-content\/uploads\/2015\/10\/francisco-goya-aytoratrato-national-gallery-noticia-totenart.jpg\",\"contentUrl\":\"https:\/\/totenart.com\/noticias\/wp-content\/uploads\/2015\/10\/francisco-goya-aytoratrato-national-gallery-noticia-totenart.jpg\",\"width\":944,\"height\":1245,\"caption\":\"francisco-goya-aytoratrato-national-gallery-noticia-totenart\"},{\"@type\":\"BreadcrumbList\",\"@id\":\"https:\/\/totenart.com\/noticias\/la-national-gallery-acoge-a-goya\/#breadcrumb\",\"itemListElement\":[{\"@type\":\"ListItem\",\"position\":1,\"name\":\"Portada\",\"item\":\"https:\/\/totenart.com\/noticias\/\"},{\"@type\":\"ListItem\",\"position\":2,\"name\":\"La National Gallery acoge a Goya\"}]},{\"@type\":\"WebSite\",\"@id\":\"https:\/\/totenart.com\/noticias\/#website\",\"url\":\"https:\/\/totenart.com\/noticias\/\",\"name\":\"Noticias de Arte Totenart\",\"description\":\"Blog de noticias del mundo del arte: exposiciones, eventos, nuevos productos y materiales para artistas...\",\"potentialAction\":[{\"@type\":\"SearchAction\",\"target\":{\"@type\":\"EntryPoint\",\"urlTemplate\":\"https:\/\/totenart.com\/noticias\/?s={search_term_string}\"},\"query-input\":{\"@type\":\"PropertyValueSpecification\",\"valueRequired\":true,\"valueName\":\"search_term_string\"}}],\"inLanguage\":\"es\"},{\"@type\":\"Person\",\"@id\":\"https:\/\/totenart.com\/noticias\/#\/schema\/person\/39b435d7a88c1b1341476fefcf6d13cb\",\"name\":\"Paula\",\"image\":{\"@type\":\"ImageObject\",\"inLanguage\":\"es\",\"@id\":\"https:\/\/secure.gravatar.com\/avatar\/22d05c4209e1e337a4699d4a6816e571216746fa18a9406152971ce58951aa83?s=96&d=blank&r=r\",\"url\":\"https:\/\/secure.gravatar.com\/avatar\/22d05c4209e1e337a4699d4a6816e571216746fa18a9406152971ce58951aa83?s=96&d=blank&r=r\",\"contentUrl\":\"https:\/\/secure.gravatar.com\/avatar\/22d05c4209e1e337a4699d4a6816e571216746fa18a9406152971ce58951aa83?s=96&d=blank&r=r\",\"caption\":\"Paula\"},\"url\":\"https:\/\/totenart.com\/noticias\/author\/paula-herraiz\/\"}]}<\/script>\n<!-- \/ Yoast SEO plugin. -->","yoast_head_json":{"title":"La National Gallery acoge a Goya - Noticias de Arte Totenart","description":"Tres siglos despu\u00e9s, Francisco de Goya sigue despertando gran inter\u00e9s en todo el mundo. En esta ocasi\u00f3n, la National Gallery (Londres) rinde homenaje a Goya","robots":{"index":"index","follow":"follow","max-snippet":"max-snippet:-1","max-image-preview":"max-image-preview:large","max-video-preview":"max-video-preview:-1"},"canonical":"https:\/\/totenart.com\/noticias\/la-national-gallery-acoge-a-goya\/","og_locale":"es_ES","og_type":"article","og_title":"La National Gallery acoge a Goya - Noticias de Arte Totenart","og_description":"Tres siglos despu\u00e9s, Francisco de Goya sigue despertando gran inter\u00e9s en todo el mundo. En esta ocasi\u00f3n, la National Gallery (Londres) rinde homenaje a Goya","og_url":"https:\/\/totenart.com\/noticias\/la-national-gallery-acoge-a-goya\/","og_site_name":"Noticias de Arte Totenart","article_published_time":"2015-10-07T18:46:19+00:00","og_image":[{"width":944,"height":1245,"url":"https:\/\/totenart.com\/noticias\/wp-content\/uploads\/2015\/10\/francisco-goya-aytoratrato-national-gallery-noticia-totenart.jpg","type":"image\/jpeg"}],"author":"Paula","twitter_misc":{"Escrito por":"Paula","Tiempo de lectura":"2 minutos"},"schema":{"@context":"https:\/\/schema.org","@graph":[{"@type":"Article","@id":"https:\/\/totenart.com\/noticias\/la-national-gallery-acoge-a-goya\/#article","isPartOf":{"@id":"https:\/\/totenart.com\/noticias\/la-national-gallery-acoge-a-goya\/"},"author":{"name":"Paula","@id":"https:\/\/totenart.com\/noticias\/#\/schema\/person\/39b435d7a88c1b1341476fefcf6d13cb"},"headline":"La National Gallery acoge a Goya","datePublished":"2015-10-07T18:46:19+00:00","mainEntityOfPage":{"@id":"https:\/\/totenart.com\/noticias\/la-national-gallery-acoge-a-goya\/"},"wordCount":358,"commentCount":0,"image":{"@id":"https:\/\/totenart.com\/noticias\/la-national-gallery-acoge-a-goya\/#primaryimage"},"thumbnailUrl":"https:\/\/totenart.com\/noticias\/wp-content\/uploads\/2015\/10\/francisco-goya-aytoratrato-national-gallery-noticia-totenart.jpg","keywords":["exposici\u00f3n","francisco goya","goya","londres","national gallery","pintor"],"articleSection":["Totenart"],"inLanguage":"es","potentialAction":[{"@type":"CommentAction","name":"Comment","target":["https:\/\/totenart.com\/noticias\/la-national-gallery-acoge-a-goya\/#respond"]}]},{"@type":"WebPage","@id":"https:\/\/totenart.com\/noticias\/la-national-gallery-acoge-a-goya\/","url":"https:\/\/totenart.com\/noticias\/la-national-gallery-acoge-a-goya\/","name":"La National Gallery acoge a Goya - Noticias de Arte Totenart","isPartOf":{"@id":"https:\/\/totenart.com\/noticias\/#website"},"primaryImageOfPage":{"@id":"https:\/\/totenart.com\/noticias\/la-national-gallery-acoge-a-goya\/#primaryimage"},"image":{"@id":"https:\/\/totenart.com\/noticias\/la-national-gallery-acoge-a-goya\/#primaryimage"},"thumbnailUrl":"https:\/\/totenart.com\/noticias\/wp-content\/uploads\/2015\/10\/francisco-goya-aytoratrato-national-gallery-noticia-totenart.jpg","datePublished":"2015-10-07T18:46:19+00:00","author":{"@id":"https:\/\/totenart.com\/noticias\/#\/schema\/person\/39b435d7a88c1b1341476fefcf6d13cb"},"description":"Tres siglos despu\u00e9s, Francisco de Goya sigue despertando gran inter\u00e9s en todo el mundo. En esta ocasi\u00f3n, la National Gallery (Londres) rinde homenaje a Goya","breadcrumb":{"@id":"https:\/\/totenart.com\/noticias\/la-national-gallery-acoge-a-goya\/#breadcrumb"},"inLanguage":"es","potentialAction":[{"@type":"ReadAction","target":["https:\/\/totenart.com\/noticias\/la-national-gallery-acoge-a-goya\/"]}]},{"@type":"ImageObject","inLanguage":"es","@id":"https:\/\/totenart.com\/noticias\/la-national-gallery-acoge-a-goya\/#primaryimage","url":"https:\/\/totenart.com\/noticias\/wp-content\/uploads\/2015\/10\/francisco-goya-aytoratrato-national-gallery-noticia-totenart.jpg","contentUrl":"https:\/\/totenart.com\/noticias\/wp-content\/uploads\/2015\/10\/francisco-goya-aytoratrato-national-gallery-noticia-totenart.jpg","width":944,"height":1245,"caption":"francisco-goya-aytoratrato-national-gallery-noticia-totenart"},{"@type":"BreadcrumbList","@id":"https:\/\/totenart.com\/noticias\/la-national-gallery-acoge-a-goya\/#breadcrumb","itemListElement":[{"@type":"ListItem","position":1,"name":"Portada","item":"https:\/\/totenart.com\/noticias\/"},{"@type":"ListItem","position":2,"name":"La National Gallery acoge a Goya"}]},{"@type":"WebSite","@id":"https:\/\/totenart.com\/noticias\/#website","url":"https:\/\/totenart.com\/noticias\/","name":"Noticias de Arte Totenart","description":"Blog de noticias del mundo del arte: exposiciones, eventos, nuevos productos y materiales para artistas...","potentialAction":[{"@type":"SearchAction","target":{"@type":"EntryPoint","urlTemplate":"https:\/\/totenart.com\/noticias\/?s={search_term_string}"},"query-input":{"@type":"PropertyValueSpecification","valueRequired":true,"valueName":"search_term_string"}}],"inLanguage":"es"},{"@type":"Person","@id":"https:\/\/totenart.com\/noticias\/#\/schema\/person\/39b435d7a88c1b1341476fefcf6d13cb","name":"Paula","image":{"@type":"ImageObject","inLanguage":"es","@id":"https:\/\/secure.gravatar.com\/avatar\/22d05c4209e1e337a4699d4a6816e571216746fa18a9406152971ce58951aa83?s=96&d=blank&r=r","url":"https:\/\/secure.gravatar.com\/avatar\/22d05c4209e1e337a4699d4a6816e571216746fa18a9406152971ce58951aa83?s=96&d=blank&r=r","contentUrl":"https:\/\/secure.gravatar.com\/avatar\/22d05c4209e1e337a4699d4a6816e571216746fa18a9406152971ce58951aa83?s=96&d=blank&r=r","caption":"Paula"},"url":"https:\/\/totenart.com\/noticias\/author\/paula-herraiz\/"}]}},"_links":{"self":[{"href":"https:\/\/totenart.com\/noticias\/wp-json\/wp\/v2\/posts\/3957","targetHints":{"allow":["GET"]}}],"collection":[{"href":"https:\/\/totenart.com\/noticias\/wp-json\/wp\/v2\/posts"}],"about":[{"href":"https:\/\/totenart.com\/noticias\/wp-json\/wp\/v2\/types\/post"}],"author":[{"embeddable":true,"href":"https:\/\/totenart.com\/noticias\/wp-json\/wp\/v2\/users\/8"}],"replies":[{"embeddable":true,"href":"https:\/\/totenart.com\/noticias\/wp-json\/wp\/v2\/comments?post=3957"}],"version-history":[{"count":0,"href":"https:\/\/totenart.com\/noticias\/wp-json\/wp\/v2\/posts\/3957\/revisions"}],"wp:featuredmedia":[{"embeddable":true,"href":"https:\/\/totenart.com\/noticias\/wp-json\/wp\/v2\/media\/3959"}],"wp:attachment":[{"href":"https:\/\/totenart.com\/noticias\/wp-json\/wp\/v2\/media?parent=3957"}],"wp:term":[{"taxonomy":"category","embeddable":true,"href":"https:\/\/totenart.com\/noticias\/wp-json\/wp\/v2\/categories?post=3957"},{"taxonomy":"post_tag","embeddable":true,"href":"https:\/\/totenart.com\/noticias\/wp-json\/wp\/v2\/tags?post=3957"}],"curies":[{"name":"wp","href":"https:\/\/api.w.org\/{rel}","templated":true}]}}