



{"id":4047,"date":"2015-11-04T20:33:43","date_gmt":"2015-11-04T19:33:43","guid":{"rendered":"http:\/\/totenart.com\/noticias\/?p=4047"},"modified":"2015-11-04T20:33:43","modified_gmt":"2015-11-04T19:33:43","slug":"los-lienzos-de-gustav-klimt-en-la-vida-real","status":"publish","type":"post","link":"https:\/\/totenart.com\/noticias\/los-lienzos-de-gustav-klimt-en-la-vida-real\/","title":{"rendered":"Los lienzos de Gustav Klimt en la vida real"},"content":{"rendered":"<p>La fot\u00f3grafa Inge Prader ha querido ir un paso m\u00e1s all\u00e1 en la obra de Gustav Klimt y hacer de esos lienzos una realidad palpable y, como no, \u00abfotografiable\u00bb.<\/p>\n<p><img loading=\"lazy\" decoding=\"async\" class=\"aligncenter size-full wp-image-4048\" src=\"https:\/\/totenart.com\/noticias\/wp-content\/uploads\/2015\/11\/klimnt-vida-real-noticias-totenart.png\" alt=\"klimnt-vida-real-noticias-totenart\" width=\"586\" height=\"582\" srcset=\"https:\/\/totenart.com\/noticias\/wp-content\/uploads\/2015\/11\/klimnt-vida-real-noticias-totenart.png 586w, https:\/\/totenart.com\/noticias\/wp-content\/uploads\/2015\/11\/klimnt-vida-real-noticias-totenart-150x150.png 150w, https:\/\/totenart.com\/noticias\/wp-content\/uploads\/2015\/11\/klimnt-vida-real-noticias-totenart-300x298.png 300w\" sizes=\"auto, (max-width: 586px) 100vw, 586px\" \/><\/p>\n<p>Centr\u00e1ndose en la\u00a0<em>fase dorada\u00a0<\/em> del pintor, ha optado por reproducir algunas de sus obras m\u00e1s famosas y aclamadas del pintor y reflejarlas en la vida real, con modelos de carne y hueso.<\/p>\n<p><img loading=\"lazy\" decoding=\"async\" class=\"aligncenter size-full wp-image-4049\" src=\"https:\/\/totenart.com\/noticias\/wp-content\/uploads\/2015\/11\/klimnt-vida-real-noticias-totenart02.jpg\" alt=\"klimnt-vida-real-noticias-totenart02\" width=\"900\" height=\"750\" srcset=\"https:\/\/totenart.com\/noticias\/wp-content\/uploads\/2015\/11\/klimnt-vida-real-noticias-totenart02.jpg 900w, https:\/\/totenart.com\/noticias\/wp-content\/uploads\/2015\/11\/klimnt-vida-real-noticias-totenart02-300x250.jpg 300w\" sizes=\"auto, (max-width: 900px) 100vw, 900px\" \/> <img loading=\"lazy\" decoding=\"async\" class=\"aligncenter size-large wp-image-4050\" src=\"https:\/\/totenart.com\/noticias\/wp-content\/uploads\/2015\/11\/klimnt-vida-real-noticias-totenart02-Danae-1024x992.jpg\" alt=\"klimnt-vida-real-noticias-totenart02-Danae\" width=\"1000\" height=\"969\" srcset=\"https:\/\/totenart.com\/noticias\/wp-content\/uploads\/2015\/11\/klimnt-vida-real-noticias-totenart02-Danae.jpg 1024w, https:\/\/totenart.com\/noticias\/wp-content\/uploads\/2015\/11\/klimnt-vida-real-noticias-totenart02-Danae-300x291.jpg 300w\" sizes=\"auto, (max-width: 1000px) 100vw, 1000px\" \/><\/p>\n<p>De \u00e9sta \u00e9poca destacan obras como\u00a0<em><strong>El beso, Retrato de Adele Bloch-Baurey o Hygeia.\u00a0<\/strong><\/em>La fot\u00f3grafa, que participa activamente en el proyecto llamado\u00a0<strong><a href=\"http:\/\/lifeball.org\/en\/?utm_source=Noticias&amp;utm_medium=Post&amp;utm_campaign=Klimt-en-la-vida-real\" target=\"_blank\">Life Ball<\/a>\u00a0<\/strong> de Viena ha creado esta saga para recaudar fondos por la lucha contra el SIDA.<\/p>\n<p>El resultado como pod\u00e9is ver es alucinante gracias al cuidado y esmero con el que ha estudiado cada una de las obras para poder cuidar del mismo modo cada uno de los \u00abbodegones\u00bb humanos que ha tenido que confeccionar para poder plasmar el asombroso mundo del austriaco.<br \/>\n<img loading=\"lazy\" decoding=\"async\" class=\"aligncenter size-full wp-image-4051\" src=\"https:\/\/totenart.com\/noticias\/wp-content\/uploads\/2015\/11\/klimnt-vida-real-noticias-totenart03.jpg\" alt=\"klimnt-vida-real-noticias-totenart03\" width=\"800\" height=\"492\" srcset=\"https:\/\/totenart.com\/noticias\/wp-content\/uploads\/2015\/11\/klimnt-vida-real-noticias-totenart03.jpg 800w, https:\/\/totenart.com\/noticias\/wp-content\/uploads\/2015\/11\/klimnt-vida-real-noticias-totenart03-300x185.jpg 300w\" sizes=\"auto, (max-width: 800px) 100vw, 800px\" \/><\/p>\n<p>\u00bfQu\u00e9 te ha parecido Klimt en la vida real? \u00bfTe parece que est\u00e1 bien logrado el efecto? \u00bfEl mundo de qu\u00e9 artista te gustar\u00eda ver al natural?<\/p>\n","protected":false},"excerpt":{"rendered":"<p>La fot\u00f3grafa Inge Prader ha querido ir un paso m\u00e1s all\u00e1 en la obra de Gustav Klimt y hacer de esos lienzos una realidad palpable y, como no, \u00abfotografiable\u00bb. Centr\u00e1ndose en la\u00a0fase dorada\u00a0 del pintor, ha optado por reproducir algunas de sus obras m\u00e1s famosas y aclamadas del pintor y reflejarlas en la vida real, [&hellip;]<\/p>\n","protected":false},"author":8,"featured_media":4051,"comment_status":"open","ping_status":"open","sticky":false,"template":"","format":"standard","meta":{"footnotes":""},"categories":[1],"tags":[58,466,467],"class_list":["post-4047","post","type-post","status-publish","format-standard","has-post-thumbnail","hentry","category-totenart","tag-fotografia","tag-gustav-klimt","tag-klimt"],"yoast_head":"<!-- This site is optimized with the Yoast SEO plugin v27.2 - https:\/\/yoast.com\/product\/yoast-seo-wordpress\/ -->\n<title>Los lienzos de Gustav Klimt en la vida real - Noticias de Arte Totenart<\/title>\n<meta name=\"description\" content=\"\u00bfTe imaginas que tus obras favoritas cobran vida? Es el sue\u00f1o de la fot\u00f3grafa Inge Prader que ha podido realizar como parte del proyecto Life Ball en Viena.\" \/>\n<meta name=\"robots\" content=\"index, follow, max-snippet:-1, max-image-preview:large, max-video-preview:-1\" \/>\n<link rel=\"canonical\" href=\"https:\/\/totenart.com\/noticias\/los-lienzos-de-gustav-klimt-en-la-vida-real\/\" \/>\n<meta property=\"og:locale\" content=\"es_ES\" \/>\n<meta property=\"og:type\" content=\"article\" \/>\n<meta property=\"og:title\" content=\"Los lienzos de Gustav Klimt en la vida real - Noticias de Arte Totenart\" \/>\n<meta property=\"og:description\" content=\"\u00bfTe imaginas que tus obras favoritas cobran vida? Es el sue\u00f1o de la fot\u00f3grafa Inge Prader que ha podido realizar como parte del proyecto Life Ball en Viena.\" \/>\n<meta property=\"og:url\" content=\"https:\/\/totenart.com\/noticias\/los-lienzos-de-gustav-klimt-en-la-vida-real\/\" \/>\n<meta property=\"og:site_name\" content=\"Noticias de Arte Totenart\" \/>\n<meta property=\"article:published_time\" content=\"2015-11-04T19:33:43+00:00\" \/>\n<meta property=\"og:image\" content=\"https:\/\/totenart.com\/noticias\/wp-content\/uploads\/2015\/11\/klimnt-vida-real-noticias-totenart03.jpg\" \/>\n\t<meta property=\"og:image:width\" content=\"800\" \/>\n\t<meta property=\"og:image:height\" content=\"492\" \/>\n\t<meta property=\"og:image:type\" content=\"image\/jpeg\" \/>\n<meta name=\"author\" content=\"Paula\" \/>\n<meta name=\"twitter:label1\" content=\"Escrito por\" \/>\n\t<meta name=\"twitter:data1\" content=\"Paula\" \/>\n\t<meta name=\"twitter:label2\" content=\"Tiempo de lectura\" \/>\n\t<meta name=\"twitter:data2\" content=\"1 minuto\" \/>\n<script type=\"application\/ld+json\" class=\"yoast-schema-graph\">{\"@context\":\"https:\/\/schema.org\",\"@graph\":[{\"@type\":\"Article\",\"@id\":\"https:\/\/totenart.com\/noticias\/los-lienzos-de-gustav-klimt-en-la-vida-real\/#article\",\"isPartOf\":{\"@id\":\"https:\/\/totenart.com\/noticias\/los-lienzos-de-gustav-klimt-en-la-vida-real\/\"},\"author\":{\"name\":\"Paula\",\"@id\":\"https:\/\/totenart.com\/noticias\/#\/schema\/person\/39b435d7a88c1b1341476fefcf6d13cb\"},\"headline\":\"Los lienzos de Gustav Klimt en la vida real\",\"datePublished\":\"2015-11-04T19:33:43+00:00\",\"mainEntityOfPage\":{\"@id\":\"https:\/\/totenart.com\/noticias\/los-lienzos-de-gustav-klimt-en-la-vida-real\/\"},\"wordCount\":192,\"commentCount\":0,\"image\":{\"@id\":\"https:\/\/totenart.com\/noticias\/los-lienzos-de-gustav-klimt-en-la-vida-real\/#primaryimage\"},\"thumbnailUrl\":\"https:\/\/totenart.com\/noticias\/wp-content\/uploads\/2015\/11\/klimnt-vida-real-noticias-totenart03.jpg\",\"keywords\":[\"fotograf\u00eda\",\"Gustav Klimt\",\"Klimt\"],\"articleSection\":[\"Totenart\"],\"inLanguage\":\"es\",\"potentialAction\":[{\"@type\":\"CommentAction\",\"name\":\"Comment\",\"target\":[\"https:\/\/totenart.com\/noticias\/los-lienzos-de-gustav-klimt-en-la-vida-real\/#respond\"]}]},{\"@type\":\"WebPage\",\"@id\":\"https:\/\/totenart.com\/noticias\/los-lienzos-de-gustav-klimt-en-la-vida-real\/\",\"url\":\"https:\/\/totenart.com\/noticias\/los-lienzos-de-gustav-klimt-en-la-vida-real\/\",\"name\":\"Los lienzos de Gustav Klimt en la vida real - Noticias de Arte Totenart\",\"isPartOf\":{\"@id\":\"https:\/\/totenart.com\/noticias\/#website\"},\"primaryImageOfPage\":{\"@id\":\"https:\/\/totenart.com\/noticias\/los-lienzos-de-gustav-klimt-en-la-vida-real\/#primaryimage\"},\"image\":{\"@id\":\"https:\/\/totenart.com\/noticias\/los-lienzos-de-gustav-klimt-en-la-vida-real\/#primaryimage\"},\"thumbnailUrl\":\"https:\/\/totenart.com\/noticias\/wp-content\/uploads\/2015\/11\/klimnt-vida-real-noticias-totenart03.jpg\",\"datePublished\":\"2015-11-04T19:33:43+00:00\",\"author\":{\"@id\":\"https:\/\/totenart.com\/noticias\/#\/schema\/person\/39b435d7a88c1b1341476fefcf6d13cb\"},\"description\":\"\u00bfTe imaginas que tus obras favoritas cobran vida? Es el sue\u00f1o de la fot\u00f3grafa Inge Prader que ha podido realizar como parte del proyecto Life Ball en Viena.\",\"breadcrumb\":{\"@id\":\"https:\/\/totenart.com\/noticias\/los-lienzos-de-gustav-klimt-en-la-vida-real\/#breadcrumb\"},\"inLanguage\":\"es\",\"potentialAction\":[{\"@type\":\"ReadAction\",\"target\":[\"https:\/\/totenart.com\/noticias\/los-lienzos-de-gustav-klimt-en-la-vida-real\/\"]}]},{\"@type\":\"ImageObject\",\"inLanguage\":\"es\",\"@id\":\"https:\/\/totenart.com\/noticias\/los-lienzos-de-gustav-klimt-en-la-vida-real\/#primaryimage\",\"url\":\"https:\/\/totenart.com\/noticias\/wp-content\/uploads\/2015\/11\/klimnt-vida-real-noticias-totenart03.jpg\",\"contentUrl\":\"https:\/\/totenart.com\/noticias\/wp-content\/uploads\/2015\/11\/klimnt-vida-real-noticias-totenart03.jpg\",\"width\":800,\"height\":492,\"caption\":\"klimnt-vida-real-noticias-totenart03\"},{\"@type\":\"BreadcrumbList\",\"@id\":\"https:\/\/totenart.com\/noticias\/los-lienzos-de-gustav-klimt-en-la-vida-real\/#breadcrumb\",\"itemListElement\":[{\"@type\":\"ListItem\",\"position\":1,\"name\":\"Portada\",\"item\":\"https:\/\/totenart.com\/noticias\/\"},{\"@type\":\"ListItem\",\"position\":2,\"name\":\"Los lienzos de Gustav Klimt en la vida real\"}]},{\"@type\":\"WebSite\",\"@id\":\"https:\/\/totenart.com\/noticias\/#website\",\"url\":\"https:\/\/totenart.com\/noticias\/\",\"name\":\"Noticias de Arte Totenart\",\"description\":\"Blog de noticias del mundo del arte: exposiciones, eventos, nuevos productos y materiales para artistas...\",\"potentialAction\":[{\"@type\":\"SearchAction\",\"target\":{\"@type\":\"EntryPoint\",\"urlTemplate\":\"https:\/\/totenart.com\/noticias\/?s={search_term_string}\"},\"query-input\":{\"@type\":\"PropertyValueSpecification\",\"valueRequired\":true,\"valueName\":\"search_term_string\"}}],\"inLanguage\":\"es\"},{\"@type\":\"Person\",\"@id\":\"https:\/\/totenart.com\/noticias\/#\/schema\/person\/39b435d7a88c1b1341476fefcf6d13cb\",\"name\":\"Paula\",\"image\":{\"@type\":\"ImageObject\",\"inLanguage\":\"es\",\"@id\":\"https:\/\/secure.gravatar.com\/avatar\/22d05c4209e1e337a4699d4a6816e571216746fa18a9406152971ce58951aa83?s=96&d=blank&r=r\",\"url\":\"https:\/\/secure.gravatar.com\/avatar\/22d05c4209e1e337a4699d4a6816e571216746fa18a9406152971ce58951aa83?s=96&d=blank&r=r\",\"contentUrl\":\"https:\/\/secure.gravatar.com\/avatar\/22d05c4209e1e337a4699d4a6816e571216746fa18a9406152971ce58951aa83?s=96&d=blank&r=r\",\"caption\":\"Paula\"},\"url\":\"https:\/\/totenart.com\/noticias\/author\/paula-herraiz\/\"}]}<\/script>\n<!-- \/ Yoast SEO plugin. -->","yoast_head_json":{"title":"Los lienzos de Gustav Klimt en la vida real - Noticias de Arte Totenart","description":"\u00bfTe imaginas que tus obras favoritas cobran vida? Es el sue\u00f1o de la fot\u00f3grafa Inge Prader que ha podido realizar como parte del proyecto Life Ball en Viena.","robots":{"index":"index","follow":"follow","max-snippet":"max-snippet:-1","max-image-preview":"max-image-preview:large","max-video-preview":"max-video-preview:-1"},"canonical":"https:\/\/totenart.com\/noticias\/los-lienzos-de-gustav-klimt-en-la-vida-real\/","og_locale":"es_ES","og_type":"article","og_title":"Los lienzos de Gustav Klimt en la vida real - Noticias de Arte Totenart","og_description":"\u00bfTe imaginas que tus obras favoritas cobran vida? Es el sue\u00f1o de la fot\u00f3grafa Inge Prader que ha podido realizar como parte del proyecto Life Ball en Viena.","og_url":"https:\/\/totenart.com\/noticias\/los-lienzos-de-gustav-klimt-en-la-vida-real\/","og_site_name":"Noticias de Arte Totenart","article_published_time":"2015-11-04T19:33:43+00:00","og_image":[{"width":800,"height":492,"url":"https:\/\/totenart.com\/noticias\/wp-content\/uploads\/2015\/11\/klimnt-vida-real-noticias-totenart03.jpg","type":"image\/jpeg"}],"author":"Paula","twitter_misc":{"Escrito por":"Paula","Tiempo de lectura":"1 minuto"},"schema":{"@context":"https:\/\/schema.org","@graph":[{"@type":"Article","@id":"https:\/\/totenart.com\/noticias\/los-lienzos-de-gustav-klimt-en-la-vida-real\/#article","isPartOf":{"@id":"https:\/\/totenart.com\/noticias\/los-lienzos-de-gustav-klimt-en-la-vida-real\/"},"author":{"name":"Paula","@id":"https:\/\/totenart.com\/noticias\/#\/schema\/person\/39b435d7a88c1b1341476fefcf6d13cb"},"headline":"Los lienzos de Gustav Klimt en la vida real","datePublished":"2015-11-04T19:33:43+00:00","mainEntityOfPage":{"@id":"https:\/\/totenart.com\/noticias\/los-lienzos-de-gustav-klimt-en-la-vida-real\/"},"wordCount":192,"commentCount":0,"image":{"@id":"https:\/\/totenart.com\/noticias\/los-lienzos-de-gustav-klimt-en-la-vida-real\/#primaryimage"},"thumbnailUrl":"https:\/\/totenart.com\/noticias\/wp-content\/uploads\/2015\/11\/klimnt-vida-real-noticias-totenart03.jpg","keywords":["fotograf\u00eda","Gustav Klimt","Klimt"],"articleSection":["Totenart"],"inLanguage":"es","potentialAction":[{"@type":"CommentAction","name":"Comment","target":["https:\/\/totenart.com\/noticias\/los-lienzos-de-gustav-klimt-en-la-vida-real\/#respond"]}]},{"@type":"WebPage","@id":"https:\/\/totenart.com\/noticias\/los-lienzos-de-gustav-klimt-en-la-vida-real\/","url":"https:\/\/totenart.com\/noticias\/los-lienzos-de-gustav-klimt-en-la-vida-real\/","name":"Los lienzos de Gustav Klimt en la vida real - Noticias de Arte Totenart","isPartOf":{"@id":"https:\/\/totenart.com\/noticias\/#website"},"primaryImageOfPage":{"@id":"https:\/\/totenart.com\/noticias\/los-lienzos-de-gustav-klimt-en-la-vida-real\/#primaryimage"},"image":{"@id":"https:\/\/totenart.com\/noticias\/los-lienzos-de-gustav-klimt-en-la-vida-real\/#primaryimage"},"thumbnailUrl":"https:\/\/totenart.com\/noticias\/wp-content\/uploads\/2015\/11\/klimnt-vida-real-noticias-totenart03.jpg","datePublished":"2015-11-04T19:33:43+00:00","author":{"@id":"https:\/\/totenart.com\/noticias\/#\/schema\/person\/39b435d7a88c1b1341476fefcf6d13cb"},"description":"\u00bfTe imaginas que tus obras favoritas cobran vida? Es el sue\u00f1o de la fot\u00f3grafa Inge Prader que ha podido realizar como parte del proyecto Life Ball en Viena.","breadcrumb":{"@id":"https:\/\/totenart.com\/noticias\/los-lienzos-de-gustav-klimt-en-la-vida-real\/#breadcrumb"},"inLanguage":"es","potentialAction":[{"@type":"ReadAction","target":["https:\/\/totenart.com\/noticias\/los-lienzos-de-gustav-klimt-en-la-vida-real\/"]}]},{"@type":"ImageObject","inLanguage":"es","@id":"https:\/\/totenart.com\/noticias\/los-lienzos-de-gustav-klimt-en-la-vida-real\/#primaryimage","url":"https:\/\/totenart.com\/noticias\/wp-content\/uploads\/2015\/11\/klimnt-vida-real-noticias-totenart03.jpg","contentUrl":"https:\/\/totenart.com\/noticias\/wp-content\/uploads\/2015\/11\/klimnt-vida-real-noticias-totenart03.jpg","width":800,"height":492,"caption":"klimnt-vida-real-noticias-totenart03"},{"@type":"BreadcrumbList","@id":"https:\/\/totenart.com\/noticias\/los-lienzos-de-gustav-klimt-en-la-vida-real\/#breadcrumb","itemListElement":[{"@type":"ListItem","position":1,"name":"Portada","item":"https:\/\/totenart.com\/noticias\/"},{"@type":"ListItem","position":2,"name":"Los lienzos de Gustav Klimt en la vida real"}]},{"@type":"WebSite","@id":"https:\/\/totenart.com\/noticias\/#website","url":"https:\/\/totenart.com\/noticias\/","name":"Noticias de Arte Totenart","description":"Blog de noticias del mundo del arte: exposiciones, eventos, nuevos productos y materiales para artistas...","potentialAction":[{"@type":"SearchAction","target":{"@type":"EntryPoint","urlTemplate":"https:\/\/totenart.com\/noticias\/?s={search_term_string}"},"query-input":{"@type":"PropertyValueSpecification","valueRequired":true,"valueName":"search_term_string"}}],"inLanguage":"es"},{"@type":"Person","@id":"https:\/\/totenart.com\/noticias\/#\/schema\/person\/39b435d7a88c1b1341476fefcf6d13cb","name":"Paula","image":{"@type":"ImageObject","inLanguage":"es","@id":"https:\/\/secure.gravatar.com\/avatar\/22d05c4209e1e337a4699d4a6816e571216746fa18a9406152971ce58951aa83?s=96&d=blank&r=r","url":"https:\/\/secure.gravatar.com\/avatar\/22d05c4209e1e337a4699d4a6816e571216746fa18a9406152971ce58951aa83?s=96&d=blank&r=r","contentUrl":"https:\/\/secure.gravatar.com\/avatar\/22d05c4209e1e337a4699d4a6816e571216746fa18a9406152971ce58951aa83?s=96&d=blank&r=r","caption":"Paula"},"url":"https:\/\/totenart.com\/noticias\/author\/paula-herraiz\/"}]}},"_links":{"self":[{"href":"https:\/\/totenart.com\/noticias\/wp-json\/wp\/v2\/posts\/4047","targetHints":{"allow":["GET"]}}],"collection":[{"href":"https:\/\/totenart.com\/noticias\/wp-json\/wp\/v2\/posts"}],"about":[{"href":"https:\/\/totenart.com\/noticias\/wp-json\/wp\/v2\/types\/post"}],"author":[{"embeddable":true,"href":"https:\/\/totenart.com\/noticias\/wp-json\/wp\/v2\/users\/8"}],"replies":[{"embeddable":true,"href":"https:\/\/totenart.com\/noticias\/wp-json\/wp\/v2\/comments?post=4047"}],"version-history":[{"count":0,"href":"https:\/\/totenart.com\/noticias\/wp-json\/wp\/v2\/posts\/4047\/revisions"}],"wp:featuredmedia":[{"embeddable":true,"href":"https:\/\/totenart.com\/noticias\/wp-json\/wp\/v2\/media\/4051"}],"wp:attachment":[{"href":"https:\/\/totenart.com\/noticias\/wp-json\/wp\/v2\/media?parent=4047"}],"wp:term":[{"taxonomy":"category","embeddable":true,"href":"https:\/\/totenart.com\/noticias\/wp-json\/wp\/v2\/categories?post=4047"},{"taxonomy":"post_tag","embeddable":true,"href":"https:\/\/totenart.com\/noticias\/wp-json\/wp\/v2\/tags?post=4047"}],"curies":[{"name":"wp","href":"https:\/\/api.w.org\/{rel}","templated":true}]}}