



{"id":4053,"date":"2015-11-06T15:37:34","date_gmt":"2015-11-06T14:37:34","guid":{"rendered":"http:\/\/totenart.com\/noticias\/?p=4053"},"modified":"2015-11-06T15:37:34","modified_gmt":"2015-11-06T14:37:34","slug":"rafael-mocholi-de-la-huerta-al-lienzo","status":"publish","type":"post","link":"https:\/\/totenart.com\/noticias\/rafael-mocholi-de-la-huerta-al-lienzo\/","title":{"rendered":"Rafael Mochol\u00ed, de la huerta al lienzo"},"content":{"rendered":"<p>En 1930 nac\u00eda en el coraz\u00f3n de la huerta valenciana un pintor de vocaci\u00f3n tard\u00eda pero con un sentimiento por su obra que surg\u00eda el mismo d\u00eda de su nacimiento, el 24 de Octubre.<\/p>\n<p><img loading=\"lazy\" decoding=\"async\" class=\"aligncenter size-full wp-image-4055\" src=\"https:\/\/totenart.com\/noticias\/wp-content\/uploads\/2015\/11\/RAFAEL-MOCHOL\u00cd-noticias-totenart.jpg\" alt=\"RAFAEL-MOCHOL\u00cd-noticias-totenart\" width=\"582\" height=\"460\" srcset=\"https:\/\/totenart.com\/noticias\/wp-content\/uploads\/2015\/11\/RAFAEL-MOCHOL\u00cd-noticias-totenart.jpg 582w, https:\/\/totenart.com\/noticias\/wp-content\/uploads\/2015\/11\/RAFAEL-MOCHOL\u00cd-noticias-totenart-300x237.jpg 300w\" sizes=\"auto, (max-width: 582px) 100vw, 582px\" \/><\/p>\n<p>Rafael Mochol\u00ed Soto naci\u00f3 en una barraca, en el seno de una familia de huerta dedicada al campo y con un profundo arraigo a la tierra valenciana. Tras vivir una juventud plena dedicada a estos sectores, comenz\u00f3 a desarrollar su vena art\u00edstica a la edad de 27 alis de una forma completamente autodidacta.<\/p>\n<p>Conocido como \u00ab<strong>el \u00faltimo gran retratista de l&#8217;Horta<\/strong>\u00bb su obra refleja escenas cotidianas que ya no son tan comunes en el d\u00eda a d\u00eda. Paisajes de huerta, barracas, herramientas del campo&#8230;<\/p>\n<p><img loading=\"lazy\" decoding=\"async\" class=\"aligncenter size-full wp-image-4056\" src=\"https:\/\/totenart.com\/noticias\/wp-content\/uploads\/2015\/11\/RAFAEL-MOCHOL\u00cd-pintando-noticias-totenart.png\" alt=\"RAFAEL-MOCHOL\u00cd-pintando-noticias-totenart\" width=\"659\" height=\"557\" srcset=\"https:\/\/totenart.com\/noticias\/wp-content\/uploads\/2015\/11\/RAFAEL-MOCHOL\u00cd-pintando-noticias-totenart.png 659w, https:\/\/totenart.com\/noticias\/wp-content\/uploads\/2015\/11\/RAFAEL-MOCHOL\u00cd-pintando-noticias-totenart-300x254.png 300w\" sizes=\"auto, (max-width: 659px) 100vw, 659px\" \/><\/p>\n<p>Su obra es extensa y su reconocimiento inmediato, de hecho desde sus or\u00edgenes ha conseguido vender todas las obras que se ha propuesto tanto en Valencia como en el resto de Espa\u00f1a. Tambi\u00e9n ha conseguido triunfar y hacerse un nombre en otros paises como Italia o Suiza.<\/p>\n<p><img loading=\"lazy\" decoding=\"async\" class=\"aligncenter size-full wp-image-4054\" src=\"https:\/\/totenart.com\/noticias\/wp-content\/uploads\/2015\/11\/RAFAEL-MOCHOL\u00cd-alquerias-noticias-totenart.png\" alt=\"RAFAEL-MOCHOL\u00cd-alquerias-noticias-totenart\" width=\"809\" height=\"599\" srcset=\"https:\/\/totenart.com\/noticias\/wp-content\/uploads\/2015\/11\/RAFAEL-MOCHOL\u00cd-alquerias-noticias-totenart.png 809w, https:\/\/totenart.com\/noticias\/wp-content\/uploads\/2015\/11\/RAFAEL-MOCHOL\u00cd-alquerias-noticias-totenart-300x222.png 300w\" sizes=\"auto, (max-width: 809px) 100vw, 809px\" \/><\/p>\n<p>Toda una referencia del presente que recuerda en cuanto a estilo\u00a0a grandes maestros de la historia de la pintura. \u00bfA qui\u00e9n te recuerdan sus obras? \u00bfSer\u00edas capaz de identificarlo o asociarlo a otro pintor?<\/p>\n<p>Si quieres conocer un poco m\u00e1s sobre Rafael Mochol\u00ed te dejamos <a href=\"http:\/\/www.rafaelmocholi.com\/inicio.html?utm_source=Noticias&amp;utm_medium=Post&amp;utm_campaign=Rafael-mocholi\" target=\"_blank\">su p\u00e1gina web<\/a> para que puedas seguir contemplando sus pinturas&#8230;<\/p>\n","protected":false},"excerpt":{"rendered":"<p>En 1930 nac\u00eda en el coraz\u00f3n de la huerta valenciana un pintor de vocaci\u00f3n tard\u00eda pero con un sentimiento por su obra que surg\u00eda el mismo d\u00eda de su nacimiento, el 24 de Octubre. Rafael Mochol\u00ed Soto naci\u00f3 en una barraca, en el seno de una familia de huerta dedicada al campo y con un [&hellip;]<\/p>\n","protected":false},"author":8,"featured_media":4055,"comment_status":"open","ping_status":"open","sticky":false,"template":"","format":"standard","meta":{"footnotes":""},"categories":[8,1],"tags":[470,21,468,469],"class_list":["post-4053","post","type-post","status-publish","format-standard","has-post-thumbnail","hentry","category-artista-destacado","category-totenart","tag-artista-valenciano","tag-pintura","tag-rafael-mocholi","tag-rafael-mocholi-soto"],"yoast_head":"<!-- This site is optimized with the Yoast SEO plugin v27.2 - https:\/\/yoast.com\/product\/yoast-seo-wordpress\/ -->\n<title>Rafael Mochol\u00ed, de la huerta al lienzo - Noticias de Arte Totenart<\/title>\n<meta name=\"description\" content=\"Conoce la obra de Rafael Mochol\u00ed, pintor valenciano de larga trayectoria dedicado a la vida de la valencia m\u00e1s tradicional y agr\u00edcola, plasmada en lienzos.\" \/>\n<meta name=\"robots\" content=\"index, follow, max-snippet:-1, max-image-preview:large, max-video-preview:-1\" \/>\n<link rel=\"canonical\" href=\"https:\/\/totenart.com\/noticias\/rafael-mocholi-de-la-huerta-al-lienzo\/\" \/>\n<meta property=\"og:locale\" content=\"es_ES\" \/>\n<meta property=\"og:type\" content=\"article\" \/>\n<meta property=\"og:title\" content=\"Rafael Mochol\u00ed, de la huerta al lienzo - Noticias de Arte Totenart\" \/>\n<meta property=\"og:description\" content=\"Conoce la obra de Rafael Mochol\u00ed, pintor valenciano de larga trayectoria dedicado a la vida de la valencia m\u00e1s tradicional y agr\u00edcola, plasmada en lienzos.\" \/>\n<meta property=\"og:url\" content=\"https:\/\/totenart.com\/noticias\/rafael-mocholi-de-la-huerta-al-lienzo\/\" \/>\n<meta property=\"og:site_name\" content=\"Noticias de Arte Totenart\" \/>\n<meta property=\"article:published_time\" content=\"2015-11-06T14:37:34+00:00\" \/>\n<meta property=\"og:image\" content=\"https:\/\/totenart.com\/noticias\/wp-content\/uploads\/2015\/11\/RAFAEL-MOCHOL\u00cd-noticias-totenart.jpg\" \/>\n\t<meta property=\"og:image:width\" content=\"582\" \/>\n\t<meta property=\"og:image:height\" content=\"460\" \/>\n\t<meta property=\"og:image:type\" content=\"image\/jpeg\" \/>\n<meta name=\"author\" content=\"Paula\" \/>\n<meta name=\"twitter:label1\" content=\"Escrito por\" \/>\n\t<meta name=\"twitter:data1\" content=\"Paula\" \/>\n\t<meta name=\"twitter:label2\" content=\"Tiempo de lectura\" \/>\n\t<meta name=\"twitter:data2\" content=\"1 minuto\" \/>\n<script type=\"application\/ld+json\" class=\"yoast-schema-graph\">{\"@context\":\"https:\/\/schema.org\",\"@graph\":[{\"@type\":\"Article\",\"@id\":\"https:\/\/totenart.com\/noticias\/rafael-mocholi-de-la-huerta-al-lienzo\/#article\",\"isPartOf\":{\"@id\":\"https:\/\/totenart.com\/noticias\/rafael-mocholi-de-la-huerta-al-lienzo\/\"},\"author\":{\"name\":\"Paula\",\"@id\":\"https:\/\/totenart.com\/noticias\/#\/schema\/person\/39b435d7a88c1b1341476fefcf6d13cb\"},\"headline\":\"Rafael Mochol\u00ed, de la huerta al lienzo\",\"datePublished\":\"2015-11-06T14:37:34+00:00\",\"mainEntityOfPage\":{\"@id\":\"https:\/\/totenart.com\/noticias\/rafael-mocholi-de-la-huerta-al-lienzo\/\"},\"wordCount\":241,\"commentCount\":0,\"image\":{\"@id\":\"https:\/\/totenart.com\/noticias\/rafael-mocholi-de-la-huerta-al-lienzo\/#primaryimage\"},\"thumbnailUrl\":\"https:\/\/totenart.com\/noticias\/wp-content\/uploads\/2015\/11\/RAFAEL-MOCHOL\u00cd-noticias-totenart.jpg\",\"keywords\":[\"artista valenciano\",\"pintura\",\"Rafael Mochol\u00ed\",\"Rafael Mochol\u00ed Soto\"],\"articleSection\":[\"Artista destacado\",\"Totenart\"],\"inLanguage\":\"es\",\"potentialAction\":[{\"@type\":\"CommentAction\",\"name\":\"Comment\",\"target\":[\"https:\/\/totenart.com\/noticias\/rafael-mocholi-de-la-huerta-al-lienzo\/#respond\"]}]},{\"@type\":\"WebPage\",\"@id\":\"https:\/\/totenart.com\/noticias\/rafael-mocholi-de-la-huerta-al-lienzo\/\",\"url\":\"https:\/\/totenart.com\/noticias\/rafael-mocholi-de-la-huerta-al-lienzo\/\",\"name\":\"Rafael Mochol\u00ed, de la huerta al lienzo - Noticias de Arte Totenart\",\"isPartOf\":{\"@id\":\"https:\/\/totenart.com\/noticias\/#website\"},\"primaryImageOfPage\":{\"@id\":\"https:\/\/totenart.com\/noticias\/rafael-mocholi-de-la-huerta-al-lienzo\/#primaryimage\"},\"image\":{\"@id\":\"https:\/\/totenart.com\/noticias\/rafael-mocholi-de-la-huerta-al-lienzo\/#primaryimage\"},\"thumbnailUrl\":\"https:\/\/totenart.com\/noticias\/wp-content\/uploads\/2015\/11\/RAFAEL-MOCHOL\u00cd-noticias-totenart.jpg\",\"datePublished\":\"2015-11-06T14:37:34+00:00\",\"author\":{\"@id\":\"https:\/\/totenart.com\/noticias\/#\/schema\/person\/39b435d7a88c1b1341476fefcf6d13cb\"},\"description\":\"Conoce la obra de Rafael Mochol\u00ed, pintor valenciano de larga trayectoria dedicado a la vida de la valencia m\u00e1s tradicional y agr\u00edcola, plasmada en lienzos.\",\"breadcrumb\":{\"@id\":\"https:\/\/totenart.com\/noticias\/rafael-mocholi-de-la-huerta-al-lienzo\/#breadcrumb\"},\"inLanguage\":\"es\",\"potentialAction\":[{\"@type\":\"ReadAction\",\"target\":[\"https:\/\/totenart.com\/noticias\/rafael-mocholi-de-la-huerta-al-lienzo\/\"]}]},{\"@type\":\"ImageObject\",\"inLanguage\":\"es\",\"@id\":\"https:\/\/totenart.com\/noticias\/rafael-mocholi-de-la-huerta-al-lienzo\/#primaryimage\",\"url\":\"https:\/\/totenart.com\/noticias\/wp-content\/uploads\/2015\/11\/RAFAEL-MOCHOL\u00cd-noticias-totenart.jpg\",\"contentUrl\":\"https:\/\/totenart.com\/noticias\/wp-content\/uploads\/2015\/11\/RAFAEL-MOCHOL\u00cd-noticias-totenart.jpg\",\"width\":582,\"height\":460,\"caption\":\"RAFAEL-MOCHOL\u00cd-noticias-totenart\"},{\"@type\":\"BreadcrumbList\",\"@id\":\"https:\/\/totenart.com\/noticias\/rafael-mocholi-de-la-huerta-al-lienzo\/#breadcrumb\",\"itemListElement\":[{\"@type\":\"ListItem\",\"position\":1,\"name\":\"Portada\",\"item\":\"https:\/\/totenart.com\/noticias\/\"},{\"@type\":\"ListItem\",\"position\":2,\"name\":\"Rafael Mochol\u00ed, de la huerta al lienzo\"}]},{\"@type\":\"WebSite\",\"@id\":\"https:\/\/totenart.com\/noticias\/#website\",\"url\":\"https:\/\/totenart.com\/noticias\/\",\"name\":\"Noticias de Arte Totenart\",\"description\":\"Blog de noticias del mundo del arte: exposiciones, eventos, nuevos productos y materiales para artistas...\",\"potentialAction\":[{\"@type\":\"SearchAction\",\"target\":{\"@type\":\"EntryPoint\",\"urlTemplate\":\"https:\/\/totenart.com\/noticias\/?s={search_term_string}\"},\"query-input\":{\"@type\":\"PropertyValueSpecification\",\"valueRequired\":true,\"valueName\":\"search_term_string\"}}],\"inLanguage\":\"es\"},{\"@type\":\"Person\",\"@id\":\"https:\/\/totenart.com\/noticias\/#\/schema\/person\/39b435d7a88c1b1341476fefcf6d13cb\",\"name\":\"Paula\",\"image\":{\"@type\":\"ImageObject\",\"inLanguage\":\"es\",\"@id\":\"https:\/\/secure.gravatar.com\/avatar\/22d05c4209e1e337a4699d4a6816e571216746fa18a9406152971ce58951aa83?s=96&d=blank&r=r\",\"url\":\"https:\/\/secure.gravatar.com\/avatar\/22d05c4209e1e337a4699d4a6816e571216746fa18a9406152971ce58951aa83?s=96&d=blank&r=r\",\"contentUrl\":\"https:\/\/secure.gravatar.com\/avatar\/22d05c4209e1e337a4699d4a6816e571216746fa18a9406152971ce58951aa83?s=96&d=blank&r=r\",\"caption\":\"Paula\"},\"url\":\"https:\/\/totenart.com\/noticias\/author\/paula-herraiz\/\"}]}<\/script>\n<!-- \/ Yoast SEO plugin. -->","yoast_head_json":{"title":"Rafael Mochol\u00ed, de la huerta al lienzo - Noticias de Arte Totenart","description":"Conoce la obra de Rafael Mochol\u00ed, pintor valenciano de larga trayectoria dedicado a la vida de la valencia m\u00e1s tradicional y agr\u00edcola, plasmada en lienzos.","robots":{"index":"index","follow":"follow","max-snippet":"max-snippet:-1","max-image-preview":"max-image-preview:large","max-video-preview":"max-video-preview:-1"},"canonical":"https:\/\/totenart.com\/noticias\/rafael-mocholi-de-la-huerta-al-lienzo\/","og_locale":"es_ES","og_type":"article","og_title":"Rafael Mochol\u00ed, de la huerta al lienzo - Noticias de Arte Totenart","og_description":"Conoce la obra de Rafael Mochol\u00ed, pintor valenciano de larga trayectoria dedicado a la vida de la valencia m\u00e1s tradicional y agr\u00edcola, plasmada en lienzos.","og_url":"https:\/\/totenart.com\/noticias\/rafael-mocholi-de-la-huerta-al-lienzo\/","og_site_name":"Noticias de Arte Totenart","article_published_time":"2015-11-06T14:37:34+00:00","og_image":[{"width":582,"height":460,"url":"https:\/\/totenart.com\/noticias\/wp-content\/uploads\/2015\/11\/RAFAEL-MOCHOL\u00cd-noticias-totenart.jpg","type":"image\/jpeg"}],"author":"Paula","twitter_misc":{"Escrito por":"Paula","Tiempo de lectura":"1 minuto"},"schema":{"@context":"https:\/\/schema.org","@graph":[{"@type":"Article","@id":"https:\/\/totenart.com\/noticias\/rafael-mocholi-de-la-huerta-al-lienzo\/#article","isPartOf":{"@id":"https:\/\/totenart.com\/noticias\/rafael-mocholi-de-la-huerta-al-lienzo\/"},"author":{"name":"Paula","@id":"https:\/\/totenart.com\/noticias\/#\/schema\/person\/39b435d7a88c1b1341476fefcf6d13cb"},"headline":"Rafael Mochol\u00ed, de la huerta al lienzo","datePublished":"2015-11-06T14:37:34+00:00","mainEntityOfPage":{"@id":"https:\/\/totenart.com\/noticias\/rafael-mocholi-de-la-huerta-al-lienzo\/"},"wordCount":241,"commentCount":0,"image":{"@id":"https:\/\/totenart.com\/noticias\/rafael-mocholi-de-la-huerta-al-lienzo\/#primaryimage"},"thumbnailUrl":"https:\/\/totenart.com\/noticias\/wp-content\/uploads\/2015\/11\/RAFAEL-MOCHOL\u00cd-noticias-totenart.jpg","keywords":["artista valenciano","pintura","Rafael Mochol\u00ed","Rafael Mochol\u00ed Soto"],"articleSection":["Artista destacado","Totenart"],"inLanguage":"es","potentialAction":[{"@type":"CommentAction","name":"Comment","target":["https:\/\/totenart.com\/noticias\/rafael-mocholi-de-la-huerta-al-lienzo\/#respond"]}]},{"@type":"WebPage","@id":"https:\/\/totenart.com\/noticias\/rafael-mocholi-de-la-huerta-al-lienzo\/","url":"https:\/\/totenart.com\/noticias\/rafael-mocholi-de-la-huerta-al-lienzo\/","name":"Rafael Mochol\u00ed, de la huerta al lienzo - Noticias de Arte Totenart","isPartOf":{"@id":"https:\/\/totenart.com\/noticias\/#website"},"primaryImageOfPage":{"@id":"https:\/\/totenart.com\/noticias\/rafael-mocholi-de-la-huerta-al-lienzo\/#primaryimage"},"image":{"@id":"https:\/\/totenart.com\/noticias\/rafael-mocholi-de-la-huerta-al-lienzo\/#primaryimage"},"thumbnailUrl":"https:\/\/totenart.com\/noticias\/wp-content\/uploads\/2015\/11\/RAFAEL-MOCHOL\u00cd-noticias-totenart.jpg","datePublished":"2015-11-06T14:37:34+00:00","author":{"@id":"https:\/\/totenart.com\/noticias\/#\/schema\/person\/39b435d7a88c1b1341476fefcf6d13cb"},"description":"Conoce la obra de Rafael Mochol\u00ed, pintor valenciano de larga trayectoria dedicado a la vida de la valencia m\u00e1s tradicional y agr\u00edcola, plasmada en lienzos.","breadcrumb":{"@id":"https:\/\/totenart.com\/noticias\/rafael-mocholi-de-la-huerta-al-lienzo\/#breadcrumb"},"inLanguage":"es","potentialAction":[{"@type":"ReadAction","target":["https:\/\/totenart.com\/noticias\/rafael-mocholi-de-la-huerta-al-lienzo\/"]}]},{"@type":"ImageObject","inLanguage":"es","@id":"https:\/\/totenart.com\/noticias\/rafael-mocholi-de-la-huerta-al-lienzo\/#primaryimage","url":"https:\/\/totenart.com\/noticias\/wp-content\/uploads\/2015\/11\/RAFAEL-MOCHOL\u00cd-noticias-totenart.jpg","contentUrl":"https:\/\/totenart.com\/noticias\/wp-content\/uploads\/2015\/11\/RAFAEL-MOCHOL\u00cd-noticias-totenart.jpg","width":582,"height":460,"caption":"RAFAEL-MOCHOL\u00cd-noticias-totenart"},{"@type":"BreadcrumbList","@id":"https:\/\/totenart.com\/noticias\/rafael-mocholi-de-la-huerta-al-lienzo\/#breadcrumb","itemListElement":[{"@type":"ListItem","position":1,"name":"Portada","item":"https:\/\/totenart.com\/noticias\/"},{"@type":"ListItem","position":2,"name":"Rafael Mochol\u00ed, de la huerta al lienzo"}]},{"@type":"WebSite","@id":"https:\/\/totenart.com\/noticias\/#website","url":"https:\/\/totenart.com\/noticias\/","name":"Noticias de Arte Totenart","description":"Blog de noticias del mundo del arte: exposiciones, eventos, nuevos productos y materiales para artistas...","potentialAction":[{"@type":"SearchAction","target":{"@type":"EntryPoint","urlTemplate":"https:\/\/totenart.com\/noticias\/?s={search_term_string}"},"query-input":{"@type":"PropertyValueSpecification","valueRequired":true,"valueName":"search_term_string"}}],"inLanguage":"es"},{"@type":"Person","@id":"https:\/\/totenart.com\/noticias\/#\/schema\/person\/39b435d7a88c1b1341476fefcf6d13cb","name":"Paula","image":{"@type":"ImageObject","inLanguage":"es","@id":"https:\/\/secure.gravatar.com\/avatar\/22d05c4209e1e337a4699d4a6816e571216746fa18a9406152971ce58951aa83?s=96&d=blank&r=r","url":"https:\/\/secure.gravatar.com\/avatar\/22d05c4209e1e337a4699d4a6816e571216746fa18a9406152971ce58951aa83?s=96&d=blank&r=r","contentUrl":"https:\/\/secure.gravatar.com\/avatar\/22d05c4209e1e337a4699d4a6816e571216746fa18a9406152971ce58951aa83?s=96&d=blank&r=r","caption":"Paula"},"url":"https:\/\/totenart.com\/noticias\/author\/paula-herraiz\/"}]}},"_links":{"self":[{"href":"https:\/\/totenart.com\/noticias\/wp-json\/wp\/v2\/posts\/4053","targetHints":{"allow":["GET"]}}],"collection":[{"href":"https:\/\/totenart.com\/noticias\/wp-json\/wp\/v2\/posts"}],"about":[{"href":"https:\/\/totenart.com\/noticias\/wp-json\/wp\/v2\/types\/post"}],"author":[{"embeddable":true,"href":"https:\/\/totenart.com\/noticias\/wp-json\/wp\/v2\/users\/8"}],"replies":[{"embeddable":true,"href":"https:\/\/totenart.com\/noticias\/wp-json\/wp\/v2\/comments?post=4053"}],"version-history":[{"count":0,"href":"https:\/\/totenart.com\/noticias\/wp-json\/wp\/v2\/posts\/4053\/revisions"}],"wp:featuredmedia":[{"embeddable":true,"href":"https:\/\/totenart.com\/noticias\/wp-json\/wp\/v2\/media\/4055"}],"wp:attachment":[{"href":"https:\/\/totenart.com\/noticias\/wp-json\/wp\/v2\/media?parent=4053"}],"wp:term":[{"taxonomy":"category","embeddable":true,"href":"https:\/\/totenart.com\/noticias\/wp-json\/wp\/v2\/categories?post=4053"},{"taxonomy":"post_tag","embeddable":true,"href":"https:\/\/totenart.com\/noticias\/wp-json\/wp\/v2\/tags?post=4053"}],"curies":[{"name":"wp","href":"https:\/\/api.w.org\/{rel}","templated":true}]}}