



{"id":4658,"date":"2016-04-29T15:19:00","date_gmt":"2016-04-29T13:19:00","guid":{"rendered":"http:\/\/totenart.com\/noticias\/?p=4658"},"modified":"2019-03-03T09:37:04","modified_gmt":"2019-03-03T08:37:04","slug":"el-color-del-optimismo","status":"publish","type":"post","link":"https:\/\/totenart.com\/noticias\/el-color-del-optimismo\/","title":{"rendered":"El color del optimismo espa\u00f1ol invade Washington"},"content":{"rendered":"<p class=\"mce\">Desde esta semana y hasta el pr\u00f3ximo 29 de junio estar\u00e1 disponible en la Antigua esidencia del Embajador de Espa\u00f1a en Washington, reconvertida en centro cultural la exposici\u00f3n<em><strong>\u00a0Ilustradores Espa\u00f1oles: el color del optimismo.<\/strong><\/em><\/p>\n<p class=\"mce\">La muestra est\u00e1 compuesta por obras de j\u00f3venes espa\u00f1oles que han sabido trasladar el valor de la \u00abmarca Espa\u00f1a\u00bb del arte m\u00e1s all\u00e1 de las fronteras geogr\u00e1ficas. El color del optimismo, comisariada por Mario u contiene obras muy variadas en cuanto a t\u00e9cnica: acuarelas, l\u00e1pices, collages, pasteles, <a href=\"https:\/\/totenart.com\/acrilicos?utm_source=Noticias&amp;utm_medium=post&amp;utm_campaign=optimismo-spain-washington\" target=\"_blank\" rel=\"noopener\">acr\u00edlicos<\/a>&#8230;<\/p>\n<p class=\"mce\"><a href=\"http:\/\/totenart.com\/noticias\/wp-content\/uploads\/2016\/04\/color-del-optimismo-totenart.jpg\"><img loading=\"lazy\" decoding=\"async\" class=\"aligncenter size-full wp-image-4660\" src=\"https:\/\/totenart.com\/noticias\/wp-content\/uploads\/2016\/04\/color-del-optimismo-totenart.jpg\" alt=\"color-del-optimismo-totenart\" width=\"643\" height=\"362\" srcset=\"https:\/\/totenart.com\/noticias\/wp-content\/uploads\/2016\/04\/color-del-optimismo-totenart.jpg 643w, https:\/\/totenart.com\/noticias\/wp-content\/uploads\/2016\/04\/color-del-optimismo-totenart-300x169.jpg 300w\" sizes=\"auto, (max-width: 643px) 100vw, 643px\" \/><\/a><\/p>\n<p class=\"mce\">Aunados bajo el\u00a0<em>late motiv\u00a0<\/em>del \u00abarte underground\u00bb cada uno de estos 28 ilustradores contempor\u00e1neos tiene un estilo, t\u00e9cnic ay tem\u00e1tica completamente diferenciada, pero es la riqueza de ese combinado lo que la convierte en una exposici\u00f3n envidiable por muchas otros.<\/p>\n<p class=\"mce\">Entre todos los ilustradores destacamos la figura de una de las mejores y m\u00e1s internacionales ilustradoras de Espa\u00f1a, que a dem\u00e1s est\u00e1 muy vinculada a Totenart. Hablamos de <strong>Paula Bonet,<\/strong> de hecho, la pieza estrella de la exposici\u00f3n tiene la r\u00fabrica de Paula Bonet. La principal obra de \u00a0El color del optimismo lleva por t\u00edtulo\u00a0<em><strong>Dona iceberg,\u00a0<\/strong><\/em>os dejamos una imagen para que la contempl\u00e9is y disfrut\u00e9is.<\/p>\n<p class=\"mce\"><img loading=\"lazy\" decoding=\"async\" class=\"aligncenter size-large wp-image-4659\" src=\"https:\/\/totenart.com\/noticias\/wp-content\/uploads\/2016\/04\/color-del-optimismo-paula-bonet-totenart-792x1024.jpg\" alt=\"color-del-optimismo-paula-bonet-totenart\" width=\"792\" height=\"1024\" srcset=\"https:\/\/totenart.com\/noticias\/wp-content\/uploads\/2016\/04\/color-del-optimismo-paula-bonet-totenart-792x1024.jpg 792w, https:\/\/totenart.com\/noticias\/wp-content\/uploads\/2016\/04\/color-del-optimismo-paula-bonet-totenart-232x300.jpg 232w, https:\/\/totenart.com\/noticias\/wp-content\/uploads\/2016\/04\/color-del-optimismo-paula-bonet-totenart-768x993.jpg 768w, https:\/\/totenart.com\/noticias\/wp-content\/uploads\/2016\/04\/color-del-optimismo-paula-bonet-totenart.jpg 960w\" sizes=\"auto, (max-width: 792px) 100vw, 792px\" \/><\/p>\n<p class=\"mce\">Otros grandes y aclamados ilustradores son \u00d3scar Gim\u00e9nez, Paco Roca o Carla Fuentes.<\/p>\n<p class=\"mce\">La exposici\u00f3n, que lleva dos a\u00f1os gest\u00e1ndose forma perte del proyecto \u00abSPAIN arts &amp; culture\u00bb de la Embajada de Espa\u00f1a en Estados Unidos. Una forma m\u00e1s de demostrar y poner en valor el arte y el potencial de los artistas espa\u00f1oles m\u00e1s all\u00e1 de las fronteras natales.<\/p>\n<p class=\"mce\">\u00bfQu\u00e9 te parece la muestra? \u00bfD\u00f3nde te gustar\u00eda que la trasladaran? \u00bfConoces si tu pa\u00eds tambi\u00e9n tiene iniciativas de este tipo fuera de las fronteras? \u00bfTe gustar\u00eda visitar una muestra similar con artistas de otras nacionalidades? Opina todo lo que te apetezca, estamos encantados de leer todos los comentarios que nos llegan.<\/p>\n","protected":false},"excerpt":{"rendered":"<p>Desde esta semana y hasta el pr\u00f3ximo 29 de junio estar\u00e1 disponible en la Antigua esidencia del Embajador de Espa\u00f1a en Washington, reconvertida en centro cultural la exposici\u00f3n\u00a0Ilustradores Espa\u00f1oles: el color del optimismo. La muestra est\u00e1 compuesta por obras de j\u00f3venes espa\u00f1oles que han sabido trasladar el valor de la \u00abmarca Espa\u00f1a\u00bb del arte m\u00e1s [&hellip;]<\/p>\n","protected":false},"author":8,"featured_media":4660,"comment_status":"open","ping_status":"open","sticky":false,"template":"","format":"standard","meta":{"footnotes":""},"categories":[1],"tags":[630,628,132,210,627,209,629],"class_list":["post-4658","post","type-post","status-publish","format-standard","has-post-thumbnail","hentry","category-totenart","tag-el-color-del-optimismo","tag-el-optimismo-del-color","tag-exposicion","tag-ilustracion","tag-ilustraciones","tag-paula-bonet","tag-washington"],"yoast_head":"<!-- This site is optimized with the Yoast SEO plugin v27.2 - https:\/\/yoast.com\/product\/yoast-seo-wordpress\/ -->\n<title>El color del optimismo espa\u00f1ol invade Washington - Noticias de Arte Totenart<\/title>\n<meta name=\"description\" content=\"Desde esta semana y hasta el pr\u00f3ximo 29 de junio estar\u00e1 disponible la exposici\u00f3n &quot;Ilustradores Espa\u00f1oles: el color del optimismo&quot;, en Washington.\" \/>\n<meta name=\"robots\" content=\"index, follow, max-snippet:-1, max-image-preview:large, max-video-preview:-1\" \/>\n<link rel=\"canonical\" href=\"https:\/\/totenart.com\/noticias\/el-color-del-optimismo\/\" \/>\n<meta property=\"og:locale\" content=\"es_ES\" \/>\n<meta property=\"og:type\" content=\"article\" \/>\n<meta property=\"og:title\" content=\"El color del optimismo espa\u00f1ol invade Washington - Noticias de Arte Totenart\" \/>\n<meta property=\"og:description\" content=\"Desde esta semana y hasta el pr\u00f3ximo 29 de junio estar\u00e1 disponible la exposici\u00f3n &quot;Ilustradores Espa\u00f1oles: el color del optimismo&quot;, en Washington.\" \/>\n<meta property=\"og:url\" content=\"https:\/\/totenart.com\/noticias\/el-color-del-optimismo\/\" \/>\n<meta property=\"og:site_name\" content=\"Noticias de Arte Totenart\" \/>\n<meta property=\"article:published_time\" content=\"2016-04-29T13:19:00+00:00\" \/>\n<meta property=\"article:modified_time\" content=\"2019-03-03T08:37:04+00:00\" \/>\n<meta property=\"og:image\" content=\"https:\/\/totenart.com\/noticias\/wp-content\/uploads\/2016\/04\/color-del-optimismo-totenart.jpg\" \/>\n\t<meta property=\"og:image:width\" content=\"643\" \/>\n\t<meta property=\"og:image:height\" content=\"362\" \/>\n\t<meta property=\"og:image:type\" content=\"image\/jpeg\" \/>\n<meta name=\"author\" content=\"Paula\" \/>\n<meta name=\"twitter:label1\" content=\"Escrito por\" \/>\n\t<meta name=\"twitter:data1\" content=\"Paula\" \/>\n\t<meta name=\"twitter:label2\" content=\"Tiempo de lectura\" \/>\n\t<meta name=\"twitter:data2\" content=\"2 minutos\" \/>\n<script type=\"application\/ld+json\" class=\"yoast-schema-graph\">{\"@context\":\"https:\/\/schema.org\",\"@graph\":[{\"@type\":\"Article\",\"@id\":\"https:\/\/totenart.com\/noticias\/el-color-del-optimismo\/#article\",\"isPartOf\":{\"@id\":\"https:\/\/totenart.com\/noticias\/el-color-del-optimismo\/\"},\"author\":{\"name\":\"Paula\",\"@id\":\"https:\/\/totenart.com\/noticias\/#\/schema\/person\/39b435d7a88c1b1341476fefcf6d13cb\"},\"headline\":\"El color del optimismo espa\u00f1ol invade Washington\",\"datePublished\":\"2016-04-29T13:19:00+00:00\",\"dateModified\":\"2019-03-03T08:37:04+00:00\",\"mainEntityOfPage\":{\"@id\":\"https:\/\/totenart.com\/noticias\/el-color-del-optimismo\/\"},\"wordCount\":345,\"commentCount\":0,\"image\":{\"@id\":\"https:\/\/totenart.com\/noticias\/el-color-del-optimismo\/#primaryimage\"},\"thumbnailUrl\":\"https:\/\/totenart.com\/noticias\/wp-content\/uploads\/2016\/04\/color-del-optimismo-totenart.jpg\",\"keywords\":[\"el color del optimismo\",\"el optimismo del color\",\"exposici\u00f3n\",\"ilustraci\u00f3n\",\"ilustraciones\",\"Paula Bonet\",\"washington\"],\"articleSection\":[\"Totenart\"],\"inLanguage\":\"es\",\"potentialAction\":[{\"@type\":\"CommentAction\",\"name\":\"Comment\",\"target\":[\"https:\/\/totenart.com\/noticias\/el-color-del-optimismo\/#respond\"]}]},{\"@type\":\"WebPage\",\"@id\":\"https:\/\/totenart.com\/noticias\/el-color-del-optimismo\/\",\"url\":\"https:\/\/totenart.com\/noticias\/el-color-del-optimismo\/\",\"name\":\"El color del optimismo espa\u00f1ol invade Washington - Noticias de Arte Totenart\",\"isPartOf\":{\"@id\":\"https:\/\/totenart.com\/noticias\/#website\"},\"primaryImageOfPage\":{\"@id\":\"https:\/\/totenart.com\/noticias\/el-color-del-optimismo\/#primaryimage\"},\"image\":{\"@id\":\"https:\/\/totenart.com\/noticias\/el-color-del-optimismo\/#primaryimage\"},\"thumbnailUrl\":\"https:\/\/totenart.com\/noticias\/wp-content\/uploads\/2016\/04\/color-del-optimismo-totenart.jpg\",\"datePublished\":\"2016-04-29T13:19:00+00:00\",\"dateModified\":\"2019-03-03T08:37:04+00:00\",\"author\":{\"@id\":\"https:\/\/totenart.com\/noticias\/#\/schema\/person\/39b435d7a88c1b1341476fefcf6d13cb\"},\"description\":\"Desde esta semana y hasta el pr\u00f3ximo 29 de junio estar\u00e1 disponible la exposici\u00f3n \\\"Ilustradores Espa\u00f1oles: el color del optimismo\\\", en Washington.\",\"breadcrumb\":{\"@id\":\"https:\/\/totenart.com\/noticias\/el-color-del-optimismo\/#breadcrumb\"},\"inLanguage\":\"es\",\"potentialAction\":[{\"@type\":\"ReadAction\",\"target\":[\"https:\/\/totenart.com\/noticias\/el-color-del-optimismo\/\"]}]},{\"@type\":\"ImageObject\",\"inLanguage\":\"es\",\"@id\":\"https:\/\/totenart.com\/noticias\/el-color-del-optimismo\/#primaryimage\",\"url\":\"https:\/\/totenart.com\/noticias\/wp-content\/uploads\/2016\/04\/color-del-optimismo-totenart.jpg\",\"contentUrl\":\"https:\/\/totenart.com\/noticias\/wp-content\/uploads\/2016\/04\/color-del-optimismo-totenart.jpg\",\"width\":643,\"height\":362,\"caption\":\"color-del-optimismo-totenart\"},{\"@type\":\"BreadcrumbList\",\"@id\":\"https:\/\/totenart.com\/noticias\/el-color-del-optimismo\/#breadcrumb\",\"itemListElement\":[{\"@type\":\"ListItem\",\"position\":1,\"name\":\"Portada\",\"item\":\"https:\/\/totenart.com\/noticias\/\"},{\"@type\":\"ListItem\",\"position\":2,\"name\":\"El color del optimismo espa\u00f1ol invade Washington\"}]},{\"@type\":\"WebSite\",\"@id\":\"https:\/\/totenart.com\/noticias\/#website\",\"url\":\"https:\/\/totenart.com\/noticias\/\",\"name\":\"Noticias de Arte Totenart\",\"description\":\"Blog de noticias del mundo del arte: exposiciones, eventos, nuevos productos y materiales para artistas...\",\"potentialAction\":[{\"@type\":\"SearchAction\",\"target\":{\"@type\":\"EntryPoint\",\"urlTemplate\":\"https:\/\/totenart.com\/noticias\/?s={search_term_string}\"},\"query-input\":{\"@type\":\"PropertyValueSpecification\",\"valueRequired\":true,\"valueName\":\"search_term_string\"}}],\"inLanguage\":\"es\"},{\"@type\":\"Person\",\"@id\":\"https:\/\/totenart.com\/noticias\/#\/schema\/person\/39b435d7a88c1b1341476fefcf6d13cb\",\"name\":\"Paula\",\"image\":{\"@type\":\"ImageObject\",\"inLanguage\":\"es\",\"@id\":\"https:\/\/secure.gravatar.com\/avatar\/22d05c4209e1e337a4699d4a6816e571216746fa18a9406152971ce58951aa83?s=96&d=blank&r=r\",\"url\":\"https:\/\/secure.gravatar.com\/avatar\/22d05c4209e1e337a4699d4a6816e571216746fa18a9406152971ce58951aa83?s=96&d=blank&r=r\",\"contentUrl\":\"https:\/\/secure.gravatar.com\/avatar\/22d05c4209e1e337a4699d4a6816e571216746fa18a9406152971ce58951aa83?s=96&d=blank&r=r\",\"caption\":\"Paula\"},\"url\":\"https:\/\/totenart.com\/noticias\/author\/paula-herraiz\/\"}]}<\/script>\n<!-- \/ Yoast SEO plugin. -->","yoast_head_json":{"title":"El color del optimismo espa\u00f1ol invade Washington - Noticias de Arte Totenart","description":"Desde esta semana y hasta el pr\u00f3ximo 29 de junio estar\u00e1 disponible la exposici\u00f3n \"Ilustradores Espa\u00f1oles: el color del optimismo\", en Washington.","robots":{"index":"index","follow":"follow","max-snippet":"max-snippet:-1","max-image-preview":"max-image-preview:large","max-video-preview":"max-video-preview:-1"},"canonical":"https:\/\/totenart.com\/noticias\/el-color-del-optimismo\/","og_locale":"es_ES","og_type":"article","og_title":"El color del optimismo espa\u00f1ol invade Washington - Noticias de Arte Totenart","og_description":"Desde esta semana y hasta el pr\u00f3ximo 29 de junio estar\u00e1 disponible la exposici\u00f3n \"Ilustradores Espa\u00f1oles: el color del optimismo\", en Washington.","og_url":"https:\/\/totenart.com\/noticias\/el-color-del-optimismo\/","og_site_name":"Noticias de Arte Totenart","article_published_time":"2016-04-29T13:19:00+00:00","article_modified_time":"2019-03-03T08:37:04+00:00","og_image":[{"width":643,"height":362,"url":"https:\/\/totenart.com\/noticias\/wp-content\/uploads\/2016\/04\/color-del-optimismo-totenart.jpg","type":"image\/jpeg"}],"author":"Paula","twitter_misc":{"Escrito por":"Paula","Tiempo de lectura":"2 minutos"},"schema":{"@context":"https:\/\/schema.org","@graph":[{"@type":"Article","@id":"https:\/\/totenart.com\/noticias\/el-color-del-optimismo\/#article","isPartOf":{"@id":"https:\/\/totenart.com\/noticias\/el-color-del-optimismo\/"},"author":{"name":"Paula","@id":"https:\/\/totenart.com\/noticias\/#\/schema\/person\/39b435d7a88c1b1341476fefcf6d13cb"},"headline":"El color del optimismo espa\u00f1ol invade Washington","datePublished":"2016-04-29T13:19:00+00:00","dateModified":"2019-03-03T08:37:04+00:00","mainEntityOfPage":{"@id":"https:\/\/totenart.com\/noticias\/el-color-del-optimismo\/"},"wordCount":345,"commentCount":0,"image":{"@id":"https:\/\/totenart.com\/noticias\/el-color-del-optimismo\/#primaryimage"},"thumbnailUrl":"https:\/\/totenart.com\/noticias\/wp-content\/uploads\/2016\/04\/color-del-optimismo-totenart.jpg","keywords":["el color del optimismo","el optimismo del color","exposici\u00f3n","ilustraci\u00f3n","ilustraciones","Paula Bonet","washington"],"articleSection":["Totenart"],"inLanguage":"es","potentialAction":[{"@type":"CommentAction","name":"Comment","target":["https:\/\/totenart.com\/noticias\/el-color-del-optimismo\/#respond"]}]},{"@type":"WebPage","@id":"https:\/\/totenart.com\/noticias\/el-color-del-optimismo\/","url":"https:\/\/totenart.com\/noticias\/el-color-del-optimismo\/","name":"El color del optimismo espa\u00f1ol invade Washington - Noticias de Arte Totenart","isPartOf":{"@id":"https:\/\/totenart.com\/noticias\/#website"},"primaryImageOfPage":{"@id":"https:\/\/totenart.com\/noticias\/el-color-del-optimismo\/#primaryimage"},"image":{"@id":"https:\/\/totenart.com\/noticias\/el-color-del-optimismo\/#primaryimage"},"thumbnailUrl":"https:\/\/totenart.com\/noticias\/wp-content\/uploads\/2016\/04\/color-del-optimismo-totenart.jpg","datePublished":"2016-04-29T13:19:00+00:00","dateModified":"2019-03-03T08:37:04+00:00","author":{"@id":"https:\/\/totenart.com\/noticias\/#\/schema\/person\/39b435d7a88c1b1341476fefcf6d13cb"},"description":"Desde esta semana y hasta el pr\u00f3ximo 29 de junio estar\u00e1 disponible la exposici\u00f3n \"Ilustradores Espa\u00f1oles: el color del optimismo\", en Washington.","breadcrumb":{"@id":"https:\/\/totenart.com\/noticias\/el-color-del-optimismo\/#breadcrumb"},"inLanguage":"es","potentialAction":[{"@type":"ReadAction","target":["https:\/\/totenart.com\/noticias\/el-color-del-optimismo\/"]}]},{"@type":"ImageObject","inLanguage":"es","@id":"https:\/\/totenart.com\/noticias\/el-color-del-optimismo\/#primaryimage","url":"https:\/\/totenart.com\/noticias\/wp-content\/uploads\/2016\/04\/color-del-optimismo-totenart.jpg","contentUrl":"https:\/\/totenart.com\/noticias\/wp-content\/uploads\/2016\/04\/color-del-optimismo-totenart.jpg","width":643,"height":362,"caption":"color-del-optimismo-totenart"},{"@type":"BreadcrumbList","@id":"https:\/\/totenart.com\/noticias\/el-color-del-optimismo\/#breadcrumb","itemListElement":[{"@type":"ListItem","position":1,"name":"Portada","item":"https:\/\/totenart.com\/noticias\/"},{"@type":"ListItem","position":2,"name":"El color del optimismo espa\u00f1ol invade Washington"}]},{"@type":"WebSite","@id":"https:\/\/totenart.com\/noticias\/#website","url":"https:\/\/totenart.com\/noticias\/","name":"Noticias de Arte Totenart","description":"Blog de noticias del mundo del arte: exposiciones, eventos, nuevos productos y materiales para artistas...","potentialAction":[{"@type":"SearchAction","target":{"@type":"EntryPoint","urlTemplate":"https:\/\/totenart.com\/noticias\/?s={search_term_string}"},"query-input":{"@type":"PropertyValueSpecification","valueRequired":true,"valueName":"search_term_string"}}],"inLanguage":"es"},{"@type":"Person","@id":"https:\/\/totenart.com\/noticias\/#\/schema\/person\/39b435d7a88c1b1341476fefcf6d13cb","name":"Paula","image":{"@type":"ImageObject","inLanguage":"es","@id":"https:\/\/secure.gravatar.com\/avatar\/22d05c4209e1e337a4699d4a6816e571216746fa18a9406152971ce58951aa83?s=96&d=blank&r=r","url":"https:\/\/secure.gravatar.com\/avatar\/22d05c4209e1e337a4699d4a6816e571216746fa18a9406152971ce58951aa83?s=96&d=blank&r=r","contentUrl":"https:\/\/secure.gravatar.com\/avatar\/22d05c4209e1e337a4699d4a6816e571216746fa18a9406152971ce58951aa83?s=96&d=blank&r=r","caption":"Paula"},"url":"https:\/\/totenart.com\/noticias\/author\/paula-herraiz\/"}]}},"_links":{"self":[{"href":"https:\/\/totenart.com\/noticias\/wp-json\/wp\/v2\/posts\/4658","targetHints":{"allow":["GET"]}}],"collection":[{"href":"https:\/\/totenart.com\/noticias\/wp-json\/wp\/v2\/posts"}],"about":[{"href":"https:\/\/totenart.com\/noticias\/wp-json\/wp\/v2\/types\/post"}],"author":[{"embeddable":true,"href":"https:\/\/totenart.com\/noticias\/wp-json\/wp\/v2\/users\/8"}],"replies":[{"embeddable":true,"href":"https:\/\/totenart.com\/noticias\/wp-json\/wp\/v2\/comments?post=4658"}],"version-history":[{"count":0,"href":"https:\/\/totenart.com\/noticias\/wp-json\/wp\/v2\/posts\/4658\/revisions"}],"wp:featuredmedia":[{"embeddable":true,"href":"https:\/\/totenart.com\/noticias\/wp-json\/wp\/v2\/media\/4660"}],"wp:attachment":[{"href":"https:\/\/totenart.com\/noticias\/wp-json\/wp\/v2\/media?parent=4658"}],"wp:term":[{"taxonomy":"category","embeddable":true,"href":"https:\/\/totenart.com\/noticias\/wp-json\/wp\/v2\/categories?post=4658"},{"taxonomy":"post_tag","embeddable":true,"href":"https:\/\/totenart.com\/noticias\/wp-json\/wp\/v2\/tags?post=4658"}],"curies":[{"name":"wp","href":"https:\/\/api.w.org\/{rel}","templated":true}]}}