



{"id":4742,"date":"2016-05-27T18:17:02","date_gmt":"2016-05-27T16:17:02","guid":{"rendered":"http:\/\/totenart.com\/noticias\/?p=4742"},"modified":"2019-03-03T09:34:18","modified_gmt":"2019-03-03T08:34:18","slug":"los-retratos-atleticos-yann-dalon","status":"publish","type":"post","link":"https:\/\/totenart.com\/noticias\/los-retratos-atleticos-yann-dalon\/","title":{"rendered":"Los retratos atl\u00e9ticos de Yann Dalon"},"content":{"rendered":"<p>El ate y el deporte se han vuelto a dar la mano, esta vez gracias a los <a href=\"https:\/\/totenart.com\/acrilicos?utm_source=Noticias&amp;utm_medium=post&amp;utm_campaign=yann-dalon\" target=\"_blank\" rel=\"noopener\">acr\u00edlicos<\/a> de Yan Dalon. Este artista sabe capar la mejor de las expresiones de sus \u00eddolos y volcarlas en el lienzo.\u00a0Haciendo creaciones dignas de toda admiraci\u00f3n.<\/p>\n<p>Este ilustrador parisino se apoya en muchas ocasiones en la imagen por ordenador para poder tomar referencias de los retratos, aunque la mayor parte de su parte est\u00e1 confecciona con pintura acr\u00edlica y acuarela.<\/p>\n<p>\u00bfQu\u00e9 tal vais de deportistas?<\/p>\n<p>Os dejamos algunas de sus ilustraciones a ver si reconoc\u00e9is a todos los deportistas de Yann Dalon que hemos seleccionado.<\/p>\n<p>1.<\/p>\n<p><img loading=\"lazy\" decoding=\"async\" class=\"aligncenter size-full wp-image-4743\" src=\"https:\/\/totenart.com\/noticias\/wp-content\/uploads\/2016\/05\/yYann-Dalon-cam-newton-totenart.jpg\" alt=\"yYann Dalon-cam-newton-totenart\" width=\"960\" height=\"506\" srcset=\"https:\/\/totenart.com\/noticias\/wp-content\/uploads\/2016\/05\/yYann-Dalon-cam-newton-totenart.jpg 960w, https:\/\/totenart.com\/noticias\/wp-content\/uploads\/2016\/05\/yYann-Dalon-cam-newton-totenart-300x158.jpg 300w, https:\/\/totenart.com\/noticias\/wp-content\/uploads\/2016\/05\/yYann-Dalon-cam-newton-totenart-768x405.jpg 768w\" sizes=\"auto, (max-width: 960px) 100vw, 960px\" \/><\/p>\n<p>2.<\/p>\n<p><img loading=\"lazy\" decoding=\"async\" class=\"aligncenter size-full wp-image-4744\" src=\"https:\/\/totenart.com\/noticias\/wp-content\/uploads\/2016\/05\/yYann-Dalon-coby-bryan-totenart.jpg\" alt=\"Yann Dalon-Kobe-bryant-totenart\" width=\"938\" height=\"960\" srcset=\"https:\/\/totenart.com\/noticias\/wp-content\/uploads\/2016\/05\/yYann-Dalon-coby-bryan-totenart.jpg 938w, https:\/\/totenart.com\/noticias\/wp-content\/uploads\/2016\/05\/yYann-Dalon-coby-bryan-totenart-293x300.jpg 293w, https:\/\/totenart.com\/noticias\/wp-content\/uploads\/2016\/05\/yYann-Dalon-coby-bryan-totenart-768x786.jpg 768w\" sizes=\"auto, (max-width: 938px) 100vw, 938px\" \/><\/p>\n<p>3.<img loading=\"lazy\" decoding=\"async\" class=\"aligncenter size-full wp-image-4745\" src=\"https:\/\/totenart.com\/noticias\/wp-content\/uploads\/2016\/05\/yYann-Dalon-griezman-totenart.jpg\" alt=\"yYann Dalon-griezman-totenart\" width=\"600\" height=\"759\" srcset=\"https:\/\/totenart.com\/noticias\/wp-content\/uploads\/2016\/05\/yYann-Dalon-griezman-totenart.jpg 600w, https:\/\/totenart.com\/noticias\/wp-content\/uploads\/2016\/05\/yYann-Dalon-griezman-totenart-237x300.jpg 237w\" sizes=\"auto, (max-width: 600px) 100vw, 600px\" \/><\/p>\n<p>4.<img loading=\"lazy\" decoding=\"async\" class=\"aligncenter size-full wp-image-4746\" src=\"https:\/\/totenart.com\/noticias\/wp-content\/uploads\/2016\/05\/yYann-Dalon-maradonatotenart.jpg\" alt=\"yYann Dalon-maradonatotenart\" width=\"718\" height=\"960\" srcset=\"https:\/\/totenart.com\/noticias\/wp-content\/uploads\/2016\/05\/yYann-Dalon-maradonatotenart.jpg 718w, https:\/\/totenart.com\/noticias\/wp-content\/uploads\/2016\/05\/yYann-Dalon-maradonatotenart-224x300.jpg 224w\" sizes=\"auto, (max-width: 718px) 100vw, 718px\" \/><\/p>\n<p>5.<img loading=\"lazy\" decoding=\"async\" class=\"aligncenter size-full wp-image-4749\" src=\"https:\/\/totenart.com\/noticias\/wp-content\/uploads\/2016\/05\/yYann-Dalon-pele-totenart.jpg\" alt=\"yYann Dalon-pele-totenart\" width=\"960\" height=\"450\" srcset=\"https:\/\/totenart.com\/noticias\/wp-content\/uploads\/2016\/05\/yYann-Dalon-pele-totenart.jpg 960w, https:\/\/totenart.com\/noticias\/wp-content\/uploads\/2016\/05\/yYann-Dalon-pele-totenart-300x141.jpg 300w, https:\/\/totenart.com\/noticias\/wp-content\/uploads\/2016\/05\/yYann-Dalon-pele-totenart-768x360.jpg 768w\" sizes=\"auto, (max-width: 960px) 100vw, 960px\" \/><\/p>\n<p>6.<img loading=\"lazy\" decoding=\"async\" class=\"aligncenter size-full wp-image-4750\" src=\"https:\/\/totenart.com\/noticias\/wp-content\/uploads\/2016\/05\/yYann-Dalon-riguelme-totenart.jpg\" alt=\"yYann Dalon-riguelme-totenart\" width=\"329\" height=\"395\" srcset=\"https:\/\/totenart.com\/noticias\/wp-content\/uploads\/2016\/05\/yYann-Dalon-riguelme-totenart.jpg 329w, https:\/\/totenart.com\/noticias\/wp-content\/uploads\/2016\/05\/yYann-Dalon-riguelme-totenart-250x300.jpg 250w\" sizes=\"auto, (max-width: 329px) 100vw, 329px\" \/><\/p>\n<p>7.<img loading=\"lazy\" decoding=\"async\" class=\"aligncenter size-full wp-image-4751\" src=\"https:\/\/totenart.com\/noticias\/wp-content\/uploads\/2016\/05\/yYann-Dalon-yesse-owen-totenart.jpg\" alt=\"yYann Dalon-yesse-owen-totenart\" width=\"693\" height=\"960\" srcset=\"https:\/\/totenart.com\/noticias\/wp-content\/uploads\/2016\/05\/yYann-Dalon-yesse-owen-totenart.jpg 693w, https:\/\/totenart.com\/noticias\/wp-content\/uploads\/2016\/05\/yYann-Dalon-yesse-owen-totenart-217x300.jpg 217w\" sizes=\"auto, (max-width: 693px) 100vw, 693px\" \/><\/p>\n<p>9.<\/p>\n<p><img loading=\"lazy\" decoding=\"async\" class=\"aligncenter size-full wp-image-4752\" src=\"https:\/\/totenart.com\/noticias\/wp-content\/uploads\/2016\/05\/yYann-Dalon-messi-ronaldo-totenart-1.jpg\" alt=\"yYann Dalon-messi-ronaldo-totenart\" width=\"960\" height=\"960\" srcset=\"https:\/\/totenart.com\/noticias\/wp-content\/uploads\/2016\/05\/yYann-Dalon-messi-ronaldo-totenart-1.jpg 960w, https:\/\/totenart.com\/noticias\/wp-content\/uploads\/2016\/05\/yYann-Dalon-messi-ronaldo-totenart-1-150x150.jpg 150w, https:\/\/totenart.com\/noticias\/wp-content\/uploads\/2016\/05\/yYann-Dalon-messi-ronaldo-totenart-1-300x300.jpg 300w, https:\/\/totenart.com\/noticias\/wp-content\/uploads\/2016\/05\/yYann-Dalon-messi-ronaldo-totenart-1-768x768.jpg 768w\" sizes=\"auto, (max-width: 960px) 100vw, 960px\" \/><\/p>\n<p>\u00bfLos reconoces a todos? \u00bfqu\u00e9 numero te falta?<\/p>\n<p>\u00bfQu\u00e9 te ha parecido el trabajo de Yann Dalon?<\/p>\n","protected":false},"excerpt":{"rendered":"<p>El ate y el deporte se han vuelto a dar la mano, esta vez gracias a los acr\u00edlicos de Yan Dalon. Este artista sabe capar la mejor de las expresiones de sus \u00eddolos y volcarlas en el lienzo.\u00a0Haciendo creaciones dignas de toda admiraci\u00f3n. Este ilustrador parisino se apoya en muchas ocasiones en la imagen por [&hellip;]<\/p>\n","protected":false},"author":8,"featured_media":4747,"comment_status":"open","ping_status":"open","sticky":false,"template":"","format":"standard","meta":{"footnotes":""},"categories":[8],"tags":[656,30,655,654,653],"class_list":["post-4742","post","type-post","status-publish","format-standard","has-post-thumbnail","hentry","category-artista-destacado","tag-deportistas","tag-retratos","tag-retratos-atleticos","tag-retratos-depoprtistas","tag-yann-dalon"],"yoast_head":"<!-- This site is optimized with the Yoast SEO plugin v27.2 - https:\/\/yoast.com\/product\/yoast-seo-wordpress\/ -->\n<title>Los retratos atl\u00e9ticos de Yann Dalon - Noticias de Arte Totenart<\/title>\n<meta name=\"description\" content=\"cuando se juntan la pasi\u00f3n por la pintura y el deporte surgen cosas maravillosas como las que brotan de la imaginaci\u00f3n de Yann Dalon.\" \/>\n<meta name=\"robots\" content=\"index, follow, max-snippet:-1, max-image-preview:large, max-video-preview:-1\" \/>\n<link rel=\"canonical\" href=\"https:\/\/totenart.com\/noticias\/los-retratos-atleticos-yann-dalon\/\" \/>\n<meta property=\"og:locale\" content=\"es_ES\" \/>\n<meta property=\"og:type\" content=\"article\" \/>\n<meta property=\"og:title\" content=\"Los retratos atl\u00e9ticos de Yann Dalon - Noticias de Arte Totenart\" \/>\n<meta property=\"og:description\" content=\"cuando se juntan la pasi\u00f3n por la pintura y el deporte surgen cosas maravillosas como las que brotan de la imaginaci\u00f3n de Yann Dalon.\" \/>\n<meta property=\"og:url\" content=\"https:\/\/totenart.com\/noticias\/los-retratos-atleticos-yann-dalon\/\" \/>\n<meta property=\"og:site_name\" content=\"Noticias de Arte Totenart\" \/>\n<meta property=\"article:published_time\" content=\"2016-05-27T16:17:02+00:00\" \/>\n<meta property=\"article:modified_time\" content=\"2019-03-03T08:34:18+00:00\" \/>\n<meta property=\"og:image\" content=\"https:\/\/totenart.com\/noticias\/wp-content\/uploads\/2016\/05\/yYann-Dalon-messi-ronaldo-totenart.jpg\" \/>\n\t<meta property=\"og:image:width\" content=\"960\" \/>\n\t<meta property=\"og:image:height\" content=\"960\" \/>\n\t<meta property=\"og:image:type\" content=\"image\/jpeg\" \/>\n<meta name=\"author\" content=\"Paula\" \/>\n<meta name=\"twitter:label1\" content=\"Escrito por\" \/>\n\t<meta name=\"twitter:data1\" content=\"Paula\" \/>\n\t<meta name=\"twitter:label2\" content=\"Tiempo de lectura\" \/>\n\t<meta name=\"twitter:data2\" content=\"1 minuto\" \/>\n<script type=\"application\/ld+json\" class=\"yoast-schema-graph\">{\"@context\":\"https:\/\/schema.org\",\"@graph\":[{\"@type\":\"Article\",\"@id\":\"https:\/\/totenart.com\/noticias\/los-retratos-atleticos-yann-dalon\/#article\",\"isPartOf\":{\"@id\":\"https:\/\/totenart.com\/noticias\/los-retratos-atleticos-yann-dalon\/\"},\"author\":{\"name\":\"Paula\",\"@id\":\"https:\/\/totenart.com\/noticias\/#\/schema\/person\/39b435d7a88c1b1341476fefcf6d13cb\"},\"headline\":\"Los retratos atl\u00e9ticos de Yann Dalon\",\"datePublished\":\"2016-05-27T16:17:02+00:00\",\"dateModified\":\"2019-03-03T08:34:18+00:00\",\"mainEntityOfPage\":{\"@id\":\"https:\/\/totenart.com\/noticias\/los-retratos-atleticos-yann-dalon\/\"},\"wordCount\":131,\"commentCount\":3,\"image\":{\"@id\":\"https:\/\/totenart.com\/noticias\/los-retratos-atleticos-yann-dalon\/#primaryimage\"},\"thumbnailUrl\":\"https:\/\/totenart.com\/noticias\/wp-content\/uploads\/2016\/05\/yYann-Dalon-messi-ronaldo-totenart.jpg\",\"keywords\":[\"deportistas\",\"retratos\",\"retratos atl\u00e9ticos\",\"retratos depoprtistas\",\"Yann Dalon\"],\"articleSection\":[\"Artista destacado\"],\"inLanguage\":\"es\",\"potentialAction\":[{\"@type\":\"CommentAction\",\"name\":\"Comment\",\"target\":[\"https:\/\/totenart.com\/noticias\/los-retratos-atleticos-yann-dalon\/#respond\"]}]},{\"@type\":\"WebPage\",\"@id\":\"https:\/\/totenart.com\/noticias\/los-retratos-atleticos-yann-dalon\/\",\"url\":\"https:\/\/totenart.com\/noticias\/los-retratos-atleticos-yann-dalon\/\",\"name\":\"Los retratos atl\u00e9ticos de Yann Dalon - Noticias de Arte Totenart\",\"isPartOf\":{\"@id\":\"https:\/\/totenart.com\/noticias\/#website\"},\"primaryImageOfPage\":{\"@id\":\"https:\/\/totenart.com\/noticias\/los-retratos-atleticos-yann-dalon\/#primaryimage\"},\"image\":{\"@id\":\"https:\/\/totenart.com\/noticias\/los-retratos-atleticos-yann-dalon\/#primaryimage\"},\"thumbnailUrl\":\"https:\/\/totenart.com\/noticias\/wp-content\/uploads\/2016\/05\/yYann-Dalon-messi-ronaldo-totenart.jpg\",\"datePublished\":\"2016-05-27T16:17:02+00:00\",\"dateModified\":\"2019-03-03T08:34:18+00:00\",\"author\":{\"@id\":\"https:\/\/totenart.com\/noticias\/#\/schema\/person\/39b435d7a88c1b1341476fefcf6d13cb\"},\"description\":\"cuando se juntan la pasi\u00f3n por la pintura y el deporte surgen cosas maravillosas como las que brotan de la imaginaci\u00f3n de Yann Dalon.\",\"breadcrumb\":{\"@id\":\"https:\/\/totenart.com\/noticias\/los-retratos-atleticos-yann-dalon\/#breadcrumb\"},\"inLanguage\":\"es\",\"potentialAction\":[{\"@type\":\"ReadAction\",\"target\":[\"https:\/\/totenart.com\/noticias\/los-retratos-atleticos-yann-dalon\/\"]}]},{\"@type\":\"ImageObject\",\"inLanguage\":\"es\",\"@id\":\"https:\/\/totenart.com\/noticias\/los-retratos-atleticos-yann-dalon\/#primaryimage\",\"url\":\"https:\/\/totenart.com\/noticias\/wp-content\/uploads\/2016\/05\/yYann-Dalon-messi-ronaldo-totenart.jpg\",\"contentUrl\":\"https:\/\/totenart.com\/noticias\/wp-content\/uploads\/2016\/05\/yYann-Dalon-messi-ronaldo-totenart.jpg\",\"width\":960,\"height\":960,\"caption\":\"yYann Dalon-messi-ronaldo-totenart\"},{\"@type\":\"BreadcrumbList\",\"@id\":\"https:\/\/totenart.com\/noticias\/los-retratos-atleticos-yann-dalon\/#breadcrumb\",\"itemListElement\":[{\"@type\":\"ListItem\",\"position\":1,\"name\":\"Portada\",\"item\":\"https:\/\/totenart.com\/noticias\/\"},{\"@type\":\"ListItem\",\"position\":2,\"name\":\"Los retratos atl\u00e9ticos de Yann Dalon\"}]},{\"@type\":\"WebSite\",\"@id\":\"https:\/\/totenart.com\/noticias\/#website\",\"url\":\"https:\/\/totenart.com\/noticias\/\",\"name\":\"Noticias de Arte Totenart\",\"description\":\"Blog de noticias del mundo del arte: exposiciones, eventos, nuevos productos y materiales para artistas...\",\"potentialAction\":[{\"@type\":\"SearchAction\",\"target\":{\"@type\":\"EntryPoint\",\"urlTemplate\":\"https:\/\/totenart.com\/noticias\/?s={search_term_string}\"},\"query-input\":{\"@type\":\"PropertyValueSpecification\",\"valueRequired\":true,\"valueName\":\"search_term_string\"}}],\"inLanguage\":\"es\"},{\"@type\":\"Person\",\"@id\":\"https:\/\/totenart.com\/noticias\/#\/schema\/person\/39b435d7a88c1b1341476fefcf6d13cb\",\"name\":\"Paula\",\"image\":{\"@type\":\"ImageObject\",\"inLanguage\":\"es\",\"@id\":\"https:\/\/secure.gravatar.com\/avatar\/22d05c4209e1e337a4699d4a6816e571216746fa18a9406152971ce58951aa83?s=96&d=blank&r=r\",\"url\":\"https:\/\/secure.gravatar.com\/avatar\/22d05c4209e1e337a4699d4a6816e571216746fa18a9406152971ce58951aa83?s=96&d=blank&r=r\",\"contentUrl\":\"https:\/\/secure.gravatar.com\/avatar\/22d05c4209e1e337a4699d4a6816e571216746fa18a9406152971ce58951aa83?s=96&d=blank&r=r\",\"caption\":\"Paula\"},\"url\":\"https:\/\/totenart.com\/noticias\/author\/paula-herraiz\/\"}]}<\/script>\n<!-- \/ Yoast SEO plugin. -->","yoast_head_json":{"title":"Los retratos atl\u00e9ticos de Yann Dalon - Noticias de Arte Totenart","description":"cuando se juntan la pasi\u00f3n por la pintura y el deporte surgen cosas maravillosas como las que brotan de la imaginaci\u00f3n de Yann Dalon.","robots":{"index":"index","follow":"follow","max-snippet":"max-snippet:-1","max-image-preview":"max-image-preview:large","max-video-preview":"max-video-preview:-1"},"canonical":"https:\/\/totenart.com\/noticias\/los-retratos-atleticos-yann-dalon\/","og_locale":"es_ES","og_type":"article","og_title":"Los retratos atl\u00e9ticos de Yann Dalon - Noticias de Arte Totenart","og_description":"cuando se juntan la pasi\u00f3n por la pintura y el deporte surgen cosas maravillosas como las que brotan de la imaginaci\u00f3n de Yann Dalon.","og_url":"https:\/\/totenart.com\/noticias\/los-retratos-atleticos-yann-dalon\/","og_site_name":"Noticias de Arte Totenart","article_published_time":"2016-05-27T16:17:02+00:00","article_modified_time":"2019-03-03T08:34:18+00:00","og_image":[{"width":960,"height":960,"url":"https:\/\/totenart.com\/noticias\/wp-content\/uploads\/2016\/05\/yYann-Dalon-messi-ronaldo-totenart.jpg","type":"image\/jpeg"}],"author":"Paula","twitter_misc":{"Escrito por":"Paula","Tiempo de lectura":"1 minuto"},"schema":{"@context":"https:\/\/schema.org","@graph":[{"@type":"Article","@id":"https:\/\/totenart.com\/noticias\/los-retratos-atleticos-yann-dalon\/#article","isPartOf":{"@id":"https:\/\/totenart.com\/noticias\/los-retratos-atleticos-yann-dalon\/"},"author":{"name":"Paula","@id":"https:\/\/totenart.com\/noticias\/#\/schema\/person\/39b435d7a88c1b1341476fefcf6d13cb"},"headline":"Los retratos atl\u00e9ticos de Yann Dalon","datePublished":"2016-05-27T16:17:02+00:00","dateModified":"2019-03-03T08:34:18+00:00","mainEntityOfPage":{"@id":"https:\/\/totenart.com\/noticias\/los-retratos-atleticos-yann-dalon\/"},"wordCount":131,"commentCount":3,"image":{"@id":"https:\/\/totenart.com\/noticias\/los-retratos-atleticos-yann-dalon\/#primaryimage"},"thumbnailUrl":"https:\/\/totenart.com\/noticias\/wp-content\/uploads\/2016\/05\/yYann-Dalon-messi-ronaldo-totenart.jpg","keywords":["deportistas","retratos","retratos atl\u00e9ticos","retratos depoprtistas","Yann Dalon"],"articleSection":["Artista destacado"],"inLanguage":"es","potentialAction":[{"@type":"CommentAction","name":"Comment","target":["https:\/\/totenart.com\/noticias\/los-retratos-atleticos-yann-dalon\/#respond"]}]},{"@type":"WebPage","@id":"https:\/\/totenart.com\/noticias\/los-retratos-atleticos-yann-dalon\/","url":"https:\/\/totenart.com\/noticias\/los-retratos-atleticos-yann-dalon\/","name":"Los retratos atl\u00e9ticos de Yann Dalon - Noticias de Arte Totenart","isPartOf":{"@id":"https:\/\/totenart.com\/noticias\/#website"},"primaryImageOfPage":{"@id":"https:\/\/totenart.com\/noticias\/los-retratos-atleticos-yann-dalon\/#primaryimage"},"image":{"@id":"https:\/\/totenart.com\/noticias\/los-retratos-atleticos-yann-dalon\/#primaryimage"},"thumbnailUrl":"https:\/\/totenart.com\/noticias\/wp-content\/uploads\/2016\/05\/yYann-Dalon-messi-ronaldo-totenart.jpg","datePublished":"2016-05-27T16:17:02+00:00","dateModified":"2019-03-03T08:34:18+00:00","author":{"@id":"https:\/\/totenart.com\/noticias\/#\/schema\/person\/39b435d7a88c1b1341476fefcf6d13cb"},"description":"cuando se juntan la pasi\u00f3n por la pintura y el deporte surgen cosas maravillosas como las que brotan de la imaginaci\u00f3n de Yann Dalon.","breadcrumb":{"@id":"https:\/\/totenart.com\/noticias\/los-retratos-atleticos-yann-dalon\/#breadcrumb"},"inLanguage":"es","potentialAction":[{"@type":"ReadAction","target":["https:\/\/totenart.com\/noticias\/los-retratos-atleticos-yann-dalon\/"]}]},{"@type":"ImageObject","inLanguage":"es","@id":"https:\/\/totenart.com\/noticias\/los-retratos-atleticos-yann-dalon\/#primaryimage","url":"https:\/\/totenart.com\/noticias\/wp-content\/uploads\/2016\/05\/yYann-Dalon-messi-ronaldo-totenart.jpg","contentUrl":"https:\/\/totenart.com\/noticias\/wp-content\/uploads\/2016\/05\/yYann-Dalon-messi-ronaldo-totenart.jpg","width":960,"height":960,"caption":"yYann Dalon-messi-ronaldo-totenart"},{"@type":"BreadcrumbList","@id":"https:\/\/totenart.com\/noticias\/los-retratos-atleticos-yann-dalon\/#breadcrumb","itemListElement":[{"@type":"ListItem","position":1,"name":"Portada","item":"https:\/\/totenart.com\/noticias\/"},{"@type":"ListItem","position":2,"name":"Los retratos atl\u00e9ticos de Yann Dalon"}]},{"@type":"WebSite","@id":"https:\/\/totenart.com\/noticias\/#website","url":"https:\/\/totenart.com\/noticias\/","name":"Noticias de Arte Totenart","description":"Blog de noticias del mundo del arte: exposiciones, eventos, nuevos productos y materiales para artistas...","potentialAction":[{"@type":"SearchAction","target":{"@type":"EntryPoint","urlTemplate":"https:\/\/totenart.com\/noticias\/?s={search_term_string}"},"query-input":{"@type":"PropertyValueSpecification","valueRequired":true,"valueName":"search_term_string"}}],"inLanguage":"es"},{"@type":"Person","@id":"https:\/\/totenart.com\/noticias\/#\/schema\/person\/39b435d7a88c1b1341476fefcf6d13cb","name":"Paula","image":{"@type":"ImageObject","inLanguage":"es","@id":"https:\/\/secure.gravatar.com\/avatar\/22d05c4209e1e337a4699d4a6816e571216746fa18a9406152971ce58951aa83?s=96&d=blank&r=r","url":"https:\/\/secure.gravatar.com\/avatar\/22d05c4209e1e337a4699d4a6816e571216746fa18a9406152971ce58951aa83?s=96&d=blank&r=r","contentUrl":"https:\/\/secure.gravatar.com\/avatar\/22d05c4209e1e337a4699d4a6816e571216746fa18a9406152971ce58951aa83?s=96&d=blank&r=r","caption":"Paula"},"url":"https:\/\/totenart.com\/noticias\/author\/paula-herraiz\/"}]}},"_links":{"self":[{"href":"https:\/\/totenart.com\/noticias\/wp-json\/wp\/v2\/posts\/4742","targetHints":{"allow":["GET"]}}],"collection":[{"href":"https:\/\/totenart.com\/noticias\/wp-json\/wp\/v2\/posts"}],"about":[{"href":"https:\/\/totenart.com\/noticias\/wp-json\/wp\/v2\/types\/post"}],"author":[{"embeddable":true,"href":"https:\/\/totenart.com\/noticias\/wp-json\/wp\/v2\/users\/8"}],"replies":[{"embeddable":true,"href":"https:\/\/totenart.com\/noticias\/wp-json\/wp\/v2\/comments?post=4742"}],"version-history":[{"count":0,"href":"https:\/\/totenart.com\/noticias\/wp-json\/wp\/v2\/posts\/4742\/revisions"}],"wp:featuredmedia":[{"embeddable":true,"href":"https:\/\/totenart.com\/noticias\/wp-json\/wp\/v2\/media\/4747"}],"wp:attachment":[{"href":"https:\/\/totenart.com\/noticias\/wp-json\/wp\/v2\/media?parent=4742"}],"wp:term":[{"taxonomy":"category","embeddable":true,"href":"https:\/\/totenart.com\/noticias\/wp-json\/wp\/v2\/categories?post=4742"},{"taxonomy":"post_tag","embeddable":true,"href":"https:\/\/totenart.com\/noticias\/wp-json\/wp\/v2\/tags?post=4742"}],"curies":[{"name":"wp","href":"https:\/\/api.w.org\/{rel}","templated":true}]}}