



{"id":5607,"date":"2017-03-24T19:43:33","date_gmt":"2017-03-24T18:43:33","guid":{"rendered":"https:\/\/totenart.com\/noticias\/?p=5607"},"modified":"2017-03-24T19:43:33","modified_gmt":"2017-03-24T18:43:33","slug":"color-chanclas-virales","status":"publish","type":"post","link":"https:\/\/totenart.com\/noticias\/color-chanclas-virales\/","title":{"rendered":"\u00bfDe qu\u00e9 color son las chanclas virales?"},"content":{"rendered":"<p>De los que nos alucinamos con aquel famoso vestido que cada uno ve\u00eda de un color llegan ahora las chanclas virales que tampoco se sabe de qu\u00e9 color son!!<\/p>\n<p><img loading=\"lazy\" decoding=\"async\" class=\"aligncenter size-full wp-image-5610\" src=\"https:\/\/totenart.com\/noticias\/wp-content\/uploads\/2017\/03\/de-que-color-son-las-chanclas-noticia-totenart.jpg\" alt=\"de-que-color-son-las-chanclas-noticia-totenart\" width=\"649\" height=\"328\" srcset=\"https:\/\/totenart.com\/noticias\/wp-content\/uploads\/2017\/03\/de-que-color-son-las-chanclas-noticia-totenart.jpg 649w, https:\/\/totenart.com\/noticias\/wp-content\/uploads\/2017\/03\/de-que-color-son-las-chanclas-noticia-totenart-300x152.jpg 300w\" sizes=\"auto, (max-width: 649px) 100vw, 649px\" \/><\/p>\n<p>Tanto si eres de los que lo ven blando y dorado como si eras de los de azul y negro&#8230; este debate tambi\u00e9n trae la misma controversia. En esta ocasi\u00f3n el conflicto si tiene autor\u00eda&#8230; La \u00abculpable\u00bb es una foto que public\u00f3 en facebook Vanessa Marques en su cuenta.<\/p>\n<p>En unos pocos d\u00edas ya se convirti\u00f3 en todo un fen\u00f3meno viral, igual que sucediera con el vestido en Twitter. El mundo vuelve a quedar dividido en dos:<\/p>\n<ul>\n<li>blanco y amarillo\/dorado<\/li>\n<li>azul y gris\/plata<\/li>\n<\/ul>\n<p><a href=\"https:\/\/totenart.com\/noticias\/wp-content\/uploads\/2017\/03\/de-que-color-son-las-chanclas.jpg\"><img loading=\"lazy\" decoding=\"async\" class=\"aligncenter size-full wp-image-5608\" src=\"https:\/\/totenart.com\/noticias\/wp-content\/uploads\/2017\/03\/de-que-color-son-las-chanclas.jpg\" alt=\"de-que-color-son-las-chanclas\" width=\"320\" height=\"533\" srcset=\"https:\/\/totenart.com\/noticias\/wp-content\/uploads\/2017\/03\/de-que-color-son-las-chanclas.jpg 320w, https:\/\/totenart.com\/noticias\/wp-content\/uploads\/2017\/03\/de-que-color-son-las-chanclas-180x300.jpg 180w\" sizes=\"auto, (max-width: 320px) 100vw, 320px\" \/><\/a><\/p>\n<p><strong>Pero&#8230; \u00bfpor qu\u00e9 sucede \u00e9sto?<\/strong><\/p>\n<p>Si vi\u00e9ramos las chanclas en directo, al natural todos (o casi todos) coincidir\u00edamos en los colores, la controversia aparece en el momento en el que se hace la fotograf\u00eda y es emitida por una pantalla luminosa. En este caso la cosa cambia.<\/p>\n<p>Podr\u00edamos decir que en las pantallas, las cosas no tienen un \u00fanico color, solo que percibimos toda esa luz de una manera y otra en funci\u00f3n de c\u00f3mo sean nuestros receptores y de la informaci\u00f3n que posea nuestro cerebro.<\/p>\n<p>&nbsp;<\/p>\n<p>Los receptores est\u00e1n situados en la retina, es en ese fondo del ojo donde se proyectan todas las im\u00e1genes que pasan a trav\u00e9s de la pupila y el cristalino, para darle una informaci\u00f3n al cerebro. Es en este punto exacto donde para algunos surge la informaci\u00f3n azul\/negro o blanco\/amarillo, pero tambi\u00e9n es el momento que lleva a muchos estudiosos a valorar que puede ser pr\u00e1cticamente imposible que \u00a0dos personas vean y procesen un color de la misma forma.<\/p>\n<p><a href=\"https:\/\/totenart.com\/noticias\/wp-content\/uploads\/2017\/03\/de-que-color-son-las-chanclas-noticias-totenart.jpg\"><img loading=\"lazy\" decoding=\"async\" class=\"aligncenter wp-image-5609 size-full\" src=\"https:\/\/totenart.com\/noticias\/wp-content\/uploads\/2017\/03\/de-que-color-son-las-chanclas-noticias-totenart.jpg\" alt=\"de-que-color-son-las-chanclas-noticias-totenart\" width=\"400\" height=\"269\" srcset=\"https:\/\/totenart.com\/noticias\/wp-content\/uploads\/2017\/03\/de-que-color-son-las-chanclas-noticias-totenart.jpg 400w, https:\/\/totenart.com\/noticias\/wp-content\/uploads\/2017\/03\/de-que-color-son-las-chanclas-noticias-totenart-300x202.jpg 300w\" sizes=\"auto, (max-width: 400px) 100vw, 400px\" \/><\/a><\/p>\n<p>\u00bfTe lo hab\u00edas planteado alguna vez?<\/p>\n<p>\u00bfVolviendo al quiz de la cuesti\u00f3n&#8230; eres de los de blanco y amarillo o de los de azul y gris?<\/p>\n<p><a href=\"https:\/\/totenart.com\/noticias\/wp-content\/uploads\/2017\/03\/de-que-color-son-las-chanclas.jpg\"><img loading=\"lazy\" decoding=\"async\" class=\"aligncenter size-full wp-image-5608\" src=\"https:\/\/totenart.com\/noticias\/wp-content\/uploads\/2017\/03\/de-que-color-son-las-chanclas.jpg\" alt=\"de-que-color-son-las-chanclas\" width=\"320\" height=\"533\" srcset=\"https:\/\/totenart.com\/noticias\/wp-content\/uploads\/2017\/03\/de-que-color-son-las-chanclas.jpg 320w, https:\/\/totenart.com\/noticias\/wp-content\/uploads\/2017\/03\/de-que-color-son-las-chanclas-180x300.jpg 180w\" sizes=\"auto, (max-width: 320px) 100vw, 320px\" \/><\/a><\/p>\n<p>En la oficina de Totenart va ganando (por poquito) la tonalidad azul y gris<\/p>\n<p>&nbsp;<\/p>\n","protected":false},"excerpt":{"rendered":"<p>De los que nos alucinamos con aquel famoso vestido que cada uno ve\u00eda de un color llegan ahora las chanclas virales que tampoco se sabe de qu\u00e9 color son!! Tanto si eres de los que lo ven blando y dorado como si eras de los de azul y negro&#8230; este debate tambi\u00e9n trae la misma [&hellip;]<\/p>\n","protected":false},"author":8,"featured_media":5610,"comment_status":"open","ping_status":"open","sticky":false,"template":"","format":"standard","meta":{"footnotes":""},"categories":[1],"tags":[894,345],"class_list":["post-5607","post","type-post","status-publish","format-standard","has-post-thumbnail","hentry","category-totenart","tag-chanclas-virales","tag-percepcion"],"yoast_head":"<!-- This site is optimized with the Yoast SEO plugin v27.2 - https:\/\/yoast.com\/product\/yoast-seo-wordpress\/ -->\n<title>\u00bfDe qu\u00e9 color son las chanclas virales? - Noticias de Arte Totenart<\/title>\n<meta name=\"robots\" content=\"index, follow, max-snippet:-1, max-image-preview:large, max-video-preview:-1\" \/>\n<link rel=\"canonical\" href=\"https:\/\/totenart.com\/noticias\/color-chanclas-virales\/\" \/>\n<meta property=\"og:locale\" content=\"es_ES\" \/>\n<meta property=\"og:type\" content=\"article\" \/>\n<meta property=\"og:title\" content=\"\u00bfDe qu\u00e9 color son las chanclas virales? - Noticias de Arte Totenart\" \/>\n<meta property=\"og:description\" content=\"De los que nos alucinamos con aquel famoso vestido que cada uno ve\u00eda de un color llegan ahora las chanclas virales que tampoco se sabe de qu\u00e9 color son!! Tanto si eres de los que lo ven blando y dorado como si eras de los de azul y negro&#8230; este debate tambi\u00e9n trae la misma [&hellip;]\" \/>\n<meta property=\"og:url\" content=\"https:\/\/totenart.com\/noticias\/color-chanclas-virales\/\" \/>\n<meta property=\"og:site_name\" content=\"Noticias de Arte Totenart\" \/>\n<meta property=\"article:published_time\" content=\"2017-03-24T18:43:33+00:00\" \/>\n<meta property=\"og:image\" content=\"https:\/\/totenart.com\/noticias\/wp-content\/uploads\/2017\/03\/de-que-color-son-las-chanclas-noticia-totenart.jpg\" \/>\n\t<meta property=\"og:image:width\" content=\"649\" \/>\n\t<meta property=\"og:image:height\" content=\"328\" \/>\n\t<meta property=\"og:image:type\" content=\"image\/jpeg\" \/>\n<meta name=\"author\" content=\"Paula\" \/>\n<meta name=\"twitter:label1\" content=\"Escrito por\" \/>\n\t<meta name=\"twitter:data1\" content=\"Paula\" \/>\n\t<meta name=\"twitter:label2\" content=\"Tiempo de lectura\" \/>\n\t<meta name=\"twitter:data2\" content=\"2 minutos\" \/>\n<script type=\"application\/ld+json\" class=\"yoast-schema-graph\">{\"@context\":\"https:\/\/schema.org\",\"@graph\":[{\"@type\":\"Article\",\"@id\":\"https:\/\/totenart.com\/noticias\/color-chanclas-virales\/#article\",\"isPartOf\":{\"@id\":\"https:\/\/totenart.com\/noticias\/color-chanclas-virales\/\"},\"author\":{\"name\":\"Paula\",\"@id\":\"https:\/\/totenart.com\/noticias\/#\/schema\/person\/39b435d7a88c1b1341476fefcf6d13cb\"},\"headline\":\"\u00bfDe qu\u00e9 color son las chanclas virales?\",\"datePublished\":\"2017-03-24T18:43:33+00:00\",\"mainEntityOfPage\":{\"@id\":\"https:\/\/totenart.com\/noticias\/color-chanclas-virales\/\"},\"wordCount\":351,\"commentCount\":1,\"image\":{\"@id\":\"https:\/\/totenart.com\/noticias\/color-chanclas-virales\/#primaryimage\"},\"thumbnailUrl\":\"https:\/\/totenart.com\/noticias\/wp-content\/uploads\/2017\/03\/de-que-color-son-las-chanclas-noticia-totenart.jpg\",\"keywords\":[\"chanclas virales\",\"percepci\u00f3n\"],\"articleSection\":[\"Totenart\"],\"inLanguage\":\"es\",\"potentialAction\":[{\"@type\":\"CommentAction\",\"name\":\"Comment\",\"target\":[\"https:\/\/totenart.com\/noticias\/color-chanclas-virales\/#respond\"]}]},{\"@type\":\"WebPage\",\"@id\":\"https:\/\/totenart.com\/noticias\/color-chanclas-virales\/\",\"url\":\"https:\/\/totenart.com\/noticias\/color-chanclas-virales\/\",\"name\":\"\u00bfDe qu\u00e9 color son las chanclas virales? - Noticias de Arte Totenart\",\"isPartOf\":{\"@id\":\"https:\/\/totenart.com\/noticias\/#website\"},\"primaryImageOfPage\":{\"@id\":\"https:\/\/totenart.com\/noticias\/color-chanclas-virales\/#primaryimage\"},\"image\":{\"@id\":\"https:\/\/totenart.com\/noticias\/color-chanclas-virales\/#primaryimage\"},\"thumbnailUrl\":\"https:\/\/totenart.com\/noticias\/wp-content\/uploads\/2017\/03\/de-que-color-son-las-chanclas-noticia-totenart.jpg\",\"datePublished\":\"2017-03-24T18:43:33+00:00\",\"author\":{\"@id\":\"https:\/\/totenart.com\/noticias\/#\/schema\/person\/39b435d7a88c1b1341476fefcf6d13cb\"},\"breadcrumb\":{\"@id\":\"https:\/\/totenart.com\/noticias\/color-chanclas-virales\/#breadcrumb\"},\"inLanguage\":\"es\",\"potentialAction\":[{\"@type\":\"ReadAction\",\"target\":[\"https:\/\/totenart.com\/noticias\/color-chanclas-virales\/\"]}]},{\"@type\":\"ImageObject\",\"inLanguage\":\"es\",\"@id\":\"https:\/\/totenart.com\/noticias\/color-chanclas-virales\/#primaryimage\",\"url\":\"https:\/\/totenart.com\/noticias\/wp-content\/uploads\/2017\/03\/de-que-color-son-las-chanclas-noticia-totenart.jpg\",\"contentUrl\":\"https:\/\/totenart.com\/noticias\/wp-content\/uploads\/2017\/03\/de-que-color-son-las-chanclas-noticia-totenart.jpg\",\"width\":649,\"height\":328,\"caption\":\"de-que-color-son-las-chanclas-noticia-totenart\"},{\"@type\":\"BreadcrumbList\",\"@id\":\"https:\/\/totenart.com\/noticias\/color-chanclas-virales\/#breadcrumb\",\"itemListElement\":[{\"@type\":\"ListItem\",\"position\":1,\"name\":\"Portada\",\"item\":\"https:\/\/totenart.com\/noticias\/\"},{\"@type\":\"ListItem\",\"position\":2,\"name\":\"\u00bfDe qu\u00e9 color son las chanclas virales?\"}]},{\"@type\":\"WebSite\",\"@id\":\"https:\/\/totenart.com\/noticias\/#website\",\"url\":\"https:\/\/totenart.com\/noticias\/\",\"name\":\"Noticias de Arte Totenart\",\"description\":\"Blog de noticias del mundo del arte: exposiciones, eventos, nuevos productos y materiales para artistas...\",\"potentialAction\":[{\"@type\":\"SearchAction\",\"target\":{\"@type\":\"EntryPoint\",\"urlTemplate\":\"https:\/\/totenart.com\/noticias\/?s={search_term_string}\"},\"query-input\":{\"@type\":\"PropertyValueSpecification\",\"valueRequired\":true,\"valueName\":\"search_term_string\"}}],\"inLanguage\":\"es\"},{\"@type\":\"Person\",\"@id\":\"https:\/\/totenart.com\/noticias\/#\/schema\/person\/39b435d7a88c1b1341476fefcf6d13cb\",\"name\":\"Paula\",\"image\":{\"@type\":\"ImageObject\",\"inLanguage\":\"es\",\"@id\":\"https:\/\/secure.gravatar.com\/avatar\/22d05c4209e1e337a4699d4a6816e571216746fa18a9406152971ce58951aa83?s=96&d=blank&r=r\",\"url\":\"https:\/\/secure.gravatar.com\/avatar\/22d05c4209e1e337a4699d4a6816e571216746fa18a9406152971ce58951aa83?s=96&d=blank&r=r\",\"contentUrl\":\"https:\/\/secure.gravatar.com\/avatar\/22d05c4209e1e337a4699d4a6816e571216746fa18a9406152971ce58951aa83?s=96&d=blank&r=r\",\"caption\":\"Paula\"},\"url\":\"https:\/\/totenart.com\/noticias\/author\/paula-herraiz\/\"}]}<\/script>\n<!-- \/ Yoast SEO plugin. -->","yoast_head_json":{"title":"\u00bfDe qu\u00e9 color son las chanclas virales? - Noticias de Arte Totenart","robots":{"index":"index","follow":"follow","max-snippet":"max-snippet:-1","max-image-preview":"max-image-preview:large","max-video-preview":"max-video-preview:-1"},"canonical":"https:\/\/totenart.com\/noticias\/color-chanclas-virales\/","og_locale":"es_ES","og_type":"article","og_title":"\u00bfDe qu\u00e9 color son las chanclas virales? - Noticias de Arte Totenart","og_description":"De los que nos alucinamos con aquel famoso vestido que cada uno ve\u00eda de un color llegan ahora las chanclas virales que tampoco se sabe de qu\u00e9 color son!! Tanto si eres de los que lo ven blando y dorado como si eras de los de azul y negro&#8230; este debate tambi\u00e9n trae la misma [&hellip;]","og_url":"https:\/\/totenart.com\/noticias\/color-chanclas-virales\/","og_site_name":"Noticias de Arte Totenart","article_published_time":"2017-03-24T18:43:33+00:00","og_image":[{"width":649,"height":328,"url":"https:\/\/totenart.com\/noticias\/wp-content\/uploads\/2017\/03\/de-que-color-son-las-chanclas-noticia-totenart.jpg","type":"image\/jpeg"}],"author":"Paula","twitter_misc":{"Escrito por":"Paula","Tiempo de lectura":"2 minutos"},"schema":{"@context":"https:\/\/schema.org","@graph":[{"@type":"Article","@id":"https:\/\/totenart.com\/noticias\/color-chanclas-virales\/#article","isPartOf":{"@id":"https:\/\/totenart.com\/noticias\/color-chanclas-virales\/"},"author":{"name":"Paula","@id":"https:\/\/totenart.com\/noticias\/#\/schema\/person\/39b435d7a88c1b1341476fefcf6d13cb"},"headline":"\u00bfDe qu\u00e9 color son las chanclas virales?","datePublished":"2017-03-24T18:43:33+00:00","mainEntityOfPage":{"@id":"https:\/\/totenart.com\/noticias\/color-chanclas-virales\/"},"wordCount":351,"commentCount":1,"image":{"@id":"https:\/\/totenart.com\/noticias\/color-chanclas-virales\/#primaryimage"},"thumbnailUrl":"https:\/\/totenart.com\/noticias\/wp-content\/uploads\/2017\/03\/de-que-color-son-las-chanclas-noticia-totenart.jpg","keywords":["chanclas virales","percepci\u00f3n"],"articleSection":["Totenart"],"inLanguage":"es","potentialAction":[{"@type":"CommentAction","name":"Comment","target":["https:\/\/totenart.com\/noticias\/color-chanclas-virales\/#respond"]}]},{"@type":"WebPage","@id":"https:\/\/totenart.com\/noticias\/color-chanclas-virales\/","url":"https:\/\/totenart.com\/noticias\/color-chanclas-virales\/","name":"\u00bfDe qu\u00e9 color son las chanclas virales? - Noticias de Arte Totenart","isPartOf":{"@id":"https:\/\/totenart.com\/noticias\/#website"},"primaryImageOfPage":{"@id":"https:\/\/totenart.com\/noticias\/color-chanclas-virales\/#primaryimage"},"image":{"@id":"https:\/\/totenart.com\/noticias\/color-chanclas-virales\/#primaryimage"},"thumbnailUrl":"https:\/\/totenart.com\/noticias\/wp-content\/uploads\/2017\/03\/de-que-color-son-las-chanclas-noticia-totenart.jpg","datePublished":"2017-03-24T18:43:33+00:00","author":{"@id":"https:\/\/totenart.com\/noticias\/#\/schema\/person\/39b435d7a88c1b1341476fefcf6d13cb"},"breadcrumb":{"@id":"https:\/\/totenart.com\/noticias\/color-chanclas-virales\/#breadcrumb"},"inLanguage":"es","potentialAction":[{"@type":"ReadAction","target":["https:\/\/totenart.com\/noticias\/color-chanclas-virales\/"]}]},{"@type":"ImageObject","inLanguage":"es","@id":"https:\/\/totenart.com\/noticias\/color-chanclas-virales\/#primaryimage","url":"https:\/\/totenart.com\/noticias\/wp-content\/uploads\/2017\/03\/de-que-color-son-las-chanclas-noticia-totenart.jpg","contentUrl":"https:\/\/totenart.com\/noticias\/wp-content\/uploads\/2017\/03\/de-que-color-son-las-chanclas-noticia-totenart.jpg","width":649,"height":328,"caption":"de-que-color-son-las-chanclas-noticia-totenart"},{"@type":"BreadcrumbList","@id":"https:\/\/totenart.com\/noticias\/color-chanclas-virales\/#breadcrumb","itemListElement":[{"@type":"ListItem","position":1,"name":"Portada","item":"https:\/\/totenart.com\/noticias\/"},{"@type":"ListItem","position":2,"name":"\u00bfDe qu\u00e9 color son las chanclas virales?"}]},{"@type":"WebSite","@id":"https:\/\/totenart.com\/noticias\/#website","url":"https:\/\/totenart.com\/noticias\/","name":"Noticias de Arte Totenart","description":"Blog de noticias del mundo del arte: exposiciones, eventos, nuevos productos y materiales para artistas...","potentialAction":[{"@type":"SearchAction","target":{"@type":"EntryPoint","urlTemplate":"https:\/\/totenart.com\/noticias\/?s={search_term_string}"},"query-input":{"@type":"PropertyValueSpecification","valueRequired":true,"valueName":"search_term_string"}}],"inLanguage":"es"},{"@type":"Person","@id":"https:\/\/totenart.com\/noticias\/#\/schema\/person\/39b435d7a88c1b1341476fefcf6d13cb","name":"Paula","image":{"@type":"ImageObject","inLanguage":"es","@id":"https:\/\/secure.gravatar.com\/avatar\/22d05c4209e1e337a4699d4a6816e571216746fa18a9406152971ce58951aa83?s=96&d=blank&r=r","url":"https:\/\/secure.gravatar.com\/avatar\/22d05c4209e1e337a4699d4a6816e571216746fa18a9406152971ce58951aa83?s=96&d=blank&r=r","contentUrl":"https:\/\/secure.gravatar.com\/avatar\/22d05c4209e1e337a4699d4a6816e571216746fa18a9406152971ce58951aa83?s=96&d=blank&r=r","caption":"Paula"},"url":"https:\/\/totenart.com\/noticias\/author\/paula-herraiz\/"}]}},"_links":{"self":[{"href":"https:\/\/totenart.com\/noticias\/wp-json\/wp\/v2\/posts\/5607","targetHints":{"allow":["GET"]}}],"collection":[{"href":"https:\/\/totenart.com\/noticias\/wp-json\/wp\/v2\/posts"}],"about":[{"href":"https:\/\/totenart.com\/noticias\/wp-json\/wp\/v2\/types\/post"}],"author":[{"embeddable":true,"href":"https:\/\/totenart.com\/noticias\/wp-json\/wp\/v2\/users\/8"}],"replies":[{"embeddable":true,"href":"https:\/\/totenart.com\/noticias\/wp-json\/wp\/v2\/comments?post=5607"}],"version-history":[{"count":0,"href":"https:\/\/totenart.com\/noticias\/wp-json\/wp\/v2\/posts\/5607\/revisions"}],"wp:featuredmedia":[{"embeddable":true,"href":"https:\/\/totenart.com\/noticias\/wp-json\/wp\/v2\/media\/5610"}],"wp:attachment":[{"href":"https:\/\/totenart.com\/noticias\/wp-json\/wp\/v2\/media?parent=5607"}],"wp:term":[{"taxonomy":"category","embeddable":true,"href":"https:\/\/totenart.com\/noticias\/wp-json\/wp\/v2\/categories?post=5607"},{"taxonomy":"post_tag","embeddable":true,"href":"https:\/\/totenart.com\/noticias\/wp-json\/wp\/v2\/tags?post=5607"}],"curies":[{"name":"wp","href":"https:\/\/api.w.org\/{rel}","templated":true}]}}