



{"id":6188,"date":"2018-01-30T18:28:55","date_gmt":"2018-01-30T17:28:55","guid":{"rendered":"https:\/\/totenart.com\/noticias\/?p=6188"},"modified":"2018-02-01T12:38:38","modified_gmt":"2018-02-01T11:38:38","slug":"eusebio-sempere-fundacion-juan-march-cuenca","status":"publish","type":"post","link":"https:\/\/totenart.com\/noticias\/eusebio-sempere-fundacion-juan-march-cuenca\/","title":{"rendered":"La abstracci\u00f3n de Eusebio Sempere llega a la Fundaci\u00f3n Juan March de Cuenca"},"content":{"rendered":"<p>Este mismo viernes 2 febrero abre sus puertas en la Fudaci\u00f3n Juan March la muestra de Eusebio Sempere, uno de los m\u00e1ximos representantes de la abstracci\u00f3n geom\u00e9trica y del arte \u00f3ptico y cin\u00e9tico espa\u00f1ol.<\/p>\n<p>La vida y obra de Eusebio Sempere (Onil, Alicante, 1923-1985) estuvo ligada al Museo de Arte Abstracto Espa\u00f1ol de Cuenca, junto con Fernando Z\u00f3bel, Gustavo Torner, Gerardo Rueda y otros que formaron parte del destacado grupo de artistas.<\/p>\n<p><img loading=\"lazy\" decoding=\"async\" class=\"aligncenter wp-image-6191 size-medium\" src=\"https:\/\/totenart.com\/noticias\/wp-content\/uploads\/2018\/01\/cuenca-eusebio-sempere-totenart-noticia-209x300.jpg\" alt=\"cuenca-eusebio-sempere-totenart-noticia\" width=\"209\" height=\"300\" srcset=\"https:\/\/totenart.com\/noticias\/wp-content\/uploads\/2018\/01\/cuenca-eusebio-sempere-totenart-noticia-209x300.jpg 209w, https:\/\/totenart.com\/noticias\/wp-content\/uploads\/2018\/01\/cuenca-eusebio-sempere-totenart-noticia.jpg 690w\" sizes=\"auto, (max-width: 209px) 100vw, 209px\" \/><\/p>\n<p>En este caso se ha reunido m\u00e1s de 50 obras\u00a0entre ellas, gouaches sobre papel, gouaches sobre tabla, grabados, serigraf\u00edas, litograf\u00edas y una peque\u00f1a pieza escult\u00f3rica.<\/p>\n<p>Inici\u00e1ndose con una peque\u00f1a selecci\u00f3n de retratos figurativos realizados hacia el final de su etapa de estudios en Valencia, justo antes de su marcha a Par\u00eds en 1948, la exposici\u00f3n recorre de una manera bastante amplia la obra de Sempere.<\/p>\n<p><img loading=\"lazy\" decoding=\"async\" class=\"aligncenter wp-image-6192 size-full\" src=\"https:\/\/totenart.com\/noticias\/wp-content\/uploads\/2018\/01\/cuenca-eusebio-sempere-totenart-noticias.jpg\" alt=\"cuenca-eusebio-sempere-totenart-noticias\" width=\"219\" height=\"324\" srcset=\"https:\/\/totenart.com\/noticias\/wp-content\/uploads\/2018\/01\/cuenca-eusebio-sempere-totenart-noticias.jpg 219w, https:\/\/totenart.com\/noticias\/wp-content\/uploads\/2018\/01\/cuenca-eusebio-sempere-totenart-noticias-203x300.jpg 203w\" sizes=\"auto, (max-width: 219px) 100vw, 219px\" \/><\/p>\n<p>Desde algunos estudios abstractos de sus primeros a\u00f1os, con trabajos realizados a partir de 1953 en gouache sobre cartulinas, hasta esa fant\u00e1stica e hipn\u00f3tica forma de plasmara y deconstruir la figura superponi\u00e9ndose l\u00edneas muy sencillas en tramas de gran complejidad.<\/p>\n<p>Por supuesto, la exposici\u00f3n tambi\u00e9n recoge otras etapas de su vida como su vuelta de Par\u00eds en 1960, donde descubre una t\u00e9cnica algo desconocida en Espa\u00f1a, la serigraf\u00eda. Fue en el taller franc\u00e9s de Wilfredo Arcay cuandop la descubri\u00f3 y trabaj\u00f3 duramente para poder popularizarla en Espa\u00f1a.<\/p>\n<p><img loading=\"lazy\" decoding=\"async\" class=\"aligncenter size-full wp-image-6190\" src=\"https:\/\/totenart.com\/noticias\/wp-content\/uploads\/2018\/01\/cuenca-eusebio-sempere-totenart.jpg\" alt=\"cuenca-eusebio-sempere-totenart\" width=\"244\" height=\"324\" srcset=\"https:\/\/totenart.com\/noticias\/wp-content\/uploads\/2018\/01\/cuenca-eusebio-sempere-totenart.jpg 244w, https:\/\/totenart.com\/noticias\/wp-content\/uploads\/2018\/01\/cuenca-eusebio-sempere-totenart-226x300.jpg 226w\" sizes=\"auto, (max-width: 244px) 100vw, 244px\" \/><\/p>\n<p>La muestra de Eusebio Sempere permanecer\u00e1 hasta el 27 mayo de este a\u00f1o, lo que nos deja un amplio margen para podernos acercar al museo conquense.<\/p>\n<p>&nbsp;<\/p>\n<p>&nbsp;<\/p>\n","protected":false},"excerpt":{"rendered":"<p>Este mismo viernes 2 febrero abre sus puertas en la Fudaci\u00f3n Juan March la muestra de Eusebio Sempere, uno de los m\u00e1ximos representantes de la abstracci\u00f3n geom\u00e9trica y del arte \u00f3ptico y cin\u00e9tico espa\u00f1ol. La vida y obra de Eusebio Sempere (Onil, Alicante, 1923-1985) estuvo ligada al Museo de Arte Abstracto Espa\u00f1ol de Cuenca, junto [&hellip;]<\/p>\n","protected":false},"author":8,"featured_media":6190,"comment_status":"open","ping_status":"open","sticky":false,"template":"","format":"standard","meta":{"footnotes":""},"categories":[697,1],"tags":[1021,132,1009],"class_list":["post-6188","post","type-post","status-publish","format-standard","has-post-thumbnail","hentry","category-exposicion","category-totenart","tag-eusebio-sempere","tag-exposicion","tag-fundacion-juan-march"],"yoast_head":"<!-- This site is optimized with the Yoast SEO plugin v27.2 - https:\/\/yoast.com\/product\/yoast-seo-wordpress\/ -->\n<title>La abstracci\u00f3n de Eusebio Sempere llega a la Fundaci\u00f3n Juan March de Cuenca - Noticias de Arte Totenart<\/title>\n<meta name=\"robots\" content=\"index, follow, max-snippet:-1, max-image-preview:large, max-video-preview:-1\" \/>\n<link rel=\"canonical\" href=\"https:\/\/totenart.com\/noticias\/eusebio-sempere-fundacion-juan-march-cuenca\/\" \/>\n<meta property=\"og:locale\" content=\"es_ES\" \/>\n<meta property=\"og:type\" content=\"article\" \/>\n<meta property=\"og:title\" content=\"La abstracci\u00f3n de Eusebio Sempere llega a la Fundaci\u00f3n Juan March de Cuenca - Noticias de Arte Totenart\" \/>\n<meta property=\"og:description\" content=\"Este mismo viernes 2 febrero abre sus puertas en la Fudaci\u00f3n Juan March la muestra de Eusebio Sempere, uno de los m\u00e1ximos representantes de la abstracci\u00f3n geom\u00e9trica y del arte \u00f3ptico y cin\u00e9tico espa\u00f1ol. La vida y obra de Eusebio Sempere (Onil, Alicante, 1923-1985) estuvo ligada al Museo de Arte Abstracto Espa\u00f1ol de Cuenca, junto [&hellip;]\" \/>\n<meta property=\"og:url\" content=\"https:\/\/totenart.com\/noticias\/eusebio-sempere-fundacion-juan-march-cuenca\/\" \/>\n<meta property=\"og:site_name\" content=\"Noticias de Arte Totenart\" \/>\n<meta property=\"article:published_time\" content=\"2018-01-30T17:28:55+00:00\" \/>\n<meta property=\"article:modified_time\" content=\"2018-02-01T11:38:38+00:00\" \/>\n<meta property=\"og:image\" content=\"https:\/\/totenart.com\/noticias\/wp-content\/uploads\/2018\/01\/cuenca-eusebio-sempere-totenart.jpg\" \/>\n\t<meta property=\"og:image:width\" content=\"244\" \/>\n\t<meta property=\"og:image:height\" content=\"324\" \/>\n\t<meta property=\"og:image:type\" content=\"image\/jpeg\" \/>\n<meta name=\"author\" content=\"Paula\" \/>\n<meta name=\"twitter:label1\" content=\"Escrito por\" \/>\n\t<meta name=\"twitter:data1\" content=\"Paula\" \/>\n\t<meta name=\"twitter:label2\" content=\"Tiempo de lectura\" \/>\n\t<meta name=\"twitter:data2\" content=\"1 minuto\" \/>\n<script type=\"application\/ld+json\" class=\"yoast-schema-graph\">{\"@context\":\"https:\/\/schema.org\",\"@graph\":[{\"@type\":\"Article\",\"@id\":\"https:\/\/totenart.com\/noticias\/eusebio-sempere-fundacion-juan-march-cuenca\/#article\",\"isPartOf\":{\"@id\":\"https:\/\/totenart.com\/noticias\/eusebio-sempere-fundacion-juan-march-cuenca\/\"},\"author\":{\"name\":\"Paula\",\"@id\":\"https:\/\/totenart.com\/noticias\/#\/schema\/person\/39b435d7a88c1b1341476fefcf6d13cb\"},\"headline\":\"La abstracci\u00f3n de Eusebio Sempere llega a la Fundaci\u00f3n Juan March de Cuenca\",\"datePublished\":\"2018-01-30T17:28:55+00:00\",\"dateModified\":\"2018-02-01T11:38:38+00:00\",\"mainEntityOfPage\":{\"@id\":\"https:\/\/totenart.com\/noticias\/eusebio-sempere-fundacion-juan-march-cuenca\/\"},\"wordCount\":294,\"commentCount\":0,\"image\":{\"@id\":\"https:\/\/totenart.com\/noticias\/eusebio-sempere-fundacion-juan-march-cuenca\/#primaryimage\"},\"thumbnailUrl\":\"https:\/\/totenart.com\/noticias\/wp-content\/uploads\/2018\/01\/cuenca-eusebio-sempere-totenart.jpg\",\"keywords\":[\"eusebio sempere\",\"exposici\u00f3n\",\"fundaci\u00f3n Juan March\"],\"articleSection\":[\"Exposici\u00f3n\",\"Totenart\"],\"inLanguage\":\"es\",\"potentialAction\":[{\"@type\":\"CommentAction\",\"name\":\"Comment\",\"target\":[\"https:\/\/totenart.com\/noticias\/eusebio-sempere-fundacion-juan-march-cuenca\/#respond\"]}]},{\"@type\":\"WebPage\",\"@id\":\"https:\/\/totenart.com\/noticias\/eusebio-sempere-fundacion-juan-march-cuenca\/\",\"url\":\"https:\/\/totenart.com\/noticias\/eusebio-sempere-fundacion-juan-march-cuenca\/\",\"name\":\"La abstracci\u00f3n de Eusebio Sempere llega a la Fundaci\u00f3n Juan March de Cuenca - Noticias de Arte Totenart\",\"isPartOf\":{\"@id\":\"https:\/\/totenart.com\/noticias\/#website\"},\"primaryImageOfPage\":{\"@id\":\"https:\/\/totenart.com\/noticias\/eusebio-sempere-fundacion-juan-march-cuenca\/#primaryimage\"},\"image\":{\"@id\":\"https:\/\/totenart.com\/noticias\/eusebio-sempere-fundacion-juan-march-cuenca\/#primaryimage\"},\"thumbnailUrl\":\"https:\/\/totenart.com\/noticias\/wp-content\/uploads\/2018\/01\/cuenca-eusebio-sempere-totenart.jpg\",\"datePublished\":\"2018-01-30T17:28:55+00:00\",\"dateModified\":\"2018-02-01T11:38:38+00:00\",\"author\":{\"@id\":\"https:\/\/totenart.com\/noticias\/#\/schema\/person\/39b435d7a88c1b1341476fefcf6d13cb\"},\"breadcrumb\":{\"@id\":\"https:\/\/totenart.com\/noticias\/eusebio-sempere-fundacion-juan-march-cuenca\/#breadcrumb\"},\"inLanguage\":\"es\",\"potentialAction\":[{\"@type\":\"ReadAction\",\"target\":[\"https:\/\/totenart.com\/noticias\/eusebio-sempere-fundacion-juan-march-cuenca\/\"]}]},{\"@type\":\"ImageObject\",\"inLanguage\":\"es\",\"@id\":\"https:\/\/totenart.com\/noticias\/eusebio-sempere-fundacion-juan-march-cuenca\/#primaryimage\",\"url\":\"https:\/\/totenart.com\/noticias\/wp-content\/uploads\/2018\/01\/cuenca-eusebio-sempere-totenart.jpg\",\"contentUrl\":\"https:\/\/totenart.com\/noticias\/wp-content\/uploads\/2018\/01\/cuenca-eusebio-sempere-totenart.jpg\",\"width\":244,\"height\":324,\"caption\":\"cuenca-eusebio-sempere-totenart\"},{\"@type\":\"BreadcrumbList\",\"@id\":\"https:\/\/totenart.com\/noticias\/eusebio-sempere-fundacion-juan-march-cuenca\/#breadcrumb\",\"itemListElement\":[{\"@type\":\"ListItem\",\"position\":1,\"name\":\"Portada\",\"item\":\"https:\/\/totenart.com\/noticias\/\"},{\"@type\":\"ListItem\",\"position\":2,\"name\":\"La abstracci\u00f3n de Eusebio Sempere llega a la Fundaci\u00f3n Juan March de Cuenca\"}]},{\"@type\":\"WebSite\",\"@id\":\"https:\/\/totenart.com\/noticias\/#website\",\"url\":\"https:\/\/totenart.com\/noticias\/\",\"name\":\"Noticias de Arte Totenart\",\"description\":\"Blog de noticias del mundo del arte: exposiciones, eventos, nuevos productos y materiales para artistas...\",\"potentialAction\":[{\"@type\":\"SearchAction\",\"target\":{\"@type\":\"EntryPoint\",\"urlTemplate\":\"https:\/\/totenart.com\/noticias\/?s={search_term_string}\"},\"query-input\":{\"@type\":\"PropertyValueSpecification\",\"valueRequired\":true,\"valueName\":\"search_term_string\"}}],\"inLanguage\":\"es\"},{\"@type\":\"Person\",\"@id\":\"https:\/\/totenart.com\/noticias\/#\/schema\/person\/39b435d7a88c1b1341476fefcf6d13cb\",\"name\":\"Paula\",\"image\":{\"@type\":\"ImageObject\",\"inLanguage\":\"es\",\"@id\":\"https:\/\/secure.gravatar.com\/avatar\/22d05c4209e1e337a4699d4a6816e571216746fa18a9406152971ce58951aa83?s=96&d=blank&r=r\",\"url\":\"https:\/\/secure.gravatar.com\/avatar\/22d05c4209e1e337a4699d4a6816e571216746fa18a9406152971ce58951aa83?s=96&d=blank&r=r\",\"contentUrl\":\"https:\/\/secure.gravatar.com\/avatar\/22d05c4209e1e337a4699d4a6816e571216746fa18a9406152971ce58951aa83?s=96&d=blank&r=r\",\"caption\":\"Paula\"},\"url\":\"https:\/\/totenart.com\/noticias\/author\/paula-herraiz\/\"}]}<\/script>\n<!-- \/ Yoast SEO plugin. -->","yoast_head_json":{"title":"La abstracci\u00f3n de Eusebio Sempere llega a la Fundaci\u00f3n Juan March de Cuenca - Noticias de Arte Totenart","robots":{"index":"index","follow":"follow","max-snippet":"max-snippet:-1","max-image-preview":"max-image-preview:large","max-video-preview":"max-video-preview:-1"},"canonical":"https:\/\/totenart.com\/noticias\/eusebio-sempere-fundacion-juan-march-cuenca\/","og_locale":"es_ES","og_type":"article","og_title":"La abstracci\u00f3n de Eusebio Sempere llega a la Fundaci\u00f3n Juan March de Cuenca - Noticias de Arte Totenart","og_description":"Este mismo viernes 2 febrero abre sus puertas en la Fudaci\u00f3n Juan March la muestra de Eusebio Sempere, uno de los m\u00e1ximos representantes de la abstracci\u00f3n geom\u00e9trica y del arte \u00f3ptico y cin\u00e9tico espa\u00f1ol. La vida y obra de Eusebio Sempere (Onil, Alicante, 1923-1985) estuvo ligada al Museo de Arte Abstracto Espa\u00f1ol de Cuenca, junto [&hellip;]","og_url":"https:\/\/totenart.com\/noticias\/eusebio-sempere-fundacion-juan-march-cuenca\/","og_site_name":"Noticias de Arte Totenart","article_published_time":"2018-01-30T17:28:55+00:00","article_modified_time":"2018-02-01T11:38:38+00:00","og_image":[{"width":244,"height":324,"url":"https:\/\/totenart.com\/noticias\/wp-content\/uploads\/2018\/01\/cuenca-eusebio-sempere-totenart.jpg","type":"image\/jpeg"}],"author":"Paula","twitter_misc":{"Escrito por":"Paula","Tiempo de lectura":"1 minuto"},"schema":{"@context":"https:\/\/schema.org","@graph":[{"@type":"Article","@id":"https:\/\/totenart.com\/noticias\/eusebio-sempere-fundacion-juan-march-cuenca\/#article","isPartOf":{"@id":"https:\/\/totenart.com\/noticias\/eusebio-sempere-fundacion-juan-march-cuenca\/"},"author":{"name":"Paula","@id":"https:\/\/totenart.com\/noticias\/#\/schema\/person\/39b435d7a88c1b1341476fefcf6d13cb"},"headline":"La abstracci\u00f3n de Eusebio Sempere llega a la Fundaci\u00f3n Juan March de Cuenca","datePublished":"2018-01-30T17:28:55+00:00","dateModified":"2018-02-01T11:38:38+00:00","mainEntityOfPage":{"@id":"https:\/\/totenart.com\/noticias\/eusebio-sempere-fundacion-juan-march-cuenca\/"},"wordCount":294,"commentCount":0,"image":{"@id":"https:\/\/totenart.com\/noticias\/eusebio-sempere-fundacion-juan-march-cuenca\/#primaryimage"},"thumbnailUrl":"https:\/\/totenart.com\/noticias\/wp-content\/uploads\/2018\/01\/cuenca-eusebio-sempere-totenart.jpg","keywords":["eusebio sempere","exposici\u00f3n","fundaci\u00f3n Juan March"],"articleSection":["Exposici\u00f3n","Totenart"],"inLanguage":"es","potentialAction":[{"@type":"CommentAction","name":"Comment","target":["https:\/\/totenart.com\/noticias\/eusebio-sempere-fundacion-juan-march-cuenca\/#respond"]}]},{"@type":"WebPage","@id":"https:\/\/totenart.com\/noticias\/eusebio-sempere-fundacion-juan-march-cuenca\/","url":"https:\/\/totenart.com\/noticias\/eusebio-sempere-fundacion-juan-march-cuenca\/","name":"La abstracci\u00f3n de Eusebio Sempere llega a la Fundaci\u00f3n Juan March de Cuenca - Noticias de Arte Totenart","isPartOf":{"@id":"https:\/\/totenart.com\/noticias\/#website"},"primaryImageOfPage":{"@id":"https:\/\/totenart.com\/noticias\/eusebio-sempere-fundacion-juan-march-cuenca\/#primaryimage"},"image":{"@id":"https:\/\/totenart.com\/noticias\/eusebio-sempere-fundacion-juan-march-cuenca\/#primaryimage"},"thumbnailUrl":"https:\/\/totenart.com\/noticias\/wp-content\/uploads\/2018\/01\/cuenca-eusebio-sempere-totenart.jpg","datePublished":"2018-01-30T17:28:55+00:00","dateModified":"2018-02-01T11:38:38+00:00","author":{"@id":"https:\/\/totenart.com\/noticias\/#\/schema\/person\/39b435d7a88c1b1341476fefcf6d13cb"},"breadcrumb":{"@id":"https:\/\/totenart.com\/noticias\/eusebio-sempere-fundacion-juan-march-cuenca\/#breadcrumb"},"inLanguage":"es","potentialAction":[{"@type":"ReadAction","target":["https:\/\/totenart.com\/noticias\/eusebio-sempere-fundacion-juan-march-cuenca\/"]}]},{"@type":"ImageObject","inLanguage":"es","@id":"https:\/\/totenart.com\/noticias\/eusebio-sempere-fundacion-juan-march-cuenca\/#primaryimage","url":"https:\/\/totenart.com\/noticias\/wp-content\/uploads\/2018\/01\/cuenca-eusebio-sempere-totenart.jpg","contentUrl":"https:\/\/totenart.com\/noticias\/wp-content\/uploads\/2018\/01\/cuenca-eusebio-sempere-totenart.jpg","width":244,"height":324,"caption":"cuenca-eusebio-sempere-totenart"},{"@type":"BreadcrumbList","@id":"https:\/\/totenart.com\/noticias\/eusebio-sempere-fundacion-juan-march-cuenca\/#breadcrumb","itemListElement":[{"@type":"ListItem","position":1,"name":"Portada","item":"https:\/\/totenart.com\/noticias\/"},{"@type":"ListItem","position":2,"name":"La abstracci\u00f3n de Eusebio Sempere llega a la Fundaci\u00f3n Juan March de Cuenca"}]},{"@type":"WebSite","@id":"https:\/\/totenart.com\/noticias\/#website","url":"https:\/\/totenart.com\/noticias\/","name":"Noticias de Arte Totenart","description":"Blog de noticias del mundo del arte: exposiciones, eventos, nuevos productos y materiales para artistas...","potentialAction":[{"@type":"SearchAction","target":{"@type":"EntryPoint","urlTemplate":"https:\/\/totenart.com\/noticias\/?s={search_term_string}"},"query-input":{"@type":"PropertyValueSpecification","valueRequired":true,"valueName":"search_term_string"}}],"inLanguage":"es"},{"@type":"Person","@id":"https:\/\/totenart.com\/noticias\/#\/schema\/person\/39b435d7a88c1b1341476fefcf6d13cb","name":"Paula","image":{"@type":"ImageObject","inLanguage":"es","@id":"https:\/\/secure.gravatar.com\/avatar\/22d05c4209e1e337a4699d4a6816e571216746fa18a9406152971ce58951aa83?s=96&d=blank&r=r","url":"https:\/\/secure.gravatar.com\/avatar\/22d05c4209e1e337a4699d4a6816e571216746fa18a9406152971ce58951aa83?s=96&d=blank&r=r","contentUrl":"https:\/\/secure.gravatar.com\/avatar\/22d05c4209e1e337a4699d4a6816e571216746fa18a9406152971ce58951aa83?s=96&d=blank&r=r","caption":"Paula"},"url":"https:\/\/totenart.com\/noticias\/author\/paula-herraiz\/"}]}},"_links":{"self":[{"href":"https:\/\/totenart.com\/noticias\/wp-json\/wp\/v2\/posts\/6188","targetHints":{"allow":["GET"]}}],"collection":[{"href":"https:\/\/totenart.com\/noticias\/wp-json\/wp\/v2\/posts"}],"about":[{"href":"https:\/\/totenart.com\/noticias\/wp-json\/wp\/v2\/types\/post"}],"author":[{"embeddable":true,"href":"https:\/\/totenart.com\/noticias\/wp-json\/wp\/v2\/users\/8"}],"replies":[{"embeddable":true,"href":"https:\/\/totenart.com\/noticias\/wp-json\/wp\/v2\/comments?post=6188"}],"version-history":[{"count":0,"href":"https:\/\/totenart.com\/noticias\/wp-json\/wp\/v2\/posts\/6188\/revisions"}],"wp:featuredmedia":[{"embeddable":true,"href":"https:\/\/totenart.com\/noticias\/wp-json\/wp\/v2\/media\/6190"}],"wp:attachment":[{"href":"https:\/\/totenart.com\/noticias\/wp-json\/wp\/v2\/media?parent=6188"}],"wp:term":[{"taxonomy":"category","embeddable":true,"href":"https:\/\/totenart.com\/noticias\/wp-json\/wp\/v2\/categories?post=6188"},{"taxonomy":"post_tag","embeddable":true,"href":"https:\/\/totenart.com\/noticias\/wp-json\/wp\/v2\/tags?post=6188"}],"curies":[{"name":"wp","href":"https:\/\/api.w.org\/{rel}","templated":true}]}}