



{"id":9740,"date":"2024-08-16T07:00:02","date_gmt":"2024-08-16T05:00:02","guid":{"rendered":"https:\/\/totenart.com\/noticias\/?p=9740"},"modified":"2024-08-11T00:03:31","modified_gmt":"2024-08-10T22:03:31","slug":"historia-del-emoji-asi-empezo-todo","status":"publish","type":"post","link":"https:\/\/totenart.com\/noticias\/historia-del-emoji-asi-empezo-todo\/","title":{"rendered":"Historia del emoji: As\u00ed empez\u00f3 todo ;)"},"content":{"rendered":"<p>Comunicarse a trav\u00e9s de las redes es cada vez m\u00e1s f\u00e1cil gracias a la cantidad de emojis, verdad? Pero este lenguaje no es algo nuevo&#8230; Para celebrar el pasado D\u00eda del Emoji hoy te contamos la<strong> historia del emoji y su evoluci\u00f3n:<\/strong><\/p>\n<h2><span class=\"ez-toc-section\" id=\"Historia_del_emoticono\"><\/span>Historia del emoticono<span class=\"ez-toc-section-end\"><\/span><\/h2>\n<p>Todo comenz\u00f3 con los SMS, \u00bfte acuerdas? Los emoticonos, precedentes de los emoji, nacieron por la <strong>uni\u00f3n de las palabras <em>emoci\u00f3n<\/em> e <em>icono<\/em> como una forma de expresar sentimientos.<\/strong> Detr\u00e1s de ese nombre encontramos los iconos realizados a trav\u00e9s de caracteres ASCII. Es decir, los s\u00edmbolos creados a partir de signos de puntuaci\u00f3n ; )<\/p>\n<p>Esta sucesi\u00f3n de signos para mostrar sentimientos naci\u00f3 en 1857. Mismo a\u00f1o en el que se utiliz\u00f3 en c\u00f3digo morse el n\u00famero 73 para expresar \u00abamor y besos\u00bb. Unos a\u00f1os despu\u00e9s, en 1881, la revista Puck public\u00f3 oficialmente un conjunto de cuatro emoticonos:<\/p>\n<p style=\"text-align: center;\"><img loading=\"lazy\" decoding=\"async\" class=\"alignnone wp-image-9741\" src=\"https:\/\/totenart.com\/noticias\/wp-content\/uploads\/2019\/07\/totenart-emoticono-puck-300x76.png\" alt=\"totenart-historia-del-emoji-emoticono\" width=\"624\" height=\"158\" srcset=\"https:\/\/totenart.com\/noticias\/wp-content\/uploads\/2019\/07\/totenart-emoticono-puck-300x76.png 300w, https:\/\/totenart.com\/noticias\/wp-content\/uploads\/2019\/07\/totenart-emoticono-puck.png 434w\" sizes=\"auto, (max-width: 624px) 100vw, 624px\" \/><\/p>\n<p>El desarrollo tecnol\u00f3gico continu\u00f3 avanzando en todos los \u00e1mbitos y los emoticonos no iban a ser menos. En 1999, la empresa de comunicaci\u00f3n m\u00f3vil NTT Docomo encarg\u00f3 <strong>los primeros emoticonos en color.<\/strong> Desde ese momento pasaron a denominares <em>emoji<\/em> (del japon\u00e9s <em>e<\/em> imagen y <em>moji<\/em> de car\u00e1cter).<\/p>\n<h2><span class=\"ez-toc-section\" id=\"Historia_del_emoji\"><\/span>Historia del emoji<span class=\"ez-toc-section-end\"><\/span><\/h2>\n<p>En 1999 NTT Docomo lanz\u00f3 los 176 primeros emojis para sus tel\u00e9fonos, el encargado de su dise\u00f1o fue Shigetaka Kurita. Lo que le propusieron fue realizar una peque\u00f1a interfaz atractiva para expresar sentimientos e informaci\u00f3n de una forma simple. De esta forma Kurita dise\u00f1\u00f3 estos 176 dibujos en cuadr\u00edculas de 12&#215;12 p\u00edxeles. Despu\u00e9s, la compa\u00f1\u00eda los mejor\u00f3 y utiliz\u00f3 en sus dispositivos. Puedes conocer m\u00e1s sobre la historia del emoji en en una <a href=\"https:\/\/www.moma.org\/calendar\/exhibitions\/3639\" target=\"_blank\" rel=\"noopener noreferrer\">exposici\u00f3n en el MoMa<\/a>.<\/p>\n<p><img loading=\"lazy\" decoding=\"async\" class=\"aligncenter wp-image-9745\" src=\"https:\/\/totenart.com\/noticias\/wp-content\/uploads\/2019\/07\/totenart-historia-de-emoji-300x122.jpg\" alt=\"totenart-emoji-historia\" width=\"713\" height=\"290\" srcset=\"https:\/\/totenart.com\/noticias\/wp-content\/uploads\/2019\/07\/totenart-historia-de-emoji-300x122.jpg 300w, https:\/\/totenart.com\/noticias\/wp-content\/uploads\/2019\/07\/totenart-historia-de-emoji-768x311.jpg 768w, https:\/\/totenart.com\/noticias\/wp-content\/uploads\/2019\/07\/totenart-historia-de-emoji.jpg 960w\" sizes=\"auto, (max-width: 713px) 100vw, 713px\" \/><\/p>\n<p><strong>Con la llegada de estos pixelados emojis empez\u00f3 todo.<\/strong> A\u00f1os despu\u00e9s, en 2010, se acept\u00f3 una propuesta por la cual se hac\u00eda posible incluir los emojis en todas las plataformas. Adem\u00e1s, se reconoci\u00f3 su utilizaci\u00f3n como lenguaje. En 2011 Apple agreg\u00f3 un teclado especial para estos iconos y, un a\u00f1o despu\u00e9s, fue el turno de Android.<\/p>\n<p>Estos s\u00edmbolos se fueron estandarizando poco a poco. Algunas de las reglas estipuladas fueron a\u00f1adir un borde negro, que los animales siempre deben mirar a la izquierda o su medida, los emojis deben medir, como mucho, 18 x 18 p\u00edxeles.<\/p>\n<h3><span class=\"ez-toc-section\" id=\"Evolucion_del_emoji\"><\/span>Evoluci\u00f3n del emoji<span class=\"ez-toc-section-end\"><\/span><\/h3>\n<p>Con el tiempo y las necesidades del mercado, los emojis sufrieron m\u00faltiples cambios. Adem\u00e1s, gracias a las peticiones y la insistencia de la gente, los emojis han evolucionado apoyando la diversidad cultural, ideol\u00f3gica y sexual. <img loading=\"lazy\" decoding=\"async\" class=\"aligncenter wp-image-9751\" src=\"https:\/\/totenart.com\/noticias\/wp-content\/uploads\/2019\/07\/emojipedia-totenart-historia-300x97.jpg\" alt=\"totenart-historia-del-emoji\" width=\"659\" height=\"213\" srcset=\"https:\/\/totenart.com\/noticias\/wp-content\/uploads\/2019\/07\/emojipedia-totenart-historia-300x97.jpg 300w, https:\/\/totenart.com\/noticias\/wp-content\/uploads\/2019\/07\/emojipedia-totenart-historia-768x249.jpg 768w, https:\/\/totenart.com\/noticias\/wp-content\/uploads\/2019\/07\/emojipedia-totenart-historia-1024x332.jpg 1024w, https:\/\/totenart.com\/noticias\/wp-content\/uploads\/2019\/07\/emojipedia-totenart-historia.jpg 2000w\" sizes=\"auto, (max-width: 659px) 100vw, 659px\" \/><\/p>\n<p>En 2015, por ejemplo, se a\u00f1adi\u00f3 la posibilidad de cambiar el color de piel. En 2018 aparecieron m\u00faltiples s\u00edmolos culturales y una mayor representaci\u00f3n de personas sordas y en sillas de ruedas. Adem\u00e1s, en 2017 conseguimos otro hito importante: <strong>El emoji de la paella.<\/strong><\/p>\n<h3><span class=\"ez-toc-section\" id=\"Emojis_y_Significado\"><\/span>Emojis y Significado<span class=\"ez-toc-section-end\"><\/span><\/h3>\n<p>Como actualizaci\u00f3n os dejamos con <a href=\"https:\/\/www.emojimore.com\/es\/\" target=\"_blank\" rel=\"noopener noreferrer\">emojimore<\/a>, una p\u00e1gina web muy interesante en la que puedes descubrir los significados de tooooodos los emoticonos. En esta p\u00e1gina, podr\u00e1s copiar el que m\u00e1s te guste a tu portapapeles y utilizarlo en cualquier lugar! Adem\u00e1s, tienen post muy interesantes sobre los emoji que no te esperar\u00edas:<\/p>\n<p style=\"text-align: center;\"><img loading=\"lazy\" decoding=\"async\" class=\"alignnone wp-image-15290 size-full\" src=\"https:\/\/totenart.com\/noticias\/wp-content\/uploads\/2019\/07\/Emojis-en-hechos-infografia-e1562405730437-scaled.jpg\" alt=\"totenart-emoji-historia\" width=\"651\" height=\"2560\" srcset=\"https:\/\/totenart.com\/noticias\/wp-content\/uploads\/2019\/07\/Emojis-en-hechos-infografia-e1562405730437-scaled.jpg 651w, https:\/\/totenart.com\/noticias\/wp-content\/uploads\/2019\/07\/Emojis-en-hechos-infografia-e1562405730437-76x300.jpg 76w, https:\/\/totenart.com\/noticias\/wp-content\/uploads\/2019\/07\/Emojis-en-hechos-infografia-e1562405730437-521x2048.jpg 521w\" sizes=\"auto, (max-width: 651px) 100vw, 651px\" \/><\/p>\n<p>Est\u00e1 claro que los emojis seguir\u00e1n evolucionando y nosotros nos morimos de ganas de ver en que se acaban convirtiendo! Por ahora, os dejamos con lo \u00faltimo, los Animojis:<\/p>\n<p>&nbsp;<\/p>\n<div class=\"contenedor\">\n<div class=\"reproductor\" data-id=\"D_Q-tn7yDvA\"><\/div>\n<\/div>\n<p>\u00bfQu\u00e9 te parece este nuevo lenguaje artista? \u00bfConoc\u00edas la historia de estos peque\u00f1os dise\u00f1os?<\/p>\n<p>\u00a1Esperamos tus comentarios!<\/p>\n<div id=\"ez-toc-container\" class=\"ez-toc-v2_0_82_1 counter-hierarchy ez-toc-counter ez-toc-grey ez-toc-container-direction\">\n<div class=\"ez-toc-title-container\">\n<p class=\"ez-toc-title\" style=\"cursor:inherit\">Tabla de contenidos<\/p>\n<span class=\"ez-toc-title-toggle\"><a href=\"#\" class=\"ez-toc-pull-right ez-toc-btn ez-toc-btn-xs ez-toc-btn-default ez-toc-toggle\" aria-label=\"Alternar tabla de contenidos\"><span class=\"ez-toc-js-icon-con\"><span class=\"\"><span class=\"eztoc-hide\" style=\"display:none;\">Toggle<\/span><span class=\"ez-toc-icon-toggle-span\"><svg style=\"fill: #999;color:#999\" xmlns=\"http:\/\/www.w3.org\/2000\/svg\" class=\"list-377408\" width=\"20px\" height=\"20px\" viewBox=\"0 0 24 24\" fill=\"none\"><path d=\"M6 6H4v2h2V6zm14 0H8v2h12V6zM4 11h2v2H4v-2zm16 0H8v2h12v-2zM4 16h2v2H4v-2zm16 0H8v2h12v-2z\" fill=\"currentColor\"><\/path><\/svg><svg style=\"fill: #999;color:#999\" class=\"arrow-unsorted-368013\" xmlns=\"http:\/\/www.w3.org\/2000\/svg\" width=\"10px\" height=\"10px\" viewBox=\"0 0 24 24\" version=\"1.2\" baseProfile=\"tiny\"><path d=\"M18.2 9.3l-6.2-6.3-6.2 6.3c-.2.2-.3.4-.3.7s.1.5.3.7c.2.2.4.3.7.3h11c.3 0 .5-.1.7-.3.2-.2.3-.5.3-.7s-.1-.5-.3-.7zM5.8 14.7l6.2 6.3 6.2-6.3c.2-.2.3-.5.3-.7s-.1-.5-.3-.7c-.2-.2-.4-.3-.7-.3h-11c-.3 0-.5.1-.7.3-.2.2-.3.5-.3.7s.1.5.3.7z\"\/><\/svg><\/span><\/span><\/span><\/a><\/span><\/div>\n<nav><ul class='ez-toc-list ez-toc-list-level-1 ' ><li class='ez-toc-page-1 ez-toc-heading-level-2'><a class=\"ez-toc-link ez-toc-heading-1\" href=\"https:\/\/totenart.com\/noticias\/historia-del-emoji-asi-empezo-todo\/#Historia_del_emoticono\" >Historia del emoticono<\/a><\/li><li class='ez-toc-page-1 ez-toc-heading-level-2'><a class=\"ez-toc-link ez-toc-heading-2\" href=\"https:\/\/totenart.com\/noticias\/historia-del-emoji-asi-empezo-todo\/#Historia_del_emoji\" >Historia del emoji<\/a><ul class='ez-toc-list-level-3' ><li class='ez-toc-heading-level-3'><a class=\"ez-toc-link ez-toc-heading-3\" href=\"https:\/\/totenart.com\/noticias\/historia-del-emoji-asi-empezo-todo\/#Evolucion_del_emoji\" >Evoluci\u00f3n del emoji<\/a><\/li><li class='ez-toc-page-1 ez-toc-heading-level-3'><a class=\"ez-toc-link ez-toc-heading-4\" href=\"https:\/\/totenart.com\/noticias\/historia-del-emoji-asi-empezo-todo\/#Emojis_y_Significado\" >Emojis y Significado<\/a><\/li><\/ul><\/li><\/ul><\/nav><\/div>\n","protected":false},"excerpt":{"rendered":"<p>Comunicarse a trav\u00e9s de las redes es cada vez m\u00e1s f\u00e1cil gracias a la cantidad de emojis, verdad? Pero este lenguaje no es algo nuevo&#8230; Para celebrar el pasado D\u00eda del Emoji hoy te contamos la historia del emoji y su evoluci\u00f3n: Historia del emoticono Todo comenz\u00f3 con los SMS, \u00bfte acuerdas? Los emoticonos, precedentes [&hellip;]<\/p>\n","protected":false},"author":13,"featured_media":15288,"comment_status":"open","ping_status":"open","sticky":false,"template":"","format":"standard","meta":{"footnotes":""},"categories":[9,952],"tags":[1363,379,1364],"class_list":["post-9740","post","type-post","status-publish","format-standard","has-post-thumbnail","hentry","category-formacion","category-movimientos-artisticos","tag-emoji","tag-historia","tag-lenguaje"],"yoast_head":"<!-- This site is optimized with the Yoast SEO plugin v27.2 - https:\/\/yoast.com\/product\/yoast-seo-wordpress\/ -->\n<title>Historia del emoji: As\u00ed empez\u00f3 todo ;) - Noticias de Arte Totenart<\/title>\n<meta name=\"description\" content=\"Comunicarse a trav\u00e9s de las redes sociales es cada vez m\u00e1s f\u00e1cil, verdad? Con la excusa del d\u00eda del emoji te contamos su historia!\" \/>\n<meta name=\"robots\" content=\"index, follow, max-snippet:-1, max-image-preview:large, max-video-preview:-1\" \/>\n<link rel=\"canonical\" href=\"https:\/\/totenart.com\/noticias\/historia-del-emoji-asi-empezo-todo\/\" \/>\n<meta property=\"og:locale\" content=\"es_ES\" \/>\n<meta property=\"og:type\" content=\"article\" \/>\n<meta property=\"og:title\" content=\"Historia del emoji: As\u00ed empez\u00f3 todo ;) - Noticias de Arte Totenart\" \/>\n<meta property=\"og:description\" content=\"Comunicarse a trav\u00e9s de las redes sociales es cada vez m\u00e1s f\u00e1cil, verdad? Con la excusa del d\u00eda del emoji te contamos su historia!\" \/>\n<meta property=\"og:url\" content=\"https:\/\/totenart.com\/noticias\/historia-del-emoji-asi-empezo-todo\/\" \/>\n<meta property=\"og:site_name\" content=\"Noticias de Arte Totenart\" \/>\n<meta property=\"article:published_time\" content=\"2024-08-16T05:00:02+00:00\" \/>\n<meta property=\"og:image\" content=\"https:\/\/totenart.com\/noticias\/wp-content\/uploads\/2019\/07\/totenart-cabecera-emoji-historia.jpg\" \/>\n\t<meta property=\"og:image:width\" content=\"720\" \/>\n\t<meta property=\"og:image:height\" content=\"300\" \/>\n\t<meta property=\"og:image:type\" content=\"image\/jpeg\" \/>\n<meta name=\"author\" content=\"Sara\" \/>\n<meta name=\"twitter:label1\" content=\"Escrito por\" \/>\n\t<meta name=\"twitter:data1\" content=\"Sara\" \/>\n\t<meta name=\"twitter:label2\" content=\"Tiempo de lectura\" \/>\n\t<meta name=\"twitter:data2\" content=\"4 minutos\" \/>\n<script type=\"application\/ld+json\" class=\"yoast-schema-graph\">{\"@context\":\"https:\/\/schema.org\",\"@graph\":[{\"@type\":\"Article\",\"@id\":\"https:\/\/totenart.com\/noticias\/historia-del-emoji-asi-empezo-todo\/#article\",\"isPartOf\":{\"@id\":\"https:\/\/totenart.com\/noticias\/historia-del-emoji-asi-empezo-todo\/\"},\"author\":{\"name\":\"Sara\",\"@id\":\"https:\/\/totenart.com\/noticias\/#\/schema\/person\/622627e79260ed84a9882a6e3cc51a65\"},\"headline\":\"Historia del emoji: As\u00ed empez\u00f3 todo ;)\",\"datePublished\":\"2024-08-16T05:00:02+00:00\",\"mainEntityOfPage\":{\"@id\":\"https:\/\/totenart.com\/noticias\/historia-del-emoji-asi-empezo-todo\/\"},\"wordCount\":602,\"commentCount\":6,\"image\":{\"@id\":\"https:\/\/totenart.com\/noticias\/historia-del-emoji-asi-empezo-todo\/#primaryimage\"},\"thumbnailUrl\":\"https:\/\/totenart.com\/noticias\/wp-content\/uploads\/2019\/07\/totenart-cabecera-emoji-historia.jpg\",\"keywords\":[\"Emoji\",\"historia\",\"lenguaje\"],\"articleSection\":[\"Formaci\u00f3n\",\"Movimientos Art\u00edsticos\"],\"inLanguage\":\"es\",\"potentialAction\":[{\"@type\":\"CommentAction\",\"name\":\"Comment\",\"target\":[\"https:\/\/totenart.com\/noticias\/historia-del-emoji-asi-empezo-todo\/#respond\"]}]},{\"@type\":\"WebPage\",\"@id\":\"https:\/\/totenart.com\/noticias\/historia-del-emoji-asi-empezo-todo\/\",\"url\":\"https:\/\/totenart.com\/noticias\/historia-del-emoji-asi-empezo-todo\/\",\"name\":\"Historia del emoji: As\u00ed empez\u00f3 todo ;) - Noticias de Arte Totenart\",\"isPartOf\":{\"@id\":\"https:\/\/totenart.com\/noticias\/#website\"},\"primaryImageOfPage\":{\"@id\":\"https:\/\/totenart.com\/noticias\/historia-del-emoji-asi-empezo-todo\/#primaryimage\"},\"image\":{\"@id\":\"https:\/\/totenart.com\/noticias\/historia-del-emoji-asi-empezo-todo\/#primaryimage\"},\"thumbnailUrl\":\"https:\/\/totenart.com\/noticias\/wp-content\/uploads\/2019\/07\/totenart-cabecera-emoji-historia.jpg\",\"datePublished\":\"2024-08-16T05:00:02+00:00\",\"author\":{\"@id\":\"https:\/\/totenart.com\/noticias\/#\/schema\/person\/622627e79260ed84a9882a6e3cc51a65\"},\"description\":\"Comunicarse a trav\u00e9s de las redes sociales es cada vez m\u00e1s f\u00e1cil, verdad? Con la excusa del d\u00eda del emoji te contamos su historia!\",\"breadcrumb\":{\"@id\":\"https:\/\/totenart.com\/noticias\/historia-del-emoji-asi-empezo-todo\/#breadcrumb\"},\"inLanguage\":\"es\",\"potentialAction\":[{\"@type\":\"ReadAction\",\"target\":[\"https:\/\/totenart.com\/noticias\/historia-del-emoji-asi-empezo-todo\/\"]}]},{\"@type\":\"ImageObject\",\"inLanguage\":\"es\",\"@id\":\"https:\/\/totenart.com\/noticias\/historia-del-emoji-asi-empezo-todo\/#primaryimage\",\"url\":\"https:\/\/totenart.com\/noticias\/wp-content\/uploads\/2019\/07\/totenart-cabecera-emoji-historia.jpg\",\"contentUrl\":\"https:\/\/totenart.com\/noticias\/wp-content\/uploads\/2019\/07\/totenart-cabecera-emoji-historia.jpg\",\"width\":720,\"height\":300},{\"@type\":\"BreadcrumbList\",\"@id\":\"https:\/\/totenart.com\/noticias\/historia-del-emoji-asi-empezo-todo\/#breadcrumb\",\"itemListElement\":[{\"@type\":\"ListItem\",\"position\":1,\"name\":\"Portada\",\"item\":\"https:\/\/totenart.com\/noticias\/\"},{\"@type\":\"ListItem\",\"position\":2,\"name\":\"Historia del emoji: As\u00ed empez\u00f3 todo ;)\"}]},{\"@type\":\"WebSite\",\"@id\":\"https:\/\/totenart.com\/noticias\/#website\",\"url\":\"https:\/\/totenart.com\/noticias\/\",\"name\":\"Noticias de Arte Totenart\",\"description\":\"Blog de noticias del mundo del arte: exposiciones, eventos, nuevos productos y materiales para artistas...\",\"potentialAction\":[{\"@type\":\"SearchAction\",\"target\":{\"@type\":\"EntryPoint\",\"urlTemplate\":\"https:\/\/totenart.com\/noticias\/?s={search_term_string}\"},\"query-input\":{\"@type\":\"PropertyValueSpecification\",\"valueRequired\":true,\"valueName\":\"search_term_string\"}}],\"inLanguage\":\"es\"},{\"@type\":\"Person\",\"@id\":\"https:\/\/totenart.com\/noticias\/#\/schema\/person\/622627e79260ed84a9882a6e3cc51a65\",\"name\":\"Sara\",\"image\":{\"@type\":\"ImageObject\",\"inLanguage\":\"es\",\"@id\":\"https:\/\/secure.gravatar.com\/avatar\/d501f370233ead0a61cfbd4b3b725cd713b3051133beb9360a17501a2bb17172?s=96&d=blank&r=r\",\"url\":\"https:\/\/secure.gravatar.com\/avatar\/d501f370233ead0a61cfbd4b3b725cd713b3051133beb9360a17501a2bb17172?s=96&d=blank&r=r\",\"contentUrl\":\"https:\/\/secure.gravatar.com\/avatar\/d501f370233ead0a61cfbd4b3b725cd713b3051133beb9360a17501a2bb17172?s=96&d=blank&r=r\",\"caption\":\"Sara\"},\"url\":\"https:\/\/totenart.com\/noticias\/author\/sara\/\"}]}<\/script>\n<!-- \/ Yoast SEO plugin. -->","yoast_head_json":{"title":"Historia del emoji: As\u00ed empez\u00f3 todo ;) - Noticias de Arte Totenart","description":"Comunicarse a trav\u00e9s de las redes sociales es cada vez m\u00e1s f\u00e1cil, verdad? Con la excusa del d\u00eda del emoji te contamos su historia!","robots":{"index":"index","follow":"follow","max-snippet":"max-snippet:-1","max-image-preview":"max-image-preview:large","max-video-preview":"max-video-preview:-1"},"canonical":"https:\/\/totenart.com\/noticias\/historia-del-emoji-asi-empezo-todo\/","og_locale":"es_ES","og_type":"article","og_title":"Historia del emoji: As\u00ed empez\u00f3 todo ;) - Noticias de Arte Totenart","og_description":"Comunicarse a trav\u00e9s de las redes sociales es cada vez m\u00e1s f\u00e1cil, verdad? Con la excusa del d\u00eda del emoji te contamos su historia!","og_url":"https:\/\/totenart.com\/noticias\/historia-del-emoji-asi-empezo-todo\/","og_site_name":"Noticias de Arte Totenart","article_published_time":"2024-08-16T05:00:02+00:00","og_image":[{"width":720,"height":300,"url":"https:\/\/totenart.com\/noticias\/wp-content\/uploads\/2019\/07\/totenart-cabecera-emoji-historia.jpg","type":"image\/jpeg"}],"author":"Sara","twitter_misc":{"Escrito por":"Sara","Tiempo de lectura":"4 minutos"},"schema":{"@context":"https:\/\/schema.org","@graph":[{"@type":"Article","@id":"https:\/\/totenart.com\/noticias\/historia-del-emoji-asi-empezo-todo\/#article","isPartOf":{"@id":"https:\/\/totenart.com\/noticias\/historia-del-emoji-asi-empezo-todo\/"},"author":{"name":"Sara","@id":"https:\/\/totenart.com\/noticias\/#\/schema\/person\/622627e79260ed84a9882a6e3cc51a65"},"headline":"Historia del emoji: As\u00ed empez\u00f3 todo ;)","datePublished":"2024-08-16T05:00:02+00:00","mainEntityOfPage":{"@id":"https:\/\/totenart.com\/noticias\/historia-del-emoji-asi-empezo-todo\/"},"wordCount":602,"commentCount":6,"image":{"@id":"https:\/\/totenart.com\/noticias\/historia-del-emoji-asi-empezo-todo\/#primaryimage"},"thumbnailUrl":"https:\/\/totenart.com\/noticias\/wp-content\/uploads\/2019\/07\/totenart-cabecera-emoji-historia.jpg","keywords":["Emoji","historia","lenguaje"],"articleSection":["Formaci\u00f3n","Movimientos Art\u00edsticos"],"inLanguage":"es","potentialAction":[{"@type":"CommentAction","name":"Comment","target":["https:\/\/totenart.com\/noticias\/historia-del-emoji-asi-empezo-todo\/#respond"]}]},{"@type":"WebPage","@id":"https:\/\/totenart.com\/noticias\/historia-del-emoji-asi-empezo-todo\/","url":"https:\/\/totenart.com\/noticias\/historia-del-emoji-asi-empezo-todo\/","name":"Historia del emoji: As\u00ed empez\u00f3 todo ;) - Noticias de Arte Totenart","isPartOf":{"@id":"https:\/\/totenart.com\/noticias\/#website"},"primaryImageOfPage":{"@id":"https:\/\/totenart.com\/noticias\/historia-del-emoji-asi-empezo-todo\/#primaryimage"},"image":{"@id":"https:\/\/totenart.com\/noticias\/historia-del-emoji-asi-empezo-todo\/#primaryimage"},"thumbnailUrl":"https:\/\/totenart.com\/noticias\/wp-content\/uploads\/2019\/07\/totenart-cabecera-emoji-historia.jpg","datePublished":"2024-08-16T05:00:02+00:00","author":{"@id":"https:\/\/totenart.com\/noticias\/#\/schema\/person\/622627e79260ed84a9882a6e3cc51a65"},"description":"Comunicarse a trav\u00e9s de las redes sociales es cada vez m\u00e1s f\u00e1cil, verdad? Con la excusa del d\u00eda del emoji te contamos su historia!","breadcrumb":{"@id":"https:\/\/totenart.com\/noticias\/historia-del-emoji-asi-empezo-todo\/#breadcrumb"},"inLanguage":"es","potentialAction":[{"@type":"ReadAction","target":["https:\/\/totenart.com\/noticias\/historia-del-emoji-asi-empezo-todo\/"]}]},{"@type":"ImageObject","inLanguage":"es","@id":"https:\/\/totenart.com\/noticias\/historia-del-emoji-asi-empezo-todo\/#primaryimage","url":"https:\/\/totenart.com\/noticias\/wp-content\/uploads\/2019\/07\/totenart-cabecera-emoji-historia.jpg","contentUrl":"https:\/\/totenart.com\/noticias\/wp-content\/uploads\/2019\/07\/totenart-cabecera-emoji-historia.jpg","width":720,"height":300},{"@type":"BreadcrumbList","@id":"https:\/\/totenart.com\/noticias\/historia-del-emoji-asi-empezo-todo\/#breadcrumb","itemListElement":[{"@type":"ListItem","position":1,"name":"Portada","item":"https:\/\/totenart.com\/noticias\/"},{"@type":"ListItem","position":2,"name":"Historia del emoji: As\u00ed empez\u00f3 todo ;)"}]},{"@type":"WebSite","@id":"https:\/\/totenart.com\/noticias\/#website","url":"https:\/\/totenart.com\/noticias\/","name":"Noticias de Arte Totenart","description":"Blog de noticias del mundo del arte: exposiciones, eventos, nuevos productos y materiales para artistas...","potentialAction":[{"@type":"SearchAction","target":{"@type":"EntryPoint","urlTemplate":"https:\/\/totenart.com\/noticias\/?s={search_term_string}"},"query-input":{"@type":"PropertyValueSpecification","valueRequired":true,"valueName":"search_term_string"}}],"inLanguage":"es"},{"@type":"Person","@id":"https:\/\/totenart.com\/noticias\/#\/schema\/person\/622627e79260ed84a9882a6e3cc51a65","name":"Sara","image":{"@type":"ImageObject","inLanguage":"es","@id":"https:\/\/secure.gravatar.com\/avatar\/d501f370233ead0a61cfbd4b3b725cd713b3051133beb9360a17501a2bb17172?s=96&d=blank&r=r","url":"https:\/\/secure.gravatar.com\/avatar\/d501f370233ead0a61cfbd4b3b725cd713b3051133beb9360a17501a2bb17172?s=96&d=blank&r=r","contentUrl":"https:\/\/secure.gravatar.com\/avatar\/d501f370233ead0a61cfbd4b3b725cd713b3051133beb9360a17501a2bb17172?s=96&d=blank&r=r","caption":"Sara"},"url":"https:\/\/totenart.com\/noticias\/author\/sara\/"}]}},"_links":{"self":[{"href":"https:\/\/totenart.com\/noticias\/wp-json\/wp\/v2\/posts\/9740","targetHints":{"allow":["GET"]}}],"collection":[{"href":"https:\/\/totenart.com\/noticias\/wp-json\/wp\/v2\/posts"}],"about":[{"href":"https:\/\/totenart.com\/noticias\/wp-json\/wp\/v2\/types\/post"}],"author":[{"embeddable":true,"href":"https:\/\/totenart.com\/noticias\/wp-json\/wp\/v2\/users\/13"}],"replies":[{"embeddable":true,"href":"https:\/\/totenart.com\/noticias\/wp-json\/wp\/v2\/comments?post=9740"}],"version-history":[{"count":2,"href":"https:\/\/totenart.com\/noticias\/wp-json\/wp\/v2\/posts\/9740\/revisions"}],"predecessor-version":[{"id":15291,"href":"https:\/\/totenart.com\/noticias\/wp-json\/wp\/v2\/posts\/9740\/revisions\/15291"}],"wp:featuredmedia":[{"embeddable":true,"href":"https:\/\/totenart.com\/noticias\/wp-json\/wp\/v2\/media\/15288"}],"wp:attachment":[{"href":"https:\/\/totenart.com\/noticias\/wp-json\/wp\/v2\/media?parent=9740"}],"wp:term":[{"taxonomy":"category","embeddable":true,"href":"https:\/\/totenart.com\/noticias\/wp-json\/wp\/v2\/categories?post=9740"},{"taxonomy":"post_tag","embeddable":true,"href":"https:\/\/totenart.com\/noticias\/wp-json\/wp\/v2\/tags?post=9740"}],"curies":[{"name":"wp","href":"https:\/\/api.w.org\/{rel}","templated":true}]}}